{"id":909,"date":"2016-03-24T18:10:19","date_gmt":"2016-03-24T18:10:19","guid":{"rendered":"http:\/\/sentiers05.fr\/?p=909"},"modified":"2016-03-24T18:10:19","modified_gmt":"2016-03-24T18:10:19","slug":"le-saut-du-laire","status":"publish","type":"post","link":"https:\/\/sentiers05.fr\/index.php\/2016\/03\/24\/le-saut-du-laire\/","title":{"rendered":"Le Saut du Laire"},"content":{"rendered":"<p style=\"text-align: justify;\"><a href=\"https:\/\/sentiers05.fr\/wp-content\/uploads\/2016\/03\/3654.jpg\" rel=\"attachment wp-att-905\"><img loading=\"lazy\" decoding=\"async\" class=\"aligncenter size-thumbnail wp-image-905\" src=\"https:\/\/sentiers05.fr\/wp-content\/uploads\/2016\/03\/3654-200x200.jpg\" alt=\"3654\" width=\"200\" height=\"200\" \/><\/a>Sortie raquettes du jeudi 24 mars 2016 anim\u00e9e par Chantal SICARD <!--more-->avec Bernadette B, Christian D, Patricia N et Serge F.<\/p>\n<p style=\"text-align: justify;\">Compte rendu r\u00e9dig\u00e9 par Chantal Sicard.<\/p>\n<p style=\"text-align: justify;\">RdV \u00e0 9h \u00e0 Leclerc pour les 4 gapen\u00e7ais, qui retrouvent Chantal \u00e0 Pont du Foss\u00e9, changent de voiture &#8211; Kango un peu plus spacieux pour 5 personnes et les sacs, et les raquettes et les b\u00e2tons &#8211; pour aller jusqu\u2019\u00e0 Prapic (1557m). En cette saison on peut monter sur la place du village d\u2019o\u00f9 nous partons lorsque le clocher annonce 10 h. La travers\u00e9e du village et la mont\u00e9e jusqu\u2019\u00e0 l\u2019oratoire se fait en chaussures car il y a assez peu de neige. Nous chaussons les raquettes au d\u00e9but du plateau de Charri\u00e8res, que nous traversons avec un d\u00e9but de beau soleil &#8211; il ne nous quittera pas de la journ\u00e9e &#8211; et nous aurons presque trop chaud au retour!<a href=\"https:\/\/sentiers05.fr\/wp-content\/uploads\/2016\/03\/3646.jpg\" rel=\"attachment wp-att-900\"><img loading=\"lazy\" decoding=\"async\" class=\"aligncenter size-large wp-image-900\" src=\"https:\/\/sentiers05.fr\/wp-content\/uploads\/2016\/03\/3646-584x438.jpg\" alt=\"3646\" width=\"584\" height=\"438\" srcset=\"https:\/\/sentiers05.fr\/wp-content\/uploads\/2016\/03\/3646-584x438.jpg 584w, https:\/\/sentiers05.fr\/wp-content\/uploads\/2016\/03\/3646-300x225.jpg 300w, https:\/\/sentiers05.fr\/wp-content\/uploads\/2016\/03\/3646-1200x900.jpg 1200w, https:\/\/sentiers05.fr\/wp-content\/uploads\/2016\/03\/3646.jpg 1306w\" sizes=\"auto, (max-width: 584px) 85vw, 584px\" \/><\/a><a href=\"https:\/\/sentiers05.fr\/wp-content\/uploads\/2016\/03\/3647.jpg\" rel=\"attachment wp-att-901\"><img loading=\"lazy\" decoding=\"async\" class=\"aligncenter size-large wp-image-901\" src=\"https:\/\/sentiers05.fr\/wp-content\/uploads\/2016\/03\/3647-584x438.jpg\" alt=\"3647\" width=\"584\" height=\"438\" srcset=\"https:\/\/sentiers05.fr\/wp-content\/uploads\/2016\/03\/3647-584x438.jpg 584w, https:\/\/sentiers05.fr\/wp-content\/uploads\/2016\/03\/3647-300x225.jpg 300w, https:\/\/sentiers05.fr\/wp-content\/uploads\/2016\/03\/3647-1200x900.jpg 1200w, https:\/\/sentiers05.fr\/wp-content\/uploads\/2016\/03\/3647.jpg 1306w\" sizes=\"auto, (max-width: 584px) 85vw, 584px\" \/><\/a>Une heure 10 pour atteindre la Chapelle de la Saulce <em>dont voici l\u2019explication\u00a0: salce ou saulce est un mot occitan qui indique une source sal\u00e9e ou un lieu o\u00f9 on donne le sel aux animaux ou encore un lieu o\u00f9 l\u2019herbe est naturellement sal\u00e9e et que les animaux sauvages viennent l\u00e9cher. Cela peut aussi nommer un lieu plant\u00e9 de saules<\/em>. (tir\u00e9 du livre d\u2019Andr\u00e9 Faure)<a href=\"https:\/\/sentiers05.fr\/wp-content\/uploads\/2016\/03\/3648.jpg\" rel=\"attachment wp-att-902\"><img loading=\"lazy\" decoding=\"async\" class=\"aligncenter size-large wp-image-902\" src=\"https:\/\/sentiers05.fr\/wp-content\/uploads\/2016\/03\/3648-584x438.jpg\" alt=\"3648\" width=\"584\" height=\"438\" srcset=\"https:\/\/sentiers05.fr\/wp-content\/uploads\/2016\/03\/3648-584x438.jpg 584w, https:\/\/sentiers05.fr\/wp-content\/uploads\/2016\/03\/3648-300x225.jpg 300w, https:\/\/sentiers05.fr\/wp-content\/uploads\/2016\/03\/3648-1200x900.jpg 1200w, https:\/\/sentiers05.fr\/wp-content\/uploads\/2016\/03\/3648.jpg 1306w\" sizes=\"auto, (max-width: 584px) 85vw, 584px\" \/><\/a>On se restaure un peu et on continue jusqu\u2019au Saut du La\u00efre (1886m) que l\u2019on atteint \u00e0 midi.<a href=\"https:\/\/sentiers05.fr\/wp-content\/uploads\/2016\/03\/3649.jpg\" rel=\"attachment wp-att-903\"><img loading=\"lazy\" decoding=\"async\" class=\"aligncenter size-large wp-image-903\" src=\"https:\/\/sentiers05.fr\/wp-content\/uploads\/2016\/03\/3649-584x438.jpg\" alt=\"3649\" width=\"584\" height=\"438\" srcset=\"https:\/\/sentiers05.fr\/wp-content\/uploads\/2016\/03\/3649-584x438.jpg 584w, https:\/\/sentiers05.fr\/wp-content\/uploads\/2016\/03\/3649-300x225.jpg 300w, https:\/\/sentiers05.fr\/wp-content\/uploads\/2016\/03\/3649-1200x900.jpg 1200w, https:\/\/sentiers05.fr\/wp-content\/uploads\/2016\/03\/3649.jpg 1306w\" sizes=\"auto, (max-width: 584px) 85vw, 584px\" \/><\/a>C\u2019est bien\u00a0! car c\u2019est pile l\u2019heure de l\u2019ap\u00e9ro\u00a0!<br \/>\nOn cherche un coin pour le pique nique et c\u2019est devant la bergerie que l\u2019on trouve un banc et une palette pour s\u2019isoler un peu de la neige (mat\u00e9riel qu\u2019on remettra en place en partant bien s\u00fbr).<a href=\"https:\/\/sentiers05.fr\/wp-content\/uploads\/2016\/03\/3651.jpg\" rel=\"attachment wp-att-904\"><img loading=\"lazy\" decoding=\"async\" class=\"aligncenter size-large wp-image-904\" src=\"https:\/\/sentiers05.fr\/wp-content\/uploads\/2016\/03\/3651-584x438.jpg\" alt=\"3651\" width=\"584\" height=\"438\" srcset=\"https:\/\/sentiers05.fr\/wp-content\/uploads\/2016\/03\/3651-584x438.jpg 584w, https:\/\/sentiers05.fr\/wp-content\/uploads\/2016\/03\/3651-300x225.jpg 300w, https:\/\/sentiers05.fr\/wp-content\/uploads\/2016\/03\/3651-1200x900.jpg 1200w, https:\/\/sentiers05.fr\/wp-content\/uploads\/2016\/03\/3651.jpg 1306w\" sizes=\"auto, (max-width: 584px) 85vw, 584px\" \/><\/a>Le chemin de retour commence par la rive gauche du Drac<a href=\"https:\/\/sentiers05.fr\/wp-content\/uploads\/2016\/03\/3656.jpg\" rel=\"attachment wp-att-906\"><img loading=\"lazy\" decoding=\"async\" class=\"aligncenter size-large wp-image-906\" src=\"https:\/\/sentiers05.fr\/wp-content\/uploads\/2016\/03\/3656-584x438.jpg\" alt=\"3656\" width=\"584\" height=\"438\" srcset=\"https:\/\/sentiers05.fr\/wp-content\/uploads\/2016\/03\/3656-584x438.jpg 584w, https:\/\/sentiers05.fr\/wp-content\/uploads\/2016\/03\/3656-300x225.jpg 300w, https:\/\/sentiers05.fr\/wp-content\/uploads\/2016\/03\/3656-1200x900.jpg 1200w, https:\/\/sentiers05.fr\/wp-content\/uploads\/2016\/03\/3656.jpg 1306w\" sizes=\"auto, (max-width: 584px) 85vw, 584px\" \/><\/a><a href=\"https:\/\/sentiers05.fr\/wp-content\/uploads\/2016\/03\/3657.jpg\" rel=\"attachment wp-att-907\"><img loading=\"lazy\" decoding=\"async\" class=\"aligncenter size-large wp-image-907\" src=\"https:\/\/sentiers05.fr\/wp-content\/uploads\/2016\/03\/3657-584x438.jpg\" alt=\"3657\" width=\"584\" height=\"438\" srcset=\"https:\/\/sentiers05.fr\/wp-content\/uploads\/2016\/03\/3657-584x438.jpg 584w, https:\/\/sentiers05.fr\/wp-content\/uploads\/2016\/03\/3657-300x225.jpg 300w, https:\/\/sentiers05.fr\/wp-content\/uploads\/2016\/03\/3657-1200x900.jpg 1200w, https:\/\/sentiers05.fr\/wp-content\/uploads\/2016\/03\/3657.jpg 1306w\" sizes=\"auto, (max-width: 584px) 85vw, 584px\" \/><\/a>puis rejoint le chemin \u00ab\u00a0aller\u00a0\u00bb sur la rive droite, \u00e0 la hauteur de la Chapelle.<a href=\"https:\/\/sentiers05.fr\/wp-content\/uploads\/2016\/03\/3660.jpg\" rel=\"attachment wp-att-908\"><img loading=\"lazy\" decoding=\"async\" class=\"aligncenter size-large wp-image-908\" src=\"https:\/\/sentiers05.fr\/wp-content\/uploads\/2016\/03\/3660-584x438.jpg\" alt=\"3660\" width=\"584\" height=\"438\" srcset=\"https:\/\/sentiers05.fr\/wp-content\/uploads\/2016\/03\/3660-584x438.jpg 584w, https:\/\/sentiers05.fr\/wp-content\/uploads\/2016\/03\/3660-300x225.jpg 300w, https:\/\/sentiers05.fr\/wp-content\/uploads\/2016\/03\/3660-1200x900.jpg 1200w, https:\/\/sentiers05.fr\/wp-content\/uploads\/2016\/03\/3660.jpg 1306w\" sizes=\"auto, (max-width: 584px) 85vw, 584px\" \/><\/a>Redescente vers le village o\u00f9 nous arrivons quand le clocher sonne 15h. Une belle petite balade, s\u00fbrement une des derni\u00e8res en raquettes dans la Champsaur!<\/p>\n<p style=\"text-align: justify;\">4h de marche, 430m de d\u00e9nivel\u00e9 cumul\u00e9, 9km parcourus.<\/p>\n","protected":false},"excerpt":{"rendered":"<p>Sortie raquettes du jeudi 24 mars 2016 anim\u00e9e par Chantal SICARD<\/p>\n","protected":false},"author":2,"featured_media":0,"comment_status":"closed","ping_status":"open","sticky":false,"template":"","format":"standard","meta":{"footnotes":""},"categories":[4],"tags":[],"class_list":["post-909","post","type-post","status-publish","format-standard","hentry","category-raquettes"],"_links":{"self":[{"href":"https:\/\/sentiers05.fr\/index.php\/wp-json\/wp\/v2\/posts\/909","targetHints":{"allow":["GET"]}}],"collection":[{"href":"https:\/\/sentiers05.fr\/index.php\/wp-json\/wp\/v2\/posts"}],"about":[{"href":"https:\/\/sentiers05.fr\/index.php\/wp-json\/wp\/v2\/types\/post"}],"author":[{"embeddable":true,"href":"https:\/\/sentiers05.fr\/index.php\/wp-json\/wp\/v2\/users\/2"}],"replies":[{"embeddable":true,"href":"https:\/\/sentiers05.fr\/index.php\/wp-json\/wp\/v2\/comments?post=909"}],"version-history":[{"count":1,"href":"https:\/\/sentiers05.fr\/index.php\/wp-json\/wp\/v2\/posts\/909\/revisions"}],"predecessor-version":[{"id":910,"href":"https:\/\/sentiers05.fr\/index.php\/wp-json\/wp\/v2\/posts\/909\/revisions\/910"}],"wp:attachment":[{"href":"https:\/\/sentiers05.fr\/index.php\/wp-json\/wp\/v2\/media?parent=909"}],"wp:term":[{"taxonomy":"category","embeddable":true,"href":"https:\/\/sentiers05.fr\/index.php\/wp-json\/wp\/v2\/categories?post=909"},{"taxonomy":"post_tag","embeddable":true,"href":"https:\/\/sentiers05.fr\/index.php\/wp-json\/wp\/v2\/tags?post=909"}],"curies":[{"name":"wp","href":"https:\/\/api.w.org\/{rel}","templated":true}]}}