{"id":823,"date":"2016-03-11T14:15:13","date_gmt":"2016-03-11T14:15:13","guid":{"rendered":"http:\/\/sentiers05.fr\/?p=823"},"modified":"2016-03-16T13:31:35","modified_gmt":"2016-03-16T13:31:35","slug":"sommet-bucher","status":"publish","type":"post","link":"https:\/\/sentiers05.fr\/index.php\/2016\/03\/11\/sommet-bucher\/","title":{"rendered":"Sommet Bucher"},"content":{"rendered":"<p><a href=\"https:\/\/sentiers05.fr\/wp-content\/uploads\/2016\/03\/3552.jpg\" rel=\"attachment wp-att-849\"><img loading=\"lazy\" decoding=\"async\" class=\"aligncenter size-thumbnail wp-image-849\" src=\"https:\/\/sentiers05.fr\/wp-content\/uploads\/2016\/03\/3552-200x200.jpg\" alt=\"3552\" width=\"200\" height=\"200\" \/><\/a>Sortie raquettes du vendredi 11 mars 2016 anim\u00e9e par Jacqueline DERANCOURT <!--more-->avec Alain, Bernadette, Christian, Louise, Patricia, Marie et Serge.<br \/>\nSommet Bucher au d\u00e9part de Molines en Queyras.<br \/>\nDeniv 650m, tps marche 5h, dist 9km.<br \/>\nVoici la seconde journ\u00e9e de notre court s\u00e9jour.<br \/>\nEncore et toujours le Queyras! On ne s&rsquo;en lasse pas!<br \/>\nD\u00e9part \u00e0 9h de Molines. Travers\u00e9e de l&rsquo;Aigue Blanche sur un petit pont surplombant quelques miroirs de glace au fond du torrent.<br \/>\nEt aussit\u00f4t, magnifique trace qui serpente dans le bois de St Simon.<br \/>\nCertaines parties sont un peu raides mais on n&rsquo;arr\u00eate pas si vite le randonneur motiv\u00e9 par cette belle neige immacul\u00e9e!<a href=\"https:\/\/sentiers05.fr\/wp-content\/uploads\/2016\/03\/3541.jpg\" rel=\"attachment wp-att-845\"><img loading=\"lazy\" decoding=\"async\" class=\"aligncenter size-large wp-image-845\" src=\"https:\/\/sentiers05.fr\/wp-content\/uploads\/2016\/03\/3541-584x438.jpg\" alt=\"3541\" width=\"584\" height=\"438\" srcset=\"https:\/\/sentiers05.fr\/wp-content\/uploads\/2016\/03\/3541-584x438.jpg 584w, https:\/\/sentiers05.fr\/wp-content\/uploads\/2016\/03\/3541-300x225.jpg 300w, https:\/\/sentiers05.fr\/wp-content\/uploads\/2016\/03\/3541.jpg 1152w\" sizes=\"auto, (max-width: 584px) 85vw, 584px\" \/><\/a>Le paysage qui se d\u00e9ploie sur notre droite tout au long de la mont\u00e9e nous laisse admirer les 2 vall\u00e9es: Aigue Blanche et Aigue Agnelle, ponctu\u00e9es de hameaux surplomb\u00e9s de hauts sommets: La Chalp, Le Roux, St V\u00e9ran pour l&rsquo;une, Pierre Grosse, Le Coin, Fontgillarde pour l&rsquo;autre.<br \/>\nAu loin, dans une l\u00e9g\u00e8re brume, le Pain de Sucre et le Viso . Mais oui, c&rsquo;est bien lui, le seigneur des lieux! Il h\u00e9site \u00e0 se d\u00e9voiler tant il aime \u00e0 se faire discret.<a href=\"https:\/\/sentiers05.fr\/wp-content\/uploads\/2016\/03\/3549.jpg\" rel=\"attachment wp-att-848\"><img loading=\"lazy\" decoding=\"async\" class=\"aligncenter size-large wp-image-848\" src=\"https:\/\/sentiers05.fr\/wp-content\/uploads\/2016\/03\/3549-584x437.jpg\" alt=\"3549\" width=\"584\" height=\"437\" srcset=\"https:\/\/sentiers05.fr\/wp-content\/uploads\/2016\/03\/3549-584x437.jpg 584w, https:\/\/sentiers05.fr\/wp-content\/uploads\/2016\/03\/3549-300x225.jpg 300w, https:\/\/sentiers05.fr\/wp-content\/uploads\/2016\/03\/3549-1200x899.jpg 1200w, https:\/\/sentiers05.fr\/wp-content\/uploads\/2016\/03\/3549.jpg 1538w\" sizes=\"auto, (max-width: 584px) 85vw, 584px\" \/><\/a>Sans compter les innombrables sommets d\u00e9passant les 3000m. Notre amie Louise, originaire du pays, est capable de nous les nommer. Un festival sous nos yeux admiratifs!<br \/>\nMais le plus beau reste \u00e0 d\u00e9couvrir: \u00e0 l&rsquo;or\u00e9e du bois, dans une vaste clairi\u00e8re immacul\u00e9e , se niche Le Clot Henri, ravissante maisonnette tapie \u00e0 2090m, restaur\u00e9e et am\u00e9nag\u00e9e par des habitants du village (fondation du Patrimoine).<a href=\"https:\/\/sentiers05.fr\/wp-content\/uploads\/2016\/03\/3542.jpg\" rel=\"attachment wp-att-846\"><img loading=\"lazy\" decoding=\"async\" class=\"aligncenter size-large wp-image-846\" src=\"https:\/\/sentiers05.fr\/wp-content\/uploads\/2016\/03\/3542-584x438.jpg\" alt=\"3542\" width=\"584\" height=\"438\" srcset=\"https:\/\/sentiers05.fr\/wp-content\/uploads\/2016\/03\/3542-584x438.jpg 584w, https:\/\/sentiers05.fr\/wp-content\/uploads\/2016\/03\/3542-300x225.jpg 300w, https:\/\/sentiers05.fr\/wp-content\/uploads\/2016\/03\/3542.jpg 1152w\" sizes=\"auto, (max-width: 584px) 85vw, 584px\" \/><\/a> Nous consignons notre enthousiasme devant ce lieu magique sur le livre d&rsquo;or plac\u00e9 \u00e0 l&rsquo;int\u00e9rieur. Trace de notre passage.<br \/>\n<a href=\"https:\/\/sentiers05.fr\/wp-content\/uploads\/2016\/03\/3543.jpg\" rel=\"attachment wp-att-847\"><img loading=\"lazy\" decoding=\"async\" class=\"aligncenter size-large wp-image-847\" src=\"https:\/\/sentiers05.fr\/wp-content\/uploads\/2016\/03\/3543-584x438.jpg\" alt=\"3543\" width=\"584\" height=\"438\" srcset=\"https:\/\/sentiers05.fr\/wp-content\/uploads\/2016\/03\/3543-584x438.jpg 584w, https:\/\/sentiers05.fr\/wp-content\/uploads\/2016\/03\/3543-300x225.jpg 300w, https:\/\/sentiers05.fr\/wp-content\/uploads\/2016\/03\/3543.jpg 1152w\" sizes=\"auto, (max-width: 584px) 85vw, 584px\" \/><\/a>Nous continuons notre progression jusqu&rsquo;au col du Pr\u00e9 Fromage et le Sommet Bucher 2254m. Nous limiterons notre ascension \u00e0 2226m par mesure de prudence: pente raide et aussi, faut-il l&rsquo;avouer, manque de courage pour le dernier raidillon! Mais de l\u00e0, la vue \u00e0 360\u00b0 ne nous prive de rien: dent du Ratier, et en dernier plan le Pelvoux et les Ecrins. Que demander de plus? <a href=\"https:\/\/sentiers05.fr\/wp-content\/uploads\/2016\/03\/3553.jpg\" rel=\"attachment wp-att-850\"><img loading=\"lazy\" decoding=\"async\" class=\"aligncenter size-large wp-image-850\" src=\"https:\/\/sentiers05.fr\/wp-content\/uploads\/2016\/03\/3553-584x438.jpg\" alt=\"3553\" width=\"584\" height=\"438\" srcset=\"https:\/\/sentiers05.fr\/wp-content\/uploads\/2016\/03\/3553-584x438.jpg 584w, https:\/\/sentiers05.fr\/wp-content\/uploads\/2016\/03\/3553-300x225.jpg 300w, https:\/\/sentiers05.fr\/wp-content\/uploads\/2016\/03\/3553.jpg 1152w\" sizes=\"auto, (max-width: 584px) 85vw, 584px\" \/><\/a>Soudain la petite bise des sommets nous rappelle qu&rsquo;il est temps de chercher un abri pour nous restaurer et nous redescendons au col o\u00f9 le couvert d&rsquo;un chalet nous assurera un repos r\u00e9parateur.<a href=\"https:\/\/sentiers05.fr\/wp-content\/uploads\/2016\/03\/3554.jpg\" rel=\"attachment wp-att-851\"><img loading=\"lazy\" decoding=\"async\" class=\"aligncenter size-large wp-image-851\" src=\"https:\/\/sentiers05.fr\/wp-content\/uploads\/2016\/03\/3554-584x438.jpg\" alt=\"3554\" width=\"584\" height=\"438\" srcset=\"https:\/\/sentiers05.fr\/wp-content\/uploads\/2016\/03\/3554-584x438.jpg 584w, https:\/\/sentiers05.fr\/wp-content\/uploads\/2016\/03\/3554-300x225.jpg 300w, https:\/\/sentiers05.fr\/wp-content\/uploads\/2016\/03\/3554.jpg 1152w\" sizes=\"auto, (max-width: 584px) 85vw, 584px\" \/><\/a>Notre p\u00e9riple ne s&rsquo;arr\u00eate pas l\u00e0 : nous souhaitons aller \u00e0 la chapelle St Simon \u00e0 2196m, par une trace en balcon.<a href=\"https:\/\/sentiers05.fr\/wp-content\/uploads\/2016\/03\/3556.jpg\" rel=\"attachment wp-att-852\"><img loading=\"lazy\" decoding=\"async\" class=\"aligncenter size-large wp-image-852\" src=\"https:\/\/sentiers05.fr\/wp-content\/uploads\/2016\/03\/3556-584x438.jpg\" alt=\"3556\" width=\"584\" height=\"438\" srcset=\"https:\/\/sentiers05.fr\/wp-content\/uploads\/2016\/03\/3556-584x438.jpg 584w, https:\/\/sentiers05.fr\/wp-content\/uploads\/2016\/03\/3556-300x225.jpg 300w, https:\/\/sentiers05.fr\/wp-content\/uploads\/2016\/03\/3556.jpg 1152w\" sizes=\"auto, (max-width: 584px) 85vw, 584px\" \/><\/a> Petit arr\u00eat et nous entamons la descente en empruntant un tr\u00e8s pittoresque itin\u00e9raire \u00e0 travers bois dans le ravissement de la poudreuse.<a href=\"https:\/\/sentiers05.fr\/wp-content\/uploads\/2016\/03\/3558.jpg\" rel=\"attachment wp-att-853\"><img loading=\"lazy\" decoding=\"async\" class=\"aligncenter size-large wp-image-853\" src=\"https:\/\/sentiers05.fr\/wp-content\/uploads\/2016\/03\/3558-584x438.jpg\" alt=\"3558\" width=\"584\" height=\"438\" srcset=\"https:\/\/sentiers05.fr\/wp-content\/uploads\/2016\/03\/3558-584x438.jpg 584w, https:\/\/sentiers05.fr\/wp-content\/uploads\/2016\/03\/3558-300x225.jpg 300w, https:\/\/sentiers05.fr\/wp-content\/uploads\/2016\/03\/3558.jpg 1152w\" sizes=\"auto, (max-width: 584px) 85vw, 584px\" \/><\/a>Il est temps de rejoindre le d\u00e9part en obliquant en direction de La R\u00fba, hameau construit de chalets anciens en m\u00e9l\u00e8ze dans la pure tradition queyrassine.<br \/>\nCes 2 journ\u00e9es nous ont confort\u00e9es dans notre d\u00e9cision du choix du Queyras, en cette date particuli\u00e8rement favorable.<\/p>\n","protected":false},"excerpt":{"rendered":"<p>Sortie raquettes du vendredi 11 mars 2016 anim\u00e9e par Jacqueline DERANCOURT<\/p>\n","protected":false},"author":11,"featured_media":0,"comment_status":"closed","ping_status":"open","sticky":false,"template":"","format":"standard","meta":{"footnotes":""},"categories":[4],"tags":[],"class_list":["post-823","post","type-post","status-publish","format-standard","hentry","category-raquettes"],"_links":{"self":[{"href":"https:\/\/sentiers05.fr\/index.php\/wp-json\/wp\/v2\/posts\/823","targetHints":{"allow":["GET"]}}],"collection":[{"href":"https:\/\/sentiers05.fr\/index.php\/wp-json\/wp\/v2\/posts"}],"about":[{"href":"https:\/\/sentiers05.fr\/index.php\/wp-json\/wp\/v2\/types\/post"}],"author":[{"embeddable":true,"href":"https:\/\/sentiers05.fr\/index.php\/wp-json\/wp\/v2\/users\/11"}],"replies":[{"embeddable":true,"href":"https:\/\/sentiers05.fr\/index.php\/wp-json\/wp\/v2\/comments?post=823"}],"version-history":[{"count":7,"href":"https:\/\/sentiers05.fr\/index.php\/wp-json\/wp\/v2\/posts\/823\/revisions"}],"predecessor-version":[{"id":861,"href":"https:\/\/sentiers05.fr\/index.php\/wp-json\/wp\/v2\/posts\/823\/revisions\/861"}],"wp:attachment":[{"href":"https:\/\/sentiers05.fr\/index.php\/wp-json\/wp\/v2\/media?parent=823"}],"wp:term":[{"taxonomy":"category","embeddable":true,"href":"https:\/\/sentiers05.fr\/index.php\/wp-json\/wp\/v2\/categories?post=823"},{"taxonomy":"post_tag","embeddable":true,"href":"https:\/\/sentiers05.fr\/index.php\/wp-json\/wp\/v2\/tags?post=823"}],"curies":[{"name":"wp","href":"https:\/\/api.w.org\/{rel}","templated":true}]}}