{"id":821,"date":"2016-03-10T20:27:20","date_gmt":"2016-03-10T20:27:20","guid":{"rendered":"http:\/\/sentiers05.fr\/?p=821"},"modified":"2016-03-12T16:30:51","modified_gmt":"2016-03-12T16:30:51","slug":"clapeyto","status":"publish","type":"post","link":"https:\/\/sentiers05.fr\/index.php\/2016\/03\/10\/clapeyto\/","title":{"rendered":"Clapeyto"},"content":{"rendered":"<p><a href=\"https:\/\/sentiers05.fr\/wp-content\/uploads\/2016\/03\/3528.jpg\" rel=\"attachment wp-att-832\"><img loading=\"lazy\" decoding=\"async\" class=\"aligncenter size-thumbnail wp-image-832\" src=\"https:\/\/sentiers05.fr\/wp-content\/uploads\/2016\/03\/3528-200x200.jpg\" alt=\"3528\" width=\"200\" height=\"200\" \/><\/a>Sortie raquettes du jeudi 10 mars 2016 anim\u00e9e par Jacqueline DERANCOURT <!--more-->avec Alain, Bernadette, Christian, Patricia, Marie et Serge, au d\u00e9part de Brunissard (Arvieux- Queyras).<br \/>\nDeniv 640m, dist 11,5km, tps marche 6h.<a href=\"https:\/\/sentiers05.fr\/wp-content\/uploads\/2016\/03\/42-30-Clapeyto.jpg\" rel=\"attachment wp-att-826\"><img loading=\"lazy\" decoding=\"async\" class=\"aligncenter size-large wp-image-826\" src=\"https:\/\/sentiers05.fr\/wp-content\/uploads\/2016\/03\/42-30-Clapeyto-584x461.jpg\" alt=\"42-30 Clapeyto\" width=\"584\" height=\"461\" srcset=\"https:\/\/sentiers05.fr\/wp-content\/uploads\/2016\/03\/42-30-Clapeyto-584x461.jpg 584w, https:\/\/sentiers05.fr\/wp-content\/uploads\/2016\/03\/42-30-Clapeyto-300x237.jpg 300w, https:\/\/sentiers05.fr\/wp-content\/uploads\/2016\/03\/42-30-Clapeyto.jpg 731w\" sizes=\"auto, (max-width: 584px) 85vw, 584px\" \/><\/a>D\u00e9part du foyer de ski de fond \u00e0 Brunissard, 1810m.<br \/>\nTemps obligatoire pour la mise et le contr\u00f4le des DVA, et d\u00e9gustation d&rsquo;un croissant offert par Marie afin de nous encourager \u00e0 affronter la premi\u00e8re partie de notre aventure!<a href=\"https:\/\/sentiers05.fr\/wp-content\/uploads\/2016\/03\/3513.jpg\" rel=\"attachment wp-att-827\"><img loading=\"lazy\" decoding=\"async\" class=\"aligncenter size-large wp-image-827\" src=\"https:\/\/sentiers05.fr\/wp-content\/uploads\/2016\/03\/3513-584x438.jpg\" alt=\"3513\" width=\"584\" height=\"438\" srcset=\"https:\/\/sentiers05.fr\/wp-content\/uploads\/2016\/03\/3513-584x438.jpg 584w, https:\/\/sentiers05.fr\/wp-content\/uploads\/2016\/03\/3513-300x225.jpg 300w, https:\/\/sentiers05.fr\/wp-content\/uploads\/2016\/03\/3513.jpg 1152w\" sizes=\"auto, (max-width: 584px) 85vw, 584px\" \/><\/a>Apr\u00e8s la travers\u00e9e sans danger du camping du Planet, il est n\u00e9cessaire de s&rsquo;espacer sur une courte distance afin de franchir la zone critique apr\u00e8s le ravin de Joue Noire.<br \/>\nPuis, par mesure de s\u00e9curit\u00e9, nous \u00e9vitons l&rsquo;itin\u00e9raire par la piste et choisissons d&rsquo;obliquer \u00e0 gauche afin de rejoindre Pr\u00e9 Premier.<br \/>\nNous contournons la r\u00e9serve d&rsquo;eau par la gauche en direction du Collet, \u00e0 2207m.<br \/>\nLes r\u00e9centes chutes de neige ont laiss\u00e9 un abondant manteau de poudreuse \u00e0 souhait.<a href=\"https:\/\/sentiers05.fr\/wp-content\/uploads\/2016\/03\/3517.jpg\" rel=\"attachment wp-att-835\"><img loading=\"lazy\" decoding=\"async\" class=\"aligncenter size-large wp-image-835\" src=\"https:\/\/sentiers05.fr\/wp-content\/uploads\/2016\/03\/3517-584x438.jpg\" alt=\"3517\" width=\"584\" height=\"438\" srcset=\"https:\/\/sentiers05.fr\/wp-content\/uploads\/2016\/03\/3517-584x438.jpg 584w, https:\/\/sentiers05.fr\/wp-content\/uploads\/2016\/03\/3517-300x225.jpg 300w, https:\/\/sentiers05.fr\/wp-content\/uploads\/2016\/03\/3517.jpg 1152w\" sizes=\"auto, (max-width: 584px) 85vw, 584px\" \/><\/a>Le temps est cl\u00e9ment et la temp\u00e9rature agr\u00e9able, \u00e0 la surprise de quelques frileux, craignant le pr\u00e9tendu froid du Queyras !<br \/>\nLa mont\u00e9e assez soutenue se fait dans un petit vallon sauvage agr\u00e9ment\u00e9 de bois.<br \/>\nIl est 11h20, Arriv\u00e9e au Collet d&rsquo;o\u00f9 la vue s&rsquo;\u00e9tend sur les magnifiques \u00e9tendues de neige et les sommets environnants.<\/p>\n<div id='gallery-1' class='gallery galleryid-821 gallery-columns-2 gallery-size-medium'><figure class='gallery-item'>\n\t\t\t<div class='gallery-icon landscape'>\n\t\t\t\t<a href='https:\/\/sentiers05.fr\/wp-content\/uploads\/2016\/03\/3520.jpg'><img loading=\"lazy\" decoding=\"async\" width=\"300\" height=\"225\" src=\"https:\/\/sentiers05.fr\/wp-content\/uploads\/2016\/03\/3520-300x225.jpg\" class=\"attachment-medium size-medium\" alt=\"\" srcset=\"https:\/\/sentiers05.fr\/wp-content\/uploads\/2016\/03\/3520-300x225.jpg 300w, https:\/\/sentiers05.fr\/wp-content\/uploads\/2016\/03\/3520-584x438.jpg 584w, https:\/\/sentiers05.fr\/wp-content\/uploads\/2016\/03\/3520.jpg 1152w\" sizes=\"auto, (max-width: 300px) 85vw, 300px\" \/><\/a>\n\t\t\t<\/div><\/figure><figure class='gallery-item'>\n\t\t\t<div class='gallery-icon landscape'>\n\t\t\t\t<a href='https:\/\/sentiers05.fr\/wp-content\/uploads\/2016\/03\/3519.jpg'><img loading=\"lazy\" decoding=\"async\" width=\"300\" height=\"225\" src=\"https:\/\/sentiers05.fr\/wp-content\/uploads\/2016\/03\/3519-300x225.jpg\" class=\"attachment-medium size-medium\" alt=\"\" srcset=\"https:\/\/sentiers05.fr\/wp-content\/uploads\/2016\/03\/3519-300x225.jpg 300w, https:\/\/sentiers05.fr\/wp-content\/uploads\/2016\/03\/3519-584x438.jpg 584w, https:\/\/sentiers05.fr\/wp-content\/uploads\/2016\/03\/3519.jpg 1152w\" sizes=\"auto, (max-width: 300px) 85vw, 300px\" \/><\/a>\n\t\t\t<\/div><\/figure>\n\t\t<\/div>\n\n<p>Encore un petit effort, 2288m, et nous apercevons les Chalets en contre bas, 2230m, petites maisons de poup\u00e9es dans leur \u00e9crin de neige, petit havre de paix, de silence.<a href=\"https:\/\/sentiers05.fr\/wp-content\/uploads\/2016\/03\/3526.jpg\" rel=\"attachment wp-att-836\"><img loading=\"lazy\" decoding=\"async\" class=\"aligncenter size-large wp-image-836\" src=\"https:\/\/sentiers05.fr\/wp-content\/uploads\/2016\/03\/3526-584x438.jpg\" alt=\"3526\" width=\"584\" height=\"438\" srcset=\"https:\/\/sentiers05.fr\/wp-content\/uploads\/2016\/03\/3526-584x438.jpg 584w, https:\/\/sentiers05.fr\/wp-content\/uploads\/2016\/03\/3526-300x225.jpg 300w, https:\/\/sentiers05.fr\/wp-content\/uploads\/2016\/03\/3526.jpg 1152w\" sizes=\"auto, (max-width: 584px) 85vw, 584px\" \/><\/a>Nous d\u00e9cidons d&rsquo;y faire notre pose d\u00e9jeuner afin de prolonger ces instants hors du temps.<br \/>\nVoici l&rsquo;abri bienvenu d&rsquo;une fa\u00e7ade d&rsquo;o\u00f9 nous pouvons jouir de la qui\u00e9tude et de la magnificence du grand silence de l&rsquo;hiver.<a href=\"https:\/\/sentiers05.fr\/wp-content\/uploads\/2016\/03\/3529.jpg\" rel=\"attachment wp-att-833\"><img loading=\"lazy\" decoding=\"async\" class=\"aligncenter size-large wp-image-833\" src=\"https:\/\/sentiers05.fr\/wp-content\/uploads\/2016\/03\/3529-584x438.jpg\" alt=\"3529\" width=\"584\" height=\"438\" srcset=\"https:\/\/sentiers05.fr\/wp-content\/uploads\/2016\/03\/3529-584x438.jpg 584w, https:\/\/sentiers05.fr\/wp-content\/uploads\/2016\/03\/3529-300x225.jpg 300w, https:\/\/sentiers05.fr\/wp-content\/uploads\/2016\/03\/3529.jpg 1152w\" sizes=\"auto, (max-width: 584px) 85vw, 584px\" \/><\/a>Apr\u00e8s un plein d&rsquo;\u00e9nergie, il faut remonter! Mais la trace est faite et nous d\u00e9cidons de prolonger la magie de ces moments en allant fouler une belle poudreuse en direction du Peyron par une s\u00e9rie de petites bosses que nous contournerons \u00e0 la descente.<br \/>\nLe retour, puisqu&rsquo;il faut h\u00e9las redescendre, se fait \u00e0 travers des pentes d\u00e9j\u00e0 un peu foul\u00e9es \u00e0 notre gout.<a href=\"https:\/\/sentiers05.fr\/wp-content\/uploads\/2016\/03\/3535-1.jpg\" rel=\"attachment wp-att-834\"><img loading=\"lazy\" decoding=\"async\" class=\"aligncenter size-large wp-image-834\" src=\"https:\/\/sentiers05.fr\/wp-content\/uploads\/2016\/03\/3535-1-584x438.jpg\" alt=\"3535\" width=\"584\" height=\"438\" srcset=\"https:\/\/sentiers05.fr\/wp-content\/uploads\/2016\/03\/3535-1-584x438.jpg 584w, https:\/\/sentiers05.fr\/wp-content\/uploads\/2016\/03\/3535-1-300x225.jpg 300w, https:\/\/sentiers05.fr\/wp-content\/uploads\/2016\/03\/3535-1.jpg 1152w\" sizes=\"auto, (max-width: 584px) 85vw, 584px\" \/><\/a> Et nous regagnons notre d\u00e9part.<br \/>\nIl est 16h.<br \/>\nSuperbe randonn\u00e9e!<br \/>\nJacqueline.<\/p>\n","protected":false},"excerpt":{"rendered":"<p>Sortie raquettes du jeudi 10 mars 2016 anim\u00e9e par Jacqueline DERANCOURT<\/p>\n","protected":false},"author":11,"featured_media":0,"comment_status":"closed","ping_status":"open","sticky":false,"template":"","format":"standard","meta":{"footnotes":""},"categories":[4],"tags":[],"class_list":["post-821","post","type-post","status-publish","format-standard","hentry","category-raquettes"],"_links":{"self":[{"href":"https:\/\/sentiers05.fr\/index.php\/wp-json\/wp\/v2\/posts\/821","targetHints":{"allow":["GET"]}}],"collection":[{"href":"https:\/\/sentiers05.fr\/index.php\/wp-json\/wp\/v2\/posts"}],"about":[{"href":"https:\/\/sentiers05.fr\/index.php\/wp-json\/wp\/v2\/types\/post"}],"author":[{"embeddable":true,"href":"https:\/\/sentiers05.fr\/index.php\/wp-json\/wp\/v2\/users\/11"}],"replies":[{"embeddable":true,"href":"https:\/\/sentiers05.fr\/index.php\/wp-json\/wp\/v2\/comments?post=821"}],"version-history":[{"count":6,"href":"https:\/\/sentiers05.fr\/index.php\/wp-json\/wp\/v2\/posts\/821\/revisions"}],"predecessor-version":[{"id":11662,"href":"https:\/\/sentiers05.fr\/index.php\/wp-json\/wp\/v2\/posts\/821\/revisions\/11662"}],"wp:attachment":[{"href":"https:\/\/sentiers05.fr\/index.php\/wp-json\/wp\/v2\/media?parent=821"}],"wp:term":[{"taxonomy":"category","embeddable":true,"href":"https:\/\/sentiers05.fr\/index.php\/wp-json\/wp\/v2\/categories?post=821"},{"taxonomy":"post_tag","embeddable":true,"href":"https:\/\/sentiers05.fr\/index.php\/wp-json\/wp\/v2\/tags?post=821"}],"curies":[{"name":"wp","href":"https:\/\/api.w.org\/{rel}","templated":true}]}}