{"id":8131,"date":"2023-03-17T18:21:07","date_gmt":"2023-03-17T18:21:07","guid":{"rendered":"http:\/\/sentiers05.fr\/?p=8131"},"modified":"2023-03-27T18:22:06","modified_gmt":"2023-03-27T18:22:06","slug":"sejour-a-nevache","status":"publish","type":"post","link":"https:\/\/sentiers05.fr\/index.php\/2023\/03\/17\/sejour-a-nevache\/","title":{"rendered":"S\u00e9jour \u00e0 N\u00e9vache"},"content":{"rendered":"<p>Le s\u00e9jour \u00e0 N\u00e9vache du 15, 16 et 17 mars a motiv\u00e9 15 participants.<\/p>\n<p>Une fois le s\u00e9jour confirm\u00e9, nous avons particip\u00e9 \u00e0 une journ\u00e9e consacr\u00e9e \u00e0 la s\u00e9curit\u00e9 et aux gestes \u00e0 ex\u00e9cuter en cas de probl\u00e8mes. Nous avons donc test\u00e9 nos comp\u00e9tences sous la houlette de Patrice.<\/p>\n<div id='gallery-1' class='gallery galleryid-8131 gallery-columns-2 gallery-size-large'><figure class='gallery-item'>\n\t\t\t<div class='gallery-icon landscape'>\n\t\t\t\t<a href='https:\/\/sentiers05.fr\/index.php\/2023\/03\/17\/sejour-a-nevache\/img_1302\/'><img loading=\"lazy\" decoding=\"async\" width=\"584\" height=\"438\" src=\"https:\/\/sentiers05.fr\/wp-content\/uploads\/2023\/03\/IMG_1302-584x438.jpg\" class=\"attachment-large size-large\" alt=\"\" srcset=\"https:\/\/sentiers05.fr\/wp-content\/uploads\/2023\/03\/IMG_1302-584x438.jpg 584w, https:\/\/sentiers05.fr\/wp-content\/uploads\/2023\/03\/IMG_1302-300x225.jpg 300w, https:\/\/sentiers05.fr\/wp-content\/uploads\/2023\/03\/IMG_1302-1200x900.jpg 1200w, https:\/\/sentiers05.fr\/wp-content\/uploads\/2023\/03\/IMG_1302-e1679851621714.jpg 1778w\" sizes=\"auto, (max-width: 584px) 85vw, 584px\" \/><\/a>\n\t\t\t<\/div><\/figure><figure class='gallery-item'>\n\t\t\t<div class='gallery-icon landscape'>\n\t\t\t\t<a href='https:\/\/sentiers05.fr\/index.php\/2023\/03\/17\/sejour-a-nevache\/img_1304\/'><img loading=\"lazy\" decoding=\"async\" width=\"584\" height=\"438\" src=\"https:\/\/sentiers05.fr\/wp-content\/uploads\/2023\/03\/IMG_1304-584x438.jpg\" class=\"attachment-large size-large\" alt=\"\" srcset=\"https:\/\/sentiers05.fr\/wp-content\/uploads\/2023\/03\/IMG_1304-584x438.jpg 584w, https:\/\/sentiers05.fr\/wp-content\/uploads\/2023\/03\/IMG_1304-300x225.jpg 300w, https:\/\/sentiers05.fr\/wp-content\/uploads\/2023\/03\/IMG_1304-1200x900.jpg 1200w, https:\/\/sentiers05.fr\/wp-content\/uploads\/2023\/03\/IMG_1304-e1679851635565.jpg 1778w\" sizes=\"auto, (max-width: 584px) 85vw, 584px\" \/><\/a>\n\t\t\t<\/div><\/figure>\n\t\t<\/div>\n\n<p><img loading=\"lazy\" decoding=\"async\" class=\"aligncenter size-large wp-image-8149\" src=\"https:\/\/sentiers05.fr\/wp-content\/uploads\/2023\/03\/IMG_1309-584x438.jpg\" alt=\"IMG_1309\" width=\"584\" height=\"438\" \/><\/p>\n<p>Fin pr\u00eats, le rendez-vous est fix\u00e9 \u00e0 Gap pour un transport covoitur\u00e9 jusqu&rsquo;\u00e0 N\u00e9vache.<\/p>\n<p>Chacun de nous r\u00e9cup\u00e8re le mat\u00e9riel n\u00e9cessaire (pelle, ARVA et sonde) et nous voil\u00e0 partis pour rejoindre le refuge du Chardonnet pour 2 nuit\u00e9es.<\/p>\n<p><img loading=\"lazy\" decoding=\"async\" class=\"aligncenter size-large wp-image-8137\" src=\"https:\/\/sentiers05.fr\/wp-content\/uploads\/2023\/03\/04-584x416.jpg\" alt=\"04\" width=\"584\" height=\"416\" \/><\/p>\n<p><!--more--><\/p>\n<p>Nous cheminons sur la rive gauche de la Clar\u00e9e jusqu&rsquo;\u00e0 la Fruiti\u00e8re, sans oublier de pique-niquer et d&rsquo;admirer les paysages alentour. Le parcours est relativement \u00e0 plat.<\/p>\n<div id='gallery-2' class='gallery galleryid-8131 gallery-columns-2 gallery-size-large'><figure class='gallery-item'>\n\t\t\t<div class='gallery-icon landscape'>\n\t\t\t\t<a href='https:\/\/sentiers05.fr\/index.php\/2023\/03\/17\/sejour-a-nevache\/08-8\/'><img loading=\"lazy\" decoding=\"async\" width=\"584\" height=\"438\" src=\"https:\/\/sentiers05.fr\/wp-content\/uploads\/2023\/03\/08-584x438.jpg\" class=\"attachment-large size-large\" alt=\"\" srcset=\"https:\/\/sentiers05.fr\/wp-content\/uploads\/2023\/03\/08-584x438.jpg 584w, https:\/\/sentiers05.fr\/wp-content\/uploads\/2023\/03\/08-300x225.jpg 300w, https:\/\/sentiers05.fr\/wp-content\/uploads\/2023\/03\/08-1200x900.jpg 1200w, https:\/\/sentiers05.fr\/wp-content\/uploads\/2023\/03\/08-e1679851493998.jpg 1778w\" sizes=\"auto, (max-width: 584px) 85vw, 584px\" \/><\/a>\n\t\t\t<\/div><\/figure><figure class='gallery-item'>\n\t\t\t<div class='gallery-icon landscape'>\n\t\t\t\t<a href='https:\/\/sentiers05.fr\/index.php\/2023\/03\/17\/sejour-a-nevache\/05-14\/'><img loading=\"lazy\" decoding=\"async\" width=\"584\" height=\"438\" src=\"https:\/\/sentiers05.fr\/wp-content\/uploads\/2023\/03\/05-584x438.jpg\" class=\"attachment-large size-large\" alt=\"\" srcset=\"https:\/\/sentiers05.fr\/wp-content\/uploads\/2023\/03\/05-584x438.jpg 584w, https:\/\/sentiers05.fr\/wp-content\/uploads\/2023\/03\/05-300x225.jpg 300w, https:\/\/sentiers05.fr\/wp-content\/uploads\/2023\/03\/05-1200x900.jpg 1200w, https:\/\/sentiers05.fr\/wp-content\/uploads\/2023\/03\/05-e1679851474267.jpg 1778w\" sizes=\"auto, (max-width: 584px) 85vw, 584px\" \/><\/a>\n\t\t\t<\/div><\/figure>\n\t\t<\/div>\n\n<p>&nbsp;<\/p>\n<div id='gallery-3' class='gallery galleryid-8131 gallery-columns-2 gallery-size-large'><figure class='gallery-item'>\n\t\t\t<div class='gallery-icon portrait'>\n\t\t\t\t<a href='https:\/\/sentiers05.fr\/index.php\/2023\/03\/17\/sejour-a-nevache\/12-12\/'><img loading=\"lazy\" decoding=\"async\" width=\"563\" height=\"584\" src=\"https:\/\/sentiers05.fr\/wp-content\/uploads\/2023\/03\/12-563x584.jpg\" class=\"attachment-large size-large\" alt=\"\" srcset=\"https:\/\/sentiers05.fr\/wp-content\/uploads\/2023\/03\/12-563x584.jpg 563w, https:\/\/sentiers05.fr\/wp-content\/uploads\/2023\/03\/12-289x300.jpg 289w, https:\/\/sentiers05.fr\/wp-content\/uploads\/2023\/03\/12-1200x1245.jpg 1200w, https:\/\/sentiers05.fr\/wp-content\/uploads\/2023\/03\/12-e1679851515606.jpg 1746w\" sizes=\"auto, (max-width: 563px) 85vw, 563px\" \/><\/a>\n\t\t\t<\/div><\/figure><figure class='gallery-item'>\n\t\t\t<div class='gallery-icon landscape'>\n\t\t\t\t<a href='https:\/\/sentiers05.fr\/index.php\/2023\/03\/17\/sejour-a-nevache\/13-7\/'><img loading=\"lazy\" decoding=\"async\" width=\"584\" height=\"438\" src=\"https:\/\/sentiers05.fr\/wp-content\/uploads\/2023\/03\/13-584x438.jpg\" class=\"attachment-large size-large\" alt=\"\" srcset=\"https:\/\/sentiers05.fr\/wp-content\/uploads\/2023\/03\/13-584x438.jpg 584w, https:\/\/sentiers05.fr\/wp-content\/uploads\/2023\/03\/13-300x225.jpg 300w, https:\/\/sentiers05.fr\/wp-content\/uploads\/2023\/03\/13-1200x900.jpg 1200w, https:\/\/sentiers05.fr\/wp-content\/uploads\/2023\/03\/13-e1679851531877.jpg 1778w\" sizes=\"auto, (max-width: 584px) 85vw, 584px\" \/><\/a>\n\t\t\t<\/div><\/figure>\n\t\t<\/div>\n\n<div id='gallery-4' class='gallery galleryid-8131 gallery-columns-2 gallery-size-large'><figure class='gallery-item'>\n\t\t\t<div class='gallery-icon portrait'>\n\t\t\t\t<a href='https:\/\/sentiers05.fr\/index.php\/2023\/03\/17\/sejour-a-nevache\/17-5\/'><img loading=\"lazy\" decoding=\"async\" width=\"490\" height=\"584\" src=\"https:\/\/sentiers05.fr\/wp-content\/uploads\/2023\/03\/17-490x584.jpg\" class=\"attachment-large size-large\" alt=\"\" srcset=\"https:\/\/sentiers05.fr\/wp-content\/uploads\/2023\/03\/17-490x584.jpg 490w, https:\/\/sentiers05.fr\/wp-content\/uploads\/2023\/03\/17-252x300.jpg 252w, https:\/\/sentiers05.fr\/wp-content\/uploads\/2023\/03\/17-1200x1430.jpg 1200w, https:\/\/sentiers05.fr\/wp-content\/uploads\/2023\/03\/17-e1679851544352.jpg 1687w\" sizes=\"auto, (max-width: 490px) 85vw, 490px\" \/><\/a>\n\t\t\t<\/div><\/figure><figure class='gallery-item'>\n\t\t\t<div class='gallery-icon landscape'>\n\t\t\t\t<a href='https:\/\/sentiers05.fr\/index.php\/2023\/03\/17\/sejour-a-nevache\/21-4\/'><img loading=\"lazy\" decoding=\"async\" width=\"584\" height=\"462\" src=\"https:\/\/sentiers05.fr\/wp-content\/uploads\/2023\/03\/21-584x462.jpg\" class=\"attachment-large size-large\" alt=\"\" srcset=\"https:\/\/sentiers05.fr\/wp-content\/uploads\/2023\/03\/21-584x462.jpg 584w, https:\/\/sentiers05.fr\/wp-content\/uploads\/2023\/03\/21-300x237.jpg 300w, https:\/\/sentiers05.fr\/wp-content\/uploads\/2023\/03\/21-1200x950.jpg 1200w, https:\/\/sentiers05.fr\/wp-content\/uploads\/2023\/03\/21-e1679851558295.jpg 1778w\" sizes=\"auto, (max-width: 584px) 85vw, 584px\" \/><\/a>\n\t\t\t<\/div><\/figure>\n\t\t<\/div>\n\n<p>La mont\u00e9e pour le refuge s&rsquo;av\u00e8re plus \u00ab\u00a0hard\u00a0\u00bb avec un passage non trac\u00e9 mais sans aucun danger.<\/p>\n<p><img loading=\"lazy\" decoding=\"async\" class=\"aligncenter size-large wp-image-8144\" src=\"https:\/\/sentiers05.fr\/wp-content\/uploads\/2023\/03\/24-584x519.jpg\" alt=\"24\" width=\"584\" height=\"519\" \/><\/p>\n<div id='gallery-5' class='gallery galleryid-8131 gallery-columns-2 gallery-size-large'><figure class='gallery-item'>\n\t\t\t<div class='gallery-icon landscape'>\n\t\t\t\t<a href='https:\/\/sentiers05.fr\/index.php\/2023\/03\/17\/sejour-a-nevache\/attachment\/27\/'><img loading=\"lazy\" decoding=\"async\" width=\"584\" height=\"438\" src=\"https:\/\/sentiers05.fr\/wp-content\/uploads\/2023\/03\/27-584x438.jpg\" class=\"attachment-large size-large\" alt=\"\" srcset=\"https:\/\/sentiers05.fr\/wp-content\/uploads\/2023\/03\/27-584x438.jpg 584w, https:\/\/sentiers05.fr\/wp-content\/uploads\/2023\/03\/27-300x225.jpg 300w, https:\/\/sentiers05.fr\/wp-content\/uploads\/2023\/03\/27-1200x900.jpg 1200w, https:\/\/sentiers05.fr\/wp-content\/uploads\/2023\/03\/27-e1679851592385.jpg 1778w\" sizes=\"auto, (max-width: 584px) 85vw, 584px\" \/><\/a>\n\t\t\t<\/div><\/figure><figure class='gallery-item'>\n\t\t\t<div class='gallery-icon landscape'>\n\t\t\t\t<a href='https:\/\/sentiers05.fr\/index.php\/2023\/03\/17\/sejour-a-nevache\/29-2\/'><img loading=\"lazy\" decoding=\"async\" width=\"584\" height=\"438\" src=\"https:\/\/sentiers05.fr\/wp-content\/uploads\/2023\/03\/29-584x438.jpg\" class=\"attachment-large size-large\" alt=\"\" srcset=\"https:\/\/sentiers05.fr\/wp-content\/uploads\/2023\/03\/29-584x438.jpg 584w, https:\/\/sentiers05.fr\/wp-content\/uploads\/2023\/03\/29-300x225.jpg 300w, https:\/\/sentiers05.fr\/wp-content\/uploads\/2023\/03\/29-1200x900.jpg 1200w, https:\/\/sentiers05.fr\/wp-content\/uploads\/2023\/03\/29-e1679851605575.jpg 1778w\" sizes=\"auto, (max-width: 584px) 85vw, 584px\" \/><\/a>\n\t\t\t<\/div><\/figure>\n\t\t<\/div>\n\n<p>L&rsquo;arriv\u00e9e au refuge soulage un bon nombre de participants qui vont r\u00e9cup\u00e9rer\u00a0 en appr\u00e9ciant la bonne ambiance et le bon d\u00eener.<\/p>\n<p>Le jeudi, apr\u00e8s avoir v\u00e9rifi\u00e9 les ARVA,nous partons \u00e0 l&rsquo;assaut du Col du Chardonnet.<\/p>\n<div id='gallery-6' class='gallery galleryid-8131 gallery-columns-2 gallery-size-large'><figure class='gallery-item'>\n\t\t\t<div class='gallery-icon portrait'>\n\t\t\t\t<a href='https:\/\/sentiers05.fr\/index.php\/2023\/03\/17\/sejour-a-nevache\/01-16\/'><img loading=\"lazy\" decoding=\"async\" width=\"438\" height=\"584\" src=\"https:\/\/sentiers05.fr\/wp-content\/uploads\/2023\/03\/01-438x584.jpg\" class=\"attachment-large size-large\" alt=\"\" srcset=\"https:\/\/sentiers05.fr\/wp-content\/uploads\/2023\/03\/01-438x584.jpg 438w, https:\/\/sentiers05.fr\/wp-content\/uploads\/2023\/03\/01-225x300.jpg 225w, https:\/\/sentiers05.fr\/wp-content\/uploads\/2023\/03\/01-e1679860520617.jpg 1200w\" sizes=\"auto, (max-width: 438px) 85vw, 438px\" \/><\/a>\n\t\t\t<\/div><\/figure><figure class='gallery-item'>\n\t\t\t<div class='gallery-icon portrait'>\n\t\t\t\t<a href='https:\/\/sentiers05.fr\/index.php\/2023\/03\/17\/sejour-a-nevache\/03-16\/'><img loading=\"lazy\" decoding=\"async\" width=\"564\" height=\"584\" src=\"https:\/\/sentiers05.fr\/wp-content\/uploads\/2023\/03\/03-564x584.jpg\" class=\"attachment-large size-large\" alt=\"\" srcset=\"https:\/\/sentiers05.fr\/wp-content\/uploads\/2023\/03\/03-564x584.jpg 564w, https:\/\/sentiers05.fr\/wp-content\/uploads\/2023\/03\/03-290x300.jpg 290w, https:\/\/sentiers05.fr\/wp-content\/uploads\/2023\/03\/03-1200x1243.jpg 1200w, https:\/\/sentiers05.fr\/wp-content\/uploads\/2023\/03\/03-e1679860508694.jpg 1778w\" sizes=\"auto, (max-width: 564px) 85vw, 564px\" \/><\/a>\n\t\t\t<\/div><\/figure>\n\t\t<\/div>\n\n<p>Les paysages sont grandioses et nous sommes les premiers de la journ\u00e9e.<img loading=\"lazy\" decoding=\"async\" class=\"aligncenter size-large wp-image-8155\" src=\"https:\/\/sentiers05.fr\/wp-content\/uploads\/2023\/03\/05-1-584x438.jpg\" alt=\"05\" width=\"584\" height=\"438\" \/><\/p>\n<p>Nous profitons donc pleinement d&rsquo;une neige vierge dans laquelle il faut faire la trace.<\/p>\n<div id='gallery-7' class='gallery galleryid-8131 gallery-columns-2 gallery-size-large'><figure class='gallery-item'>\n\t\t\t<div class='gallery-icon landscape'>\n\t\t\t\t<a href='https:\/\/sentiers05.fr\/index.php\/2023\/03\/17\/sejour-a-nevache\/08-9\/'><img loading=\"lazy\" decoding=\"async\" width=\"584\" height=\"438\" src=\"https:\/\/sentiers05.fr\/wp-content\/uploads\/2023\/03\/08-1-584x438.jpg\" class=\"attachment-large size-large\" alt=\"\" srcset=\"https:\/\/sentiers05.fr\/wp-content\/uploads\/2023\/03\/08-1-584x438.jpg 584w, https:\/\/sentiers05.fr\/wp-content\/uploads\/2023\/03\/08-1-300x225.jpg 300w, https:\/\/sentiers05.fr\/wp-content\/uploads\/2023\/03\/08-1-1200x900.jpg 1200w, https:\/\/sentiers05.fr\/wp-content\/uploads\/2023\/03\/08-1-e1679860474860.jpg 1778w\" sizes=\"auto, (max-width: 584px) 85vw, 584px\" \/><\/a>\n\t\t\t<\/div><\/figure><figure class='gallery-item'>\n\t\t\t<div class='gallery-icon portrait'>\n\t\t\t\t<a href='https:\/\/sentiers05.fr\/index.php\/2023\/03\/17\/sejour-a-nevache\/14-7\/'><img loading=\"lazy\" decoding=\"async\" width=\"474\" height=\"584\" src=\"https:\/\/sentiers05.fr\/wp-content\/uploads\/2023\/03\/14-474x584.jpg\" class=\"attachment-large size-large\" alt=\"\" srcset=\"https:\/\/sentiers05.fr\/wp-content\/uploads\/2023\/03\/14-474x584.jpg 474w, https:\/\/sentiers05.fr\/wp-content\/uploads\/2023\/03\/14-244x300.jpg 244w, https:\/\/sentiers05.fr\/wp-content\/uploads\/2023\/03\/14-1200x1478.jpg 1200w, https:\/\/sentiers05.fr\/wp-content\/uploads\/2023\/03\/14-e1679860461149.jpg 1778w\" sizes=\"auto, (max-width: 474px) 85vw, 474px\" \/><\/a>\n\t\t\t<\/div><\/figure>\n\t\t<\/div>\n\n<p>Le nombre de participants ne nous permet pas d&rsquo;aller jusqu&rsquo;au col, mais qu&rsquo;importe. Nous sommes suffisamment satisfaits de notre excursion.<\/p>\n<div id='gallery-8' class='gallery galleryid-8131 gallery-columns-2 gallery-size-large'><figure class='gallery-item'>\n\t\t\t<div class='gallery-icon landscape'>\n\t\t\t\t<a href='https:\/\/sentiers05.fr\/index.php\/2023\/03\/17\/sejour-a-nevache\/21-5\/'><img loading=\"lazy\" decoding=\"async\" width=\"584\" height=\"538\" src=\"https:\/\/sentiers05.fr\/wp-content\/uploads\/2023\/03\/21-1-584x538.jpg\" class=\"attachment-large size-large\" alt=\"\" srcset=\"https:\/\/sentiers05.fr\/wp-content\/uploads\/2023\/03\/21-1-584x538.jpg 584w, https:\/\/sentiers05.fr\/wp-content\/uploads\/2023\/03\/21-1-300x276.jpg 300w, https:\/\/sentiers05.fr\/wp-content\/uploads\/2023\/03\/21-1-1200x1105.jpg 1200w, https:\/\/sentiers05.fr\/wp-content\/uploads\/2023\/03\/21-1-e1679860435118.jpg 1778w\" sizes=\"auto, (max-width: 584px) 85vw, 584px\" \/><\/a>\n\t\t\t<\/div><\/figure><figure class='gallery-item'>\n\t\t\t<div class='gallery-icon landscape'>\n\t\t\t\t<a href='https:\/\/sentiers05.fr\/index.php\/2023\/03\/17\/sejour-a-nevache\/17-6\/'><img loading=\"lazy\" decoding=\"async\" width=\"584\" height=\"493\" src=\"https:\/\/sentiers05.fr\/wp-content\/uploads\/2023\/03\/17-1-584x493.jpg\" class=\"attachment-large size-large\" alt=\"\" srcset=\"https:\/\/sentiers05.fr\/wp-content\/uploads\/2023\/03\/17-1-584x493.jpg 584w, https:\/\/sentiers05.fr\/wp-content\/uploads\/2023\/03\/17-1-300x253.jpg 300w, https:\/\/sentiers05.fr\/wp-content\/uploads\/2023\/03\/17-1-1200x1012.jpg 1200w, https:\/\/sentiers05.fr\/wp-content\/uploads\/2023\/03\/17-1-e1679860447869.jpg 1778w\" sizes=\"auto, (max-width: 584px) 85vw, 584px\" \/><\/a>\n\t\t\t<\/div><\/figure>\n\t\t<\/div>\n\n<p>Nous n&rsquo;oublions pas de nous faire plaisir dans la descente.<\/p>\n<p><img loading=\"lazy\" decoding=\"async\" class=\"aligncenter size-full wp-image-8160\" src=\"https:\/\/sentiers05.fr\/wp-content\/uploads\/2023\/03\/23-e1679860422541.jpg\" alt=\"23\" width=\"1778\" height=\"1334\" \/><\/p>\n<p>&nbsp;<\/p>\n<p>Quelques-uns d&rsquo;entre nous font un petit suppl\u00e9ment avant de retrouver le refuge, quand d&rsquo;autres s&rsquo;adonnent \u00e0\u00a0 des activit\u00e9s plus douces (lecture, jeux de cartes et repos).<\/p>\n<p><img loading=\"lazy\" decoding=\"async\" class=\"aligncenter size-full wp-image-8163\" src=\"https:\/\/sentiers05.fr\/wp-content\/uploads\/2023\/03\/89-e1679854668829.jpg\" alt=\"89\" width=\"1778\" height=\"1334\" \/><\/p>\n<div id='gallery-9' class='gallery galleryid-8131 gallery-columns-2 gallery-size-large'><figure class='gallery-item'>\n\t\t\t<div class='gallery-icon portrait'>\n\t\t\t\t<a href='https:\/\/sentiers05.fr\/index.php\/2023\/03\/17\/sejour-a-nevache\/84-2\/'><img loading=\"lazy\" decoding=\"async\" width=\"577\" height=\"584\" src=\"https:\/\/sentiers05.fr\/wp-content\/uploads\/2023\/03\/84-1-577x584.jpg\" class=\"attachment-large size-large\" alt=\"\" srcset=\"https:\/\/sentiers05.fr\/wp-content\/uploads\/2023\/03\/84-1-577x584.jpg 577w, https:\/\/sentiers05.fr\/wp-content\/uploads\/2023\/03\/84-1-296x300.jpg 296w, https:\/\/sentiers05.fr\/wp-content\/uploads\/2023\/03\/84-1-1200x1215.jpg 1200w\" sizes=\"auto, (max-width: 577px) 85vw, 577px\" \/><\/a>\n\t\t\t<\/div><\/figure><figure class='gallery-item'>\n\t\t\t<div class='gallery-icon landscape'>\n\t\t\t\t<a href='https:\/\/sentiers05.fr\/index.php\/2023\/03\/17\/sejour-a-nevache\/attachment\/85\/'><img loading=\"lazy\" decoding=\"async\" width=\"584\" height=\"438\" src=\"https:\/\/sentiers05.fr\/wp-content\/uploads\/2023\/03\/85-584x438.jpg\" class=\"attachment-large size-large\" alt=\"\" srcset=\"https:\/\/sentiers05.fr\/wp-content\/uploads\/2023\/03\/85-584x438.jpg 584w, https:\/\/sentiers05.fr\/wp-content\/uploads\/2023\/03\/85-300x225.jpg 300w, https:\/\/sentiers05.fr\/wp-content\/uploads\/2023\/03\/85-1200x900.jpg 1200w, https:\/\/sentiers05.fr\/wp-content\/uploads\/2023\/03\/85-e1679861917998.jpg 1778w\" sizes=\"auto, (max-width: 584px) 85vw, 584px\" \/><\/a>\n\t\t\t<\/div><\/figure>\n\t\t<\/div>\n\n<p>Vendredi, nous reprenons le chemin du retour avec pour certains un petit d\u00e9tour par le refuge de Buff\u00e8re.<\/p>\n<p><img loading=\"lazy\" decoding=\"async\" class=\"aligncenter size-large wp-image-8173\" src=\"https:\/\/sentiers05.fr\/wp-content\/uploads\/2023\/03\/32-584x438.jpg\" alt=\"32\" width=\"584\" height=\"438\" srcset=\"https:\/\/sentiers05.fr\/wp-content\/uploads\/2023\/03\/32-584x438.jpg 584w, https:\/\/sentiers05.fr\/wp-content\/uploads\/2023\/03\/32-300x225.jpg 300w, https:\/\/sentiers05.fr\/wp-content\/uploads\/2023\/03\/32-1200x900.jpg 1200w\" sizes=\"auto, (max-width: 584px) 85vw, 584px\" \/><\/p>\n<p>Toutes et tous ont \u00e9t\u00e9 ravis\u00a0 de ce d\u00e9paysement pendant ce s\u00e9jour.<\/p>\n<p>&nbsp;<\/p>\n<p>&nbsp;<\/p>\n","protected":false},"excerpt":{"rendered":"<p>Le s\u00e9jour \u00e0 N\u00e9vache du 15, 16 et 17 mars a motiv\u00e9 15 participants. Une fois le s\u00e9jour confirm\u00e9, nous avons particip\u00e9 \u00e0 une journ\u00e9e consacr\u00e9e \u00e0 la s\u00e9curit\u00e9 et aux gestes \u00e0 ex\u00e9cuter en cas de probl\u00e8mes. Nous avons donc test\u00e9 nos comp\u00e9tences sous la houlette de Patrice. Fin pr\u00eats, le rendez-vous est fix\u00e9 &hellip; <a href=\"https:\/\/sentiers05.fr\/index.php\/2023\/03\/17\/sejour-a-nevache\/\" class=\"more-link\">Continuer la lecture<span class=\"screen-reader-text\"> de &laquo;&nbsp;S\u00e9jour \u00e0 N\u00e9vache&nbsp;&raquo;<\/span><\/a><\/p>\n","protected":false},"author":8,"featured_media":8181,"comment_status":"closed","ping_status":"open","sticky":false,"template":"","format":"standard","meta":{"footnotes":""},"categories":[4],"tags":[],"class_list":["post-8131","post","type-post","status-publish","format-standard","has-post-thumbnail","hentry","category-raquettes"],"_links":{"self":[{"href":"https:\/\/sentiers05.fr\/index.php\/wp-json\/wp\/v2\/posts\/8131","targetHints":{"allow":["GET"]}}],"collection":[{"href":"https:\/\/sentiers05.fr\/index.php\/wp-json\/wp\/v2\/posts"}],"about":[{"href":"https:\/\/sentiers05.fr\/index.php\/wp-json\/wp\/v2\/types\/post"}],"author":[{"embeddable":true,"href":"https:\/\/sentiers05.fr\/index.php\/wp-json\/wp\/v2\/users\/8"}],"replies":[{"embeddable":true,"href":"https:\/\/sentiers05.fr\/index.php\/wp-json\/wp\/v2\/comments?post=8131"}],"version-history":[{"count":13,"href":"https:\/\/sentiers05.fr\/index.php\/wp-json\/wp\/v2\/posts\/8131\/revisions"}],"predecessor-version":[{"id":8183,"href":"https:\/\/sentiers05.fr\/index.php\/wp-json\/wp\/v2\/posts\/8131\/revisions\/8183"}],"wp:featuredmedia":[{"embeddable":true,"href":"https:\/\/sentiers05.fr\/index.php\/wp-json\/wp\/v2\/media\/8181"}],"wp:attachment":[{"href":"https:\/\/sentiers05.fr\/index.php\/wp-json\/wp\/v2\/media?parent=8131"}],"wp:term":[{"taxonomy":"category","embeddable":true,"href":"https:\/\/sentiers05.fr\/index.php\/wp-json\/wp\/v2\/categories?post=8131"},{"taxonomy":"post_tag","embeddable":true,"href":"https:\/\/sentiers05.fr\/index.php\/wp-json\/wp\/v2\/tags?post=8131"}],"curies":[{"name":"wp","href":"https:\/\/api.w.org\/{rel}","templated":true}]}}