{"id":8006,"date":"2023-01-31T18:01:03","date_gmt":"2023-01-31T18:01:03","guid":{"rendered":"http:\/\/sentiers05.fr\/?p=8006"},"modified":"2023-02-05T14:42:36","modified_gmt":"2023-02-05T14:42:36","slug":"canal-du-drac-2","status":"publish","type":"post","link":"https:\/\/sentiers05.fr\/index.php\/2023\/01\/31\/canal-du-drac-2\/","title":{"rendered":"Canal du Drac"},"content":{"rendered":"<p>Le dernier jour de janvier, nous offre de la bise et du froid<\/p>\n<p><!--more--><\/p>\n<p>Nous sommes quatre \u00e0\u00a0 suivre le Canal du Drac pour les champsaurins , dit\u00a0 le Canal de Charance par les Gapen\u00e7ais.<\/p>\n<div id='gallery-1' class='gallery galleryid-8006 gallery-columns-3 gallery-size-thumbnail'><figure class='gallery-item'>\n\t\t\t<div class='gallery-icon portrait'>\n\t\t\t\t<a href='https:\/\/sentiers05.fr\/wp-content\/uploads\/2023\/01\/20230201_152653-e1675607155110.jpg'><img loading=\"lazy\" decoding=\"async\" width=\"200\" height=\"200\" src=\"https:\/\/sentiers05.fr\/wp-content\/uploads\/2023\/01\/20230201_152653-200x200.jpg\" class=\"attachment-thumbnail size-thumbnail\" alt=\"\" aria-describedby=\"gallery-1-8055\" \/><\/a>\n\t\t\t<\/div>\n\t\t\t\t<figcaption class='wp-caption-text gallery-caption' id='gallery-1-8055'>\n\t\t\t\tCliquer dessus l&rsquo;image\n\t\t\t\t<\/figcaption><\/figure><figure class='gallery-item'>\n\t\t\t<div class='gallery-icon portrait'>\n\t\t\t\t<a href='https:\/\/sentiers05.fr\/wp-content\/uploads\/2023\/01\/20230201_101348-e1675607144576.jpg'><img loading=\"lazy\" decoding=\"async\" width=\"200\" height=\"200\" src=\"https:\/\/sentiers05.fr\/wp-content\/uploads\/2023\/01\/20230201_101348-200x200.jpg\" class=\"attachment-thumbnail size-thumbnail\" alt=\"\" aria-describedby=\"gallery-1-8054\" \/><\/a>\n\t\t\t<\/div>\n\t\t\t\t<figcaption class='wp-caption-text gallery-caption' id='gallery-1-8054'>\n\t\t\t\tpour agrandir\n\t\t\t\t<\/figcaption><\/figure><figure class='gallery-item'>\n\t\t\t<div class='gallery-icon landscape'>\n\t\t\t\t<a href='https:\/\/sentiers05.fr\/wp-content\/uploads\/2023\/01\/20230131_140847-e1675607126906.jpg'><img loading=\"lazy\" decoding=\"async\" width=\"200\" height=\"200\" src=\"https:\/\/sentiers05.fr\/wp-content\/uploads\/2023\/01\/20230131_140847-200x200.jpg\" class=\"attachment-thumbnail size-thumbnail\" alt=\"\" aria-describedby=\"gallery-1-8053\" \/><\/a>\n\t\t\t<\/div>\n\t\t\t\t<figcaption class='wp-caption-text gallery-caption' id='gallery-1-8053'>\n\t\t\t\tpassage am\u00e9nag\u00e9\n\t\t\t\t<\/figcaption><\/figure>\n\t\t<\/div>\n\n<p>Du r\u00e9servoir des Mannes au col de Manse en passant par le r\u00e9servoir des Jausseaux, l&rsquo;itin\u00e9raire suit la berge du canal. Seule difficult\u00e9, des bucherons ont entass\u00e9 des troncs en travers du chemin et nous oblige \u00e0 accomplir quelques pas d&rsquo;\u00e9quilibriste.<\/p>\n<div id='gallery-2' class='gallery galleryid-8006 gallery-columns-3 gallery-size-thumbnail'><figure class='gallery-item'>\n\t\t\t<div class='gallery-icon landscape'>\n\t\t\t\t<a href='https:\/\/sentiers05.fr\/wp-content\/uploads\/2023\/01\/20230131_113013-e1675607054822.jpg'><img loading=\"lazy\" decoding=\"async\" width=\"200\" height=\"200\" src=\"https:\/\/sentiers05.fr\/wp-content\/uploads\/2023\/01\/20230131_113013-200x200.jpg\" class=\"attachment-thumbnail size-thumbnail\" alt=\"\" aria-describedby=\"gallery-2-8050\" \/><\/a>\n\t\t\t<\/div>\n\t\t\t\t<figcaption class='wp-caption-text gallery-caption' id='gallery-2-8050'>\n\t\t\t\tR\u00e9servoir des Jausseaux\n\t\t\t\t<\/figcaption><\/figure><figure class='gallery-item'>\n\t\t\t<div class='gallery-icon landscape'>\n\t\t\t\t<a href='https:\/\/sentiers05.fr\/wp-content\/uploads\/2023\/01\/20230131_115616-e1675607070190.jpg'><img loading=\"lazy\" decoding=\"async\" width=\"200\" height=\"200\" src=\"https:\/\/sentiers05.fr\/wp-content\/uploads\/2023\/01\/20230131_115616-200x200.jpg\" class=\"attachment-thumbnail size-thumbnail\" alt=\"\" aria-describedby=\"gallery-2-8051\" \/><\/a>\n\t\t\t<\/div>\n\t\t\t\t<figcaption class='wp-caption-text gallery-caption' id='gallery-2-8051'>\n\t\t\t\tsoleil, neige et vent\n\t\t\t\t<\/figcaption><\/figure><figure class='gallery-item'>\n\t\t\t<div class='gallery-icon landscape'>\n\t\t\t\t<a href='https:\/\/sentiers05.fr\/wp-content\/uploads\/2023\/01\/20230131_105003-e1675607038877.jpg'><img loading=\"lazy\" decoding=\"async\" width=\"200\" height=\"200\" src=\"https:\/\/sentiers05.fr\/wp-content\/uploads\/2023\/01\/20230131_105003-200x200.jpg\" class=\"attachment-thumbnail size-thumbnail\" alt=\"\" aria-describedby=\"gallery-2-8049\" \/><\/a>\n\t\t\t<\/div>\n\t\t\t\t<figcaption class='wp-caption-text gallery-caption' id='gallery-2-8049'>\n\t\t\t\tsoleil, glace et vent\n\t\t\t\t<\/figcaption><\/figure>\n\t\t<\/div>\n\n<p>Puis emprunte l&rsquo;ancienne voix ferr\u00e9e (Grenoble Gap, jamais termin\u00e9e), qui depuis peu est am\u00e9nag\u00e9e en piste cyclable goudronn\u00e9e&#8230;.<\/p>\n<p>&nbsp;<\/p>\n<p>&nbsp;<\/p>\n<p>&nbsp;<\/p>\n","protected":false},"excerpt":{"rendered":"<p>Le dernier jour de janvier, nous offre de la bise et du froid<\/p>\n","protected":false},"author":20,"featured_media":8007,"comment_status":"closed","ping_status":"open","sticky":false,"template":"","format":"standard","meta":{"footnotes":""},"categories":[3],"tags":[],"class_list":["post-8006","post","type-post","status-publish","format-standard","has-post-thumbnail","hentry","category-randonnee-pedestre"],"_links":{"self":[{"href":"https:\/\/sentiers05.fr\/index.php\/wp-json\/wp\/v2\/posts\/8006","targetHints":{"allow":["GET"]}}],"collection":[{"href":"https:\/\/sentiers05.fr\/index.php\/wp-json\/wp\/v2\/posts"}],"about":[{"href":"https:\/\/sentiers05.fr\/index.php\/wp-json\/wp\/v2\/types\/post"}],"author":[{"embeddable":true,"href":"https:\/\/sentiers05.fr\/index.php\/wp-json\/wp\/v2\/users\/20"}],"replies":[{"embeddable":true,"href":"https:\/\/sentiers05.fr\/index.php\/wp-json\/wp\/v2\/comments?post=8006"}],"version-history":[{"count":4,"href":"https:\/\/sentiers05.fr\/index.php\/wp-json\/wp\/v2\/posts\/8006\/revisions"}],"predecessor-version":[{"id":8058,"href":"https:\/\/sentiers05.fr\/index.php\/wp-json\/wp\/v2\/posts\/8006\/revisions\/8058"}],"wp:featuredmedia":[{"embeddable":true,"href":"https:\/\/sentiers05.fr\/index.php\/wp-json\/wp\/v2\/media\/8007"}],"wp:attachment":[{"href":"https:\/\/sentiers05.fr\/index.php\/wp-json\/wp\/v2\/media?parent=8006"}],"wp:term":[{"taxonomy":"category","embeddable":true,"href":"https:\/\/sentiers05.fr\/index.php\/wp-json\/wp\/v2\/categories?post=8006"},{"taxonomy":"post_tag","embeddable":true,"href":"https:\/\/sentiers05.fr\/index.php\/wp-json\/wp\/v2\/tags?post=8006"}],"curies":[{"name":"wp","href":"https:\/\/api.w.org\/{rel}","templated":true}]}}