{"id":797,"date":"2016-03-10T19:28:43","date_gmt":"2016-03-10T19:28:43","guid":{"rendered":"http:\/\/sentiers05.fr\/?p=797"},"modified":"2016-03-11T20:42:33","modified_gmt":"2016-03-11T20:42:33","slug":"lac-de-mison","status":"publish","type":"post","link":"https:\/\/sentiers05.fr\/index.php\/2016\/03\/10\/lac-de-mison\/","title":{"rendered":"Lac de Mison"},"content":{"rendered":"<p><a href=\"https:\/\/sentiers05.fr\/wp-content\/uploads\/2016\/03\/2359.jpg\" rel=\"attachment wp-att-804\"><img loading=\"lazy\" decoding=\"async\" class=\"aligncenter size-thumbnail wp-image-804\" src=\"https:\/\/sentiers05.fr\/wp-content\/uploads\/2016\/03\/2359-200x200.jpg\" alt=\"2359\" width=\"200\" height=\"200\" \/><\/a>Sortie p\u00e9destre du jeudi 10 mars 2016 anim\u00e9e par Gilbert BERTRAND <!--more-->avec 15 Participants : Chantal H, Chantal S, Elisabeth, Fran\u00e7oise BP, Jean-Paul, Nicole et Claude, Nicole M, Marie-Madeleine, Marthe et Pierre, Max, Paul, Yvonne.<\/p>\n<p>A 8h 30 Rendez-vous au parking de la piscine.<br \/>\nA 9h 10 Au parking du Po\u00ebt nous retrouvons Max et Paul. Il fait 5\u00b0, alt 550m.<a href=\"https:\/\/sentiers05.fr\/wp-content\/uploads\/2016\/03\/2355.jpg\" rel=\"attachment wp-att-802\"><img loading=\"lazy\" decoding=\"async\" class=\"alignright size-medium wp-image-802\" src=\"https:\/\/sentiers05.fr\/wp-content\/uploads\/2016\/03\/2355-300x224.jpg\" alt=\"2355\" width=\"300\" height=\"224\" srcset=\"https:\/\/sentiers05.fr\/wp-content\/uploads\/2016\/03\/2355-300x224.jpg 300w, https:\/\/sentiers05.fr\/wp-content\/uploads\/2016\/03\/2355-584x436.jpg 584w, https:\/\/sentiers05.fr\/wp-content\/uploads\/2016\/03\/2355.jpg 1037w\" sizes=\"auto, (max-width: 300px) 85vw, 300px\" \/><\/a><br \/>\nNous d\u00e9marrons \u00e0 9h 30, le temps de saluer Marthe et Pierre qui se garent (ils nous retrouveront sur le chemin et feront la rando avec nous) et de r\u00e9parer mes b\u00e2tons!<\/p>\n<p>Nous prenons le chemin Maurelle bord\u00e9 de ch\u00eanes<a href=\"https:\/\/sentiers05.fr\/wp-content\/uploads\/2016\/03\/2357.jpg\" rel=\"attachment wp-att-803\"><img loading=\"lazy\" decoding=\"async\" class=\"aligncenter size-large wp-image-803\" src=\"https:\/\/sentiers05.fr\/wp-content\/uploads\/2016\/03\/2357-584x436.jpg\" alt=\"2357\" width=\"584\" height=\"436\" srcset=\"https:\/\/sentiers05.fr\/wp-content\/uploads\/2016\/03\/2357-584x436.jpg 584w, https:\/\/sentiers05.fr\/wp-content\/uploads\/2016\/03\/2357-300x224.jpg 300w, https:\/\/sentiers05.fr\/wp-content\/uploads\/2016\/03\/2357.jpg 1037w\" sizes=\"auto, (max-width: 584px) 85vw, 584px\" \/><\/a>et nous arrivons au bord du lac de Mison \u00e0 10h 30.<a href=\"https:\/\/sentiers05.fr\/wp-content\/uploads\/2016\/03\/2360.jpg\" rel=\"attachment wp-att-805\"><img loading=\"lazy\" decoding=\"async\" class=\"size-medium wp-image-805 alignleft\" src=\"https:\/\/sentiers05.fr\/wp-content\/uploads\/2016\/03\/2360-300x224.jpg\" alt=\"2360\" width=\"300\" height=\"224\" srcset=\"https:\/\/sentiers05.fr\/wp-content\/uploads\/2016\/03\/2360-300x224.jpg 300w, https:\/\/sentiers05.fr\/wp-content\/uploads\/2016\/03\/2360-584x436.jpg 584w, https:\/\/sentiers05.fr\/wp-content\/uploads\/2016\/03\/2360.jpg 1037w\" sizes=\"auto, (max-width: 300px) 85vw, 300px\" \/><\/a><\/p>\n<p>Nous faisons un petit arr\u00eat pour grignoter. Il y a quelques canards qui se prom\u00e8nent.<\/p>\n<div id='gallery-1' class='gallery galleryid-797 gallery-columns-2 gallery-size-medium'><figure class='gallery-item'>\n\t\t\t<div class='gallery-icon portrait'>\n\t\t\t\t<a href='https:\/\/sentiers05.fr\/wp-content\/uploads\/2016\/03\/2372.jpg'><img loading=\"lazy\" decoding=\"async\" width=\"224\" height=\"300\" src=\"https:\/\/sentiers05.fr\/wp-content\/uploads\/2016\/03\/2372-224x300.jpg\" class=\"attachment-medium size-medium\" alt=\"\" srcset=\"https:\/\/sentiers05.fr\/wp-content\/uploads\/2016\/03\/2372-224x300.jpg 224w, https:\/\/sentiers05.fr\/wp-content\/uploads\/2016\/03\/2372-436x584.jpg 436w, https:\/\/sentiers05.fr\/wp-content\/uploads\/2016\/03\/2372.jpg 775w\" sizes=\"auto, (max-width: 224px) 85vw, 224px\" \/><\/a>\n\t\t\t<\/div><\/figure><figure class='gallery-item'>\n\t\t\t<div class='gallery-icon portrait'>\n\t\t\t\t<a href='https:\/\/sentiers05.fr\/wp-content\/uploads\/2016\/03\/2373.jpg'><img loading=\"lazy\" decoding=\"async\" width=\"224\" height=\"300\" src=\"https:\/\/sentiers05.fr\/wp-content\/uploads\/2016\/03\/2373-224x300.jpg\" class=\"attachment-medium size-medium\" alt=\"\" srcset=\"https:\/\/sentiers05.fr\/wp-content\/uploads\/2016\/03\/2373-224x300.jpg 224w, https:\/\/sentiers05.fr\/wp-content\/uploads\/2016\/03\/2373-436x584.jpg 436w, https:\/\/sentiers05.fr\/wp-content\/uploads\/2016\/03\/2373.jpg 775w\" sizes=\"auto, (max-width: 224px) 85vw, 224px\" \/><\/a>\n\t\t\t<\/div><\/figure>\n\t\t<\/div>\n\n<p>Nous longeons un moment le lac et filons sur la gauche pour contourner le plateau de Longueirard.<a href=\"https:\/\/sentiers05.fr\/wp-content\/uploads\/2016\/03\/2375.jpg\" rel=\"attachment wp-att-808\"><img loading=\"lazy\" decoding=\"async\" class=\"aligncenter size-large wp-image-808\" src=\"https:\/\/sentiers05.fr\/wp-content\/uploads\/2016\/03\/2375-584x436.jpg\" alt=\"2375\" width=\"584\" height=\"436\" srcset=\"https:\/\/sentiers05.fr\/wp-content\/uploads\/2016\/03\/2375-584x436.jpg 584w, https:\/\/sentiers05.fr\/wp-content\/uploads\/2016\/03\/2375-300x224.jpg 300w, https:\/\/sentiers05.fr\/wp-content\/uploads\/2016\/03\/2375.jpg 1037w\" sizes=\"auto, (max-width: 584px) 85vw, 584px\" \/><\/a>Nous nous arr\u00eatons \u00e0 midi pour d\u00e9jeuner dans un endroit ensoleill\u00e9 o\u00f9 nous dominons le lac.<a href=\"https:\/\/sentiers05.fr\/wp-content\/uploads\/2016\/03\/2378.jpg\" rel=\"attachment wp-att-809\"><img loading=\"lazy\" decoding=\"async\" class=\"aligncenter size-large wp-image-809\" src=\"https:\/\/sentiers05.fr\/wp-content\/uploads\/2016\/03\/2378-584x436.jpg\" alt=\"2378\" width=\"584\" height=\"436\" srcset=\"https:\/\/sentiers05.fr\/wp-content\/uploads\/2016\/03\/2378-584x436.jpg 584w, https:\/\/sentiers05.fr\/wp-content\/uploads\/2016\/03\/2378-300x224.jpg 300w, https:\/\/sentiers05.fr\/wp-content\/uploads\/2016\/03\/2378.jpg 1037w\" sizes=\"auto, (max-width: 584px) 85vw, 584px\" \/><\/a><a href=\"https:\/\/sentiers05.fr\/wp-content\/uploads\/2016\/03\/2379.jpg\" rel=\"attachment wp-att-810\"><img loading=\"lazy\" decoding=\"async\" class=\"aligncenter size-large wp-image-810\" src=\"https:\/\/sentiers05.fr\/wp-content\/uploads\/2016\/03\/2379-584x436.jpg\" alt=\"2379\" width=\"584\" height=\"436\" srcset=\"https:\/\/sentiers05.fr\/wp-content\/uploads\/2016\/03\/2379-584x436.jpg 584w, https:\/\/sentiers05.fr\/wp-content\/uploads\/2016\/03\/2379-300x224.jpg 300w, https:\/\/sentiers05.fr\/wp-content\/uploads\/2016\/03\/2379.jpg 1037w\" sizes=\"auto, (max-width: 584px) 85vw, 584px\" \/><\/a>Nous redescendons vers 13h 30 au bord du lac.<a href=\"https:\/\/sentiers05.fr\/wp-content\/uploads\/2016\/03\/2381.jpg\" rel=\"attachment wp-att-811\"><img loading=\"lazy\" decoding=\"async\" class=\"aligncenter size-large wp-image-811\" src=\"https:\/\/sentiers05.fr\/wp-content\/uploads\/2016\/03\/2381-584x436.jpg\" alt=\"2381\" width=\"584\" height=\"436\" srcset=\"https:\/\/sentiers05.fr\/wp-content\/uploads\/2016\/03\/2381-584x436.jpg 584w, https:\/\/sentiers05.fr\/wp-content\/uploads\/2016\/03\/2381-300x224.jpg 300w, https:\/\/sentiers05.fr\/wp-content\/uploads\/2016\/03\/2381.jpg 1037w\" sizes=\"auto, (max-width: 584px) 85vw, 584px\" \/><\/a> Nous traversons la route goudronn\u00e9e et nous empruntons le chemin en face de la digue. Sur le retour nous voyons des postes jaunes, c&rsquo;est la ligne de gaz qui relie Manosque \u00e0 Strasbourg.<\/p>\n<p>Puis nous trouvons la route de Fontpetite, au bord de laquelle il y a plusieurs fontaines. Elle nous m\u00e8ne au village du Po\u00ebt.<\/p>\n<p>Le retour au parking se fait \u00e0 14h 30. Il fait 15\u00b0.<\/p>\n<p>Nous avons fait une belle boucle de 12 km, un d\u00e9nivel\u00e9 (cumul\u00e9) de 400m.<br \/>\nJourn\u00e9e bien agr\u00e9able, tout le monde \u00e9tait de bonne humeur et heureux de se retrouver.<\/p>\n","protected":false},"excerpt":{"rendered":"<p>Sortie p\u00e9destre du jeudi 10 mars 2016 anim\u00e9e par Gilbert BERTRAND<\/p>\n","protected":false},"author":6,"featured_media":0,"comment_status":"closed","ping_status":"open","sticky":false,"template":"","format":"standard","meta":{"footnotes":""},"categories":[3],"tags":[],"class_list":["post-797","post","type-post","status-publish","format-standard","hentry","category-randonnee-pedestre"],"_links":{"self":[{"href":"https:\/\/sentiers05.fr\/index.php\/wp-json\/wp\/v2\/posts\/797","targetHints":{"allow":["GET"]}}],"collection":[{"href":"https:\/\/sentiers05.fr\/index.php\/wp-json\/wp\/v2\/posts"}],"about":[{"href":"https:\/\/sentiers05.fr\/index.php\/wp-json\/wp\/v2\/types\/post"}],"author":[{"embeddable":true,"href":"https:\/\/sentiers05.fr\/index.php\/wp-json\/wp\/v2\/users\/6"}],"replies":[{"embeddable":true,"href":"https:\/\/sentiers05.fr\/index.php\/wp-json\/wp\/v2\/comments?post=797"}],"version-history":[{"count":11,"href":"https:\/\/sentiers05.fr\/index.php\/wp-json\/wp\/v2\/posts\/797\/revisions"}],"predecessor-version":[{"id":819,"href":"https:\/\/sentiers05.fr\/index.php\/wp-json\/wp\/v2\/posts\/797\/revisions\/819"}],"wp:attachment":[{"href":"https:\/\/sentiers05.fr\/index.php\/wp-json\/wp\/v2\/media?parent=797"}],"wp:term":[{"taxonomy":"category","embeddable":true,"href":"https:\/\/sentiers05.fr\/index.php\/wp-json\/wp\/v2\/categories?post=797"},{"taxonomy":"post_tag","embeddable":true,"href":"https:\/\/sentiers05.fr\/index.php\/wp-json\/wp\/v2\/tags?post=797"}],"curies":[{"name":"wp","href":"https:\/\/api.w.org\/{rel}","templated":true}]}}