{"id":7697,"date":"2022-09-27T19:01:42","date_gmt":"2022-09-27T19:01:42","guid":{"rendered":"http:\/\/sentiers05.fr\/?p=7697"},"modified":"2022-09-28T06:28:57","modified_gmt":"2022-09-28T06:28:57","slug":"chaudun","status":"publish","type":"post","link":"https:\/\/sentiers05.fr\/index.php\/2022\/09\/27\/chaudun\/","title":{"rendered":"Chaudun"},"content":{"rendered":"<p>Chaudun A\/R<\/p>\n<div>Nous avons \u00e9t\u00e9 b\u00e9nis des dieux&#8230; pas de pluie !<\/div>\n<div><\/div>\n<p><!--more--><\/p>\n<div>\n<div>Un grand vent froid, jumel\u00e9 avec un soleil \u00ab\u00a0matutinal\u00a0\u00bb pas vraiment r\u00e9chauffant nous accompagnent \u00e0 la descente. Descente qui se fait tranquilou.. si on veut&#8230;nous avons quand m\u00eame \u00e9t\u00e9 doubl\u00e9s par 3 v\u00e9hicules ( l&rsquo;ONF, des belges chassant le cervid\u00e9&#8230;et pas les randonneurs qui ne se mangent pas, des agriculteurs et leur remorque \u00e0 b\u00e9tail). L&rsquo;autoroute, je vous dis.<\/div>\n<div>\n<div id='gallery-1' class='gallery galleryid-7697 gallery-columns-3 gallery-size-thumbnail'><figure class='gallery-item'>\n\t\t\t<div class='gallery-icon landscape'>\n\t\t\t\t<a href='https:\/\/sentiers05.fr\/wp-content\/uploads\/2022\/09\/IMG-20220927-WA0003.jpg'><img loading=\"lazy\" decoding=\"async\" width=\"200\" height=\"200\" src=\"https:\/\/sentiers05.fr\/wp-content\/uploads\/2022\/09\/IMG-20220927-WA0003-200x200.jpg\" class=\"attachment-thumbnail size-thumbnail\" alt=\"\" \/><\/a>\n\t\t\t<\/div><\/figure><figure class='gallery-item'>\n\t\t\t<div class='gallery-icon landscape'>\n\t\t\t\t<a href='https:\/\/sentiers05.fr\/wp-content\/uploads\/2022\/09\/IMG-20220927-WA0004.jpg'><img loading=\"lazy\" decoding=\"async\" width=\"200\" height=\"200\" src=\"https:\/\/sentiers05.fr\/wp-content\/uploads\/2022\/09\/IMG-20220927-WA0004-200x200.jpg\" class=\"attachment-thumbnail size-thumbnail\" alt=\"\" \/><\/a>\n\t\t\t<\/div><\/figure><figure class='gallery-item'>\n\t\t\t<div class='gallery-icon landscape'>\n\t\t\t\t<a href='https:\/\/sentiers05.fr\/wp-content\/uploads\/2022\/09\/IMG-20220927-WA0001.jpg'><img loading=\"lazy\" decoding=\"async\" width=\"200\" height=\"200\" src=\"https:\/\/sentiers05.fr\/wp-content\/uploads\/2022\/09\/IMG-20220927-WA0001-200x200.jpg\" class=\"attachment-thumbnail size-thumbnail\" alt=\"\" \/><\/a>\n\t\t\t<\/div><\/figure>\n\t\t<\/div>\n\n<\/div>\n<div>Arriv\u00e9s aux maisons foresti\u00e8res, encas sous un soleil bienfaiteur et, pour ne pas d\u00e9roger aux habitudes de \u00ab\u00a0sentier\u00a0\u00bb:- repas apr\u00e8s la mont\u00e9e -, nous reprenons vite le chemin du retour.<\/div>\n<div>13h, Christian nous trouve une salle \u00e0 manger de r\u00eave, au soleil et sans vent, au col de Chabonotte. Cerise sur le g\u00e2teau&#8230;concert de clarines.<\/div>\n<div>\n<div id='gallery-2' class='gallery galleryid-7697 gallery-columns-3 gallery-size-thumbnail'><figure class='gallery-item'>\n\t\t\t<div class='gallery-icon landscape'>\n\t\t\t\t<a href='https:\/\/sentiers05.fr\/wp-content\/uploads\/2022\/09\/20220927_110643-e1664305100787.jpg'><img loading=\"lazy\" decoding=\"async\" width=\"200\" height=\"200\" src=\"https:\/\/sentiers05.fr\/wp-content\/uploads\/2022\/09\/20220927_110643-200x200.jpg\" class=\"attachment-thumbnail size-thumbnail\" alt=\"\" \/><\/a>\n\t\t\t<\/div><\/figure><figure class='gallery-item'>\n\t\t\t<div class='gallery-icon landscape'>\n\t\t\t\t<a href='https:\/\/sentiers05.fr\/wp-content\/uploads\/2022\/09\/20220927_114001.jpg'><img loading=\"lazy\" decoding=\"async\" width=\"200\" height=\"200\" src=\"https:\/\/sentiers05.fr\/wp-content\/uploads\/2022\/09\/20220927_114001-200x200.jpg\" class=\"attachment-thumbnail size-thumbnail\" alt=\"\" \/><\/a>\n\t\t\t<\/div><\/figure>\n\t\t<\/div>\n\n<\/div>\n<div>Une belle journ\u00e9e de plein air. MERCI.<\/div>\n<div>Texte : Chantal H.<\/div>\n<div>Photos : Corrine L. Christian<\/div>\n<\/div>\n","protected":false},"excerpt":{"rendered":"<p>Chaudun A\/R Nous avons \u00e9t\u00e9 b\u00e9nis des dieux&#8230; pas de pluie !<\/p>\n","protected":false},"author":20,"featured_media":7713,"comment_status":"closed","ping_status":"open","sticky":false,"template":"","format":"standard","meta":{"footnotes":""},"categories":[3],"tags":[],"class_list":["post-7697","post","type-post","status-publish","format-standard","has-post-thumbnail","hentry","category-randonnee-pedestre"],"_links":{"self":[{"href":"https:\/\/sentiers05.fr\/index.php\/wp-json\/wp\/v2\/posts\/7697","targetHints":{"allow":["GET"]}}],"collection":[{"href":"https:\/\/sentiers05.fr\/index.php\/wp-json\/wp\/v2\/posts"}],"about":[{"href":"https:\/\/sentiers05.fr\/index.php\/wp-json\/wp\/v2\/types\/post"}],"author":[{"embeddable":true,"href":"https:\/\/sentiers05.fr\/index.php\/wp-json\/wp\/v2\/users\/20"}],"replies":[{"embeddable":true,"href":"https:\/\/sentiers05.fr\/index.php\/wp-json\/wp\/v2\/comments?post=7697"}],"version-history":[{"count":5,"href":"https:\/\/sentiers05.fr\/index.php\/wp-json\/wp\/v2\/posts\/7697\/revisions"}],"predecessor-version":[{"id":7711,"href":"https:\/\/sentiers05.fr\/index.php\/wp-json\/wp\/v2\/posts\/7697\/revisions\/7711"}],"wp:featuredmedia":[{"embeddable":true,"href":"https:\/\/sentiers05.fr\/index.php\/wp-json\/wp\/v2\/media\/7713"}],"wp:attachment":[{"href":"https:\/\/sentiers05.fr\/index.php\/wp-json\/wp\/v2\/media?parent=7697"}],"wp:term":[{"taxonomy":"category","embeddable":true,"href":"https:\/\/sentiers05.fr\/index.php\/wp-json\/wp\/v2\/categories?post=7697"},{"taxonomy":"post_tag","embeddable":true,"href":"https:\/\/sentiers05.fr\/index.php\/wp-json\/wp\/v2\/tags?post=7697"}],"curies":[{"name":"wp","href":"https:\/\/api.w.org\/{rel}","templated":true}]}}