{"id":6931,"date":"2022-02-10T18:04:22","date_gmt":"2022-02-10T18:04:22","guid":{"rendered":"http:\/\/sentiers05.fr\/?p=6931"},"modified":"2022-02-11T20:51:56","modified_gmt":"2022-02-11T20:51:56","slug":"le-sommet-du-cuchon","status":"publish","type":"post","link":"https:\/\/sentiers05.fr\/index.php\/2022\/02\/10\/le-sommet-du-cuchon\/","title":{"rendered":"Le sommet du CUCHON"},"content":{"rendered":"<div>Jeudi 10 f\u00e9vrier\u00a0 \u00a0 \u00a0 \u00a0 \u00a0 A-R\u00a0 \u00a0 \u00a0 \u00a0 \u00a0 \u00a0 \u00a0 \u00a0Animateur Christian<\/div>\n<div>Texte : Fran\u00e7oise B.P. \u00a0 Photos : Dani\u00e8le M.<\/div>\n<div><\/div>\n<div>RV 9h parking de la Descente<\/div>\n<div>D\u00e9part 9h45\u00a0 \u00a0 \u00a0 \u00a0 Ancelle\u00a0 \u00a0 \u00a0 \u00a0 \u00a0 \u00a0Parking sur le Chemin de Rouane\u00a0 \u00a0 1341m<\/div>\n<div>d\u00e9nivel\u00e9\u00a0 750m\u00a0 \u00a0 \u00a0 \u00a0 \u00a0 14km\u00a0 \u00a0 \u00a0 \u00a0 \u00a0 \u00a0Mont\u00e9e 3h30\u00a0 \u00a0 \u00a0 \u00a0Descente 2h45<\/div>\n<div>\n<p><!--more--><\/p>\n<p>Nous sommes 17 qui prenons la piste verglac\u00e9e pendant environ 30 mn jusqu&rsquo;au sentier \u00e0 gauche (fl\u00e9ch\u00e9 raquettes).<\/p>\n<\/div>\n<div>\n<div>En larges lacets il nous m\u00e8ne au carrefour ensoleill\u00e9 \u00ab\u00a0Le RANC\u00a0\u00bb 1745m. Col de Combeau \u00e0 droite, le Cuchon \u00e0 gauche.<\/div>\n<div><\/div>\n<\/div>\n<div>\n<div id='gallery-1' class='gallery galleryid-6931 gallery-columns-3 gallery-size-thumbnail'><figure class='gallery-item'>\n\t\t\t<div class='gallery-icon portrait'>\n\t\t\t\t<a href='https:\/\/sentiers05.fr\/wp-content\/uploads\/2022\/02\/IMG-20220210-WA0022.jpg'><img loading=\"lazy\" decoding=\"async\" width=\"200\" height=\"200\" src=\"https:\/\/sentiers05.fr\/wp-content\/uploads\/2022\/02\/IMG-20220210-WA0022-200x200.jpg\" class=\"attachment-thumbnail size-thumbnail\" alt=\"\" \/><\/a>\n\t\t\t<\/div><\/figure><figure class='gallery-item'>\n\t\t\t<div class='gallery-icon portrait'>\n\t\t\t\t<a href='https:\/\/sentiers05.fr\/wp-content\/uploads\/2022\/02\/IMG-20220210-WA0021.jpg'><img loading=\"lazy\" decoding=\"async\" width=\"200\" height=\"200\" src=\"https:\/\/sentiers05.fr\/wp-content\/uploads\/2022\/02\/IMG-20220210-WA0021-200x200.jpg\" class=\"attachment-thumbnail size-thumbnail\" alt=\"\" \/><\/a>\n\t\t\t<\/div><\/figure><figure class='gallery-item'>\n\t\t\t<div class='gallery-icon portrait'>\n\t\t\t\t<a href='https:\/\/sentiers05.fr\/wp-content\/uploads\/2022\/02\/IMG-20220210-WA0020.jpg'><img loading=\"lazy\" decoding=\"async\" width=\"200\" height=\"200\" src=\"https:\/\/sentiers05.fr\/wp-content\/uploads\/2022\/02\/IMG-20220210-WA0020-200x200.jpg\" class=\"attachment-thumbnail size-thumbnail\" alt=\"\" \/><\/a>\n\t\t\t<\/div><\/figure>\n\t\t<\/div>\n\n<div>Une pause gourmande nous permet d&rsquo;admirer la vue sur la vall\u00e9e et l&rsquo;imposant cairn .<\/div>\n<div>Nous sommes \u00e0 moiti\u00e9 chemin .<\/div>\n<div>\n<div id='gallery-2' class='gallery galleryid-6931 gallery-columns-3 gallery-size-thumbnail'><figure class='gallery-item'>\n\t\t\t<div class='gallery-icon landscape'>\n\t\t\t\t<a href='https:\/\/sentiers05.fr\/wp-content\/uploads\/2022\/02\/Cuchon-Fran\u00e7oise.jpg'><img loading=\"lazy\" decoding=\"async\" width=\"200\" height=\"200\" src=\"https:\/\/sentiers05.fr\/wp-content\/uploads\/2022\/02\/Cuchon-Fran\u00e7oise-200x200.jpg\" class=\"attachment-thumbnail size-thumbnail\" alt=\"\" \/><\/a>\n\t\t\t<\/div><\/figure><figure class='gallery-item'>\n\t\t\t<div class='gallery-icon portrait'>\n\t\t\t\t<a href='https:\/\/sentiers05.fr\/wp-content\/uploads\/2022\/02\/IMG-20220210-WA0019.jpg'><img loading=\"lazy\" decoding=\"async\" width=\"200\" height=\"200\" src=\"https:\/\/sentiers05.fr\/wp-content\/uploads\/2022\/02\/IMG-20220210-WA0019-200x200.jpg\" class=\"attachment-thumbnail size-thumbnail\" alt=\"\" \/><\/a>\n\t\t\t<\/div><\/figure><figure class='gallery-item'>\n\t\t\t<div class='gallery-icon landscape'>\n\t\t\t\t<a href='https:\/\/sentiers05.fr\/wp-content\/uploads\/2022\/02\/IMG-20220210-WA0017.jpg'><img loading=\"lazy\" decoding=\"async\" width=\"200\" height=\"200\" src=\"https:\/\/sentiers05.fr\/wp-content\/uploads\/2022\/02\/IMG-20220210-WA0017-200x200.jpg\" class=\"attachment-thumbnail size-thumbnail\" alt=\"\" \/><\/a>\n\t\t\t<\/div><\/figure>\n\t\t<\/div>\n\n<\/div>\n<div>\n<div>Nous poursuivons la balade en suivant le sentier qui serpente en grandes travers\u00e9es. Nous redoublons d&rsquo;attention au passage d&rsquo;une cascade de rochers.<\/div>\n<div>\n<div id='gallery-3' class='gallery galleryid-6931 gallery-columns-3 gallery-size-thumbnail'><figure class='gallery-item'>\n\t\t\t<div class='gallery-icon landscape'>\n\t\t\t\t<a href='https:\/\/sentiers05.fr\/wp-content\/uploads\/2022\/02\/20220210_1454380-e1644601991464.jpg'><img loading=\"lazy\" decoding=\"async\" width=\"200\" height=\"200\" src=\"https:\/\/sentiers05.fr\/wp-content\/uploads\/2022\/02\/20220210_1454380-200x200.jpg\" class=\"attachment-thumbnail size-thumbnail\" alt=\"\" \/><\/a>\n\t\t\t<\/div><\/figure><figure class='gallery-item'>\n\t\t\t<div class='gallery-icon landscape'>\n\t\t\t\t<a href='https:\/\/sentiers05.fr\/wp-content\/uploads\/2022\/02\/20220210_145411-e1644601980300.jpg'><img loading=\"lazy\" decoding=\"async\" width=\"200\" height=\"200\" src=\"https:\/\/sentiers05.fr\/wp-content\/uploads\/2022\/02\/20220210_145411-200x200.jpg\" class=\"attachment-thumbnail size-thumbnail\" alt=\"\" \/><\/a>\n\t\t\t<\/div><\/figure><figure class='gallery-item'>\n\t\t\t<div class='gallery-icon landscape'>\n\t\t\t\t<a href='https:\/\/sentiers05.fr\/wp-content\/uploads\/2022\/02\/IMG-20220210-WA0016.jpg'><img loading=\"lazy\" decoding=\"async\" width=\"200\" height=\"200\" src=\"https:\/\/sentiers05.fr\/wp-content\/uploads\/2022\/02\/IMG-20220210-WA0016-200x200.jpg\" class=\"attachment-thumbnail size-thumbnail\" alt=\"\" \/><\/a>\n\t\t\t<\/div><\/figure>\n\t\t<\/div>\n\n<\/div>\n<div>\u00a0Un peu plus haut nous retrouvons la neige, certains, par pr\u00e9caution, chaussent les crampons.<\/div>\n<div>Nous atteignons le sommet \u00e0 13h15 . (2002m)\u00a0 . Une table d&rsquo;orientation permet de rep\u00e9rer les sommets alentours . C&rsquo;est aussi une aire de d\u00e9collage pour les parapentistes Un dispositif pour mesurer la force du vent est l\u00e0 pour les guider.<\/div>\n<div>\n<div id='gallery-4' class='gallery galleryid-6931 gallery-columns-3 gallery-size-thumbnail'><figure class='gallery-item'>\n\t\t\t<div class='gallery-icon landscape'>\n\t\t\t\t<a href='https:\/\/sentiers05.fr\/wp-content\/uploads\/2022\/02\/IMG-20220210-WA0018.jpg'><img loading=\"lazy\" decoding=\"async\" width=\"200\" height=\"200\" src=\"https:\/\/sentiers05.fr\/wp-content\/uploads\/2022\/02\/IMG-20220210-WA0018-200x200.jpg\" class=\"attachment-thumbnail size-thumbnail\" alt=\"\" \/><\/a>\n\t\t\t<\/div><\/figure><figure class='gallery-item'>\n\t\t\t<div class='gallery-icon landscape'>\n\t\t\t\t<a href='https:\/\/sentiers05.fr\/wp-content\/uploads\/2022\/02\/20220210_132931-e1644601846454.jpg'><img loading=\"lazy\" decoding=\"async\" width=\"200\" height=\"200\" src=\"https:\/\/sentiers05.fr\/wp-content\/uploads\/2022\/02\/20220210_132931-200x200.jpg\" class=\"attachment-thumbnail size-thumbnail\" alt=\"\" \/><\/a>\n\t\t\t<\/div><\/figure><figure class='gallery-item'>\n\t\t\t<div class='gallery-icon landscape'>\n\t\t\t\t<a href='https:\/\/sentiers05.fr\/wp-content\/uploads\/2022\/02\/20220210_131814-e1644601832207.jpg'><img loading=\"lazy\" decoding=\"async\" width=\"200\" height=\"200\" src=\"https:\/\/sentiers05.fr\/wp-content\/uploads\/2022\/02\/20220210_131814-200x200.jpg\" class=\"attachment-thumbnail size-thumbnail\" alt=\"\" \/><\/a>\n\t\t\t<\/div><\/figure>\n\t\t<\/div>\n\n<\/div>\n<div>\u00a0La vue panoramique nous \u00e9merveille.<\/div>\n<div>\n<div>En contre-bas, des skieurs arrivent du t\u00e9l\u00e9si\u00e8ge de St L\u00e9ger les M\u00e9l\u00e8zes.<\/div>\n<div>Nous appr\u00e9cions le pique-nique amical au soleil sur une pelouse d&rsquo;herbe s\u00e8che color\u00e9e de quelques crocus.<\/div>\n<div>14h, nous redescendons tranquillement par le m\u00eame chemin, dans la bonne humeur. Nous remarquons le r\u00e9veil de la nature par de nombreux l\u00e9zards qui profitent de la chaleur et par les\u00a0 premi\u00e8res\u00a0 fleurs\u00a0 jaunes du tussilage qui commencent juste \u00e0 poindre.<\/div>\n<div>\n<div id='gallery-5' class='gallery galleryid-6931 gallery-columns-3 gallery-size-thumbnail'><figure class='gallery-item'>\n\t\t\t<div class='gallery-icon landscape'>\n\t\t\t\t<a href='https:\/\/sentiers05.fr\/wp-content\/uploads\/2022\/02\/20220210_133710-e1644602235689.jpg'><img loading=\"lazy\" decoding=\"async\" width=\"200\" height=\"200\" src=\"https:\/\/sentiers05.fr\/wp-content\/uploads\/2022\/02\/20220210_133710-200x200.jpg\" class=\"attachment-thumbnail size-thumbnail\" alt=\"\" \/><\/a>\n\t\t\t<\/div><\/figure><figure class='gallery-item'>\n\t\t\t<div class='gallery-icon portrait'>\n\t\t\t\t<a href='https:\/\/sentiers05.fr\/wp-content\/uploads\/2022\/02\/IMG-20220210-WA0015.jpg'><img loading=\"lazy\" decoding=\"async\" width=\"200\" height=\"200\" src=\"https:\/\/sentiers05.fr\/wp-content\/uploads\/2022\/02\/IMG-20220210-WA0015-200x200.jpg\" class=\"attachment-thumbnail size-thumbnail\" alt=\"\" \/><\/a>\n\t\t\t<\/div><\/figure><figure class='gallery-item'>\n\t\t\t<div class='gallery-icon landscape'>\n\t\t\t\t<a href='https:\/\/sentiers05.fr\/wp-content\/uploads\/2022\/02\/20220210_162207-e1644602003168.jpg'><img loading=\"lazy\" decoding=\"async\" width=\"200\" height=\"200\" src=\"https:\/\/sentiers05.fr\/wp-content\/uploads\/2022\/02\/20220210_162207-200x200.jpg\" class=\"attachment-thumbnail size-thumbnail\" alt=\"\" \/><\/a>\n\t\t\t<\/div><\/figure>\n\t\t<\/div>\n\n<div>La glace sur la piste du matin est ramollie en surface. Il est plus ais\u00e9 de marcher.<\/div>\n<div>Le retour aux voitures s&rsquo;effectue \u00e0 16h45.<\/div>\n<div>Merci Christian pour le rameau de chatons offert en fin de rando, annonceur de beaux jours\u00a0 &#8230;.<\/div>\n<\/div>\n<div><\/div>\n<div>Pour suivre la trace de la randonn\u00e9e cliquer sur le lien ci dessous<\/div>\n<div><a href=\"http:\/\/my.viewranger.com\/track\/details\/MjE4ODM1OTg=\">http:\/\/my.viewranger.com\/track\/details\/MjE4ODM1OTg=<\/a><\/div>\n<div><em>(Penser \u00e0 mettre les miles en Kilom\u00e8tres)<\/em><\/div>\n<\/div>\n<div><\/div>\n<div><\/div>\n<\/div>\n<\/div>\n","protected":false},"excerpt":{"rendered":"<p>Jeudi 10 f\u00e9vrier\u00a0 \u00a0 \u00a0 \u00a0 \u00a0 A-R\u00a0 \u00a0 \u00a0 \u00a0 \u00a0 \u00a0 \u00a0 \u00a0Animateur Christian Texte : Fran\u00e7oise B.P. \u00a0 Photos : Dani\u00e8le M. RV 9h parking de la Descente D\u00e9part 9h45\u00a0 \u00a0 \u00a0 \u00a0 Ancelle\u00a0 \u00a0 \u00a0 \u00a0 \u00a0 \u00a0Parking sur le Chemin de Rouane\u00a0 \u00a0 1341m d\u00e9nivel\u00e9\u00a0 750m\u00a0 \u00a0 \u00a0 \u00a0 \u00a0 &hellip; <a href=\"https:\/\/sentiers05.fr\/index.php\/2022\/02\/10\/le-sommet-du-cuchon\/\" class=\"more-link\">Continuer la lecture<span class=\"screen-reader-text\"> de &laquo;&nbsp;Le sommet du CUCHON&nbsp;&raquo;<\/span><\/a><\/p>\n","protected":false},"author":20,"featured_media":6932,"comment_status":"closed","ping_status":"open","sticky":false,"template":"","format":"standard","meta":{"footnotes":""},"categories":[3],"tags":[],"class_list":["post-6931","post","type-post","status-publish","format-standard","has-post-thumbnail","hentry","category-randonnee-pedestre"],"_links":{"self":[{"href":"https:\/\/sentiers05.fr\/index.php\/wp-json\/wp\/v2\/posts\/6931","targetHints":{"allow":["GET"]}}],"collection":[{"href":"https:\/\/sentiers05.fr\/index.php\/wp-json\/wp\/v2\/posts"}],"about":[{"href":"https:\/\/sentiers05.fr\/index.php\/wp-json\/wp\/v2\/types\/post"}],"author":[{"embeddable":true,"href":"https:\/\/sentiers05.fr\/index.php\/wp-json\/wp\/v2\/users\/20"}],"replies":[{"embeddable":true,"href":"https:\/\/sentiers05.fr\/index.php\/wp-json\/wp\/v2\/comments?post=6931"}],"version-history":[{"count":9,"href":"https:\/\/sentiers05.fr\/index.php\/wp-json\/wp\/v2\/posts\/6931\/revisions"}],"predecessor-version":[{"id":6966,"href":"https:\/\/sentiers05.fr\/index.php\/wp-json\/wp\/v2\/posts\/6931\/revisions\/6966"}],"wp:featuredmedia":[{"embeddable":true,"href":"https:\/\/sentiers05.fr\/index.php\/wp-json\/wp\/v2\/media\/6932"}],"wp:attachment":[{"href":"https:\/\/sentiers05.fr\/index.php\/wp-json\/wp\/v2\/media?parent=6931"}],"wp:term":[{"taxonomy":"category","embeddable":true,"href":"https:\/\/sentiers05.fr\/index.php\/wp-json\/wp\/v2\/categories?post=6931"},{"taxonomy":"post_tag","embeddable":true,"href":"https:\/\/sentiers05.fr\/index.php\/wp-json\/wp\/v2\/tags?post=6931"}],"curies":[{"name":"wp","href":"https:\/\/api.w.org\/{rel}","templated":true}]}}