{"id":6841,"date":"2022-02-02T15:39:38","date_gmt":"2022-02-02T15:39:38","guid":{"rendered":"http:\/\/sentiers05.fr\/?p=6841"},"modified":"2022-02-11T16:48:56","modified_gmt":"2022-02-11T16:48:56","slug":"sejour-a-vallouise-2","status":"publish","type":"post","link":"https:\/\/sentiers05.fr\/index.php\/2022\/02\/02\/sejour-a-vallouise-2\/","title":{"rendered":"S\u00e9jour \u00e0 Vallouise"},"content":{"rendered":"<p>En ce d\u00e9but du mois de f\u00e9vrier, Sentiers 05 a organis\u00e9 une escapade de 3 jours \u00e0 Vallouise, au pied du Pelvoux.<\/p>\n<p>14 personnes ont r\u00e9pondu \u00e0 l&rsquo;appel.<\/p>\n<p>L&rsquo;h\u00e9bergement s&rsquo;est fait au g\u00eete \u00ab\u00a0l&rsquo;Aigli\u00e8re\u00a0\u00bb situ\u00e9 au coeur du village : Accueil chaleureux, convivial et des h\u00f4tes forts sympathiques.<\/p>\n<p><img loading=\"lazy\" decoding=\"async\" class=\"aligncenter size-large wp-image-6906\" src=\"https:\/\/sentiers05.fr\/wp-content\/uploads\/2022\/02\/11601891-diaporama-584x330.jpg\" alt=\"11601891-diaporama\" width=\"584\" height=\"330\" \/><\/p>\n<p>Sur les 3 randonn\u00e9es effectu\u00e9es, nous avons trouv\u00e9 la m\u00eame situation en ce qui concerne l&rsquo;enneigement. Nous avons donc adapt\u00e9 notre \u00e9quipement au terrain (crampons ou raquettes). Heureusement pour nous consoler de ne pas gambader dans la poudreuse, le soleil et la douceur nous ont accompagn\u00e9s pendant tout le s\u00e9jour.<\/p>\n<p><!--more--><\/p>\n<p><em><strong>Le premier jour <\/strong><\/em>(D\u00e9nivel\u00e9 = 400 m ; Temps = 4 h 30)<em><strong><br \/>\n<\/strong><\/em><\/p>\n<p>Nous avons ralli\u00e9 la commune de\u00a0 Villard Saint Pancrace, pr\u00e8s de Brian\u00e7on. Depuis le parking de la Maison de la Montagne, nous avons atteint, en suivant le GR5,<\/p>\n<div id='gallery-1' class='gallery galleryid-6841 gallery-columns-3 gallery-size-thumbnail'><figure class='gallery-item'>\n\t\t\t<div class='gallery-icon landscape'>\n\t\t\t\t<a href='https:\/\/sentiers05.fr\/index.php\/2022\/02\/02\/sejour-a-vallouise-2\/img_0945\/'><img loading=\"lazy\" decoding=\"async\" width=\"200\" height=\"200\" src=\"https:\/\/sentiers05.fr\/wp-content\/uploads\/2022\/02\/IMG_0945-200x200.jpg\" class=\"attachment-thumbnail size-thumbnail\" alt=\"\" \/><\/a>\n\t\t\t<\/div><\/figure><figure class='gallery-item'>\n\t\t\t<div class='gallery-icon landscape'>\n\t\t\t\t<a href='https:\/\/sentiers05.fr\/index.php\/2022\/02\/02\/sejour-a-vallouise-2\/img_0950\/'><img loading=\"lazy\" decoding=\"async\" width=\"200\" height=\"200\" src=\"https:\/\/sentiers05.fr\/wp-content\/uploads\/2022\/02\/IMG_0950-200x200.jpg\" class=\"attachment-thumbnail size-thumbnail\" alt=\"\" \/><\/a>\n\t\t\t<\/div><\/figure><figure class='gallery-item'>\n\t\t\t<div class='gallery-icon portrait'>\n\t\t\t\t<a href='https:\/\/sentiers05.fr\/index.php\/2022\/02\/02\/sejour-a-vallouise-2\/img-20220208-wa0017\/'><img loading=\"lazy\" decoding=\"async\" width=\"200\" height=\"200\" src=\"https:\/\/sentiers05.fr\/wp-content\/uploads\/2022\/02\/IMG-20220208-WA0017-200x200.jpg\" class=\"attachment-thumbnail size-thumbnail\" alt=\"\" \/><\/a>\n\t\t\t<\/div><\/figure>\n\t\t<\/div>\n\n<p>le hameau de Ayes (une soixantaine de chalets inoccup\u00e9s l&rsquo;hiver). Apr\u00e8s la pause du midi, retour par la piste du M\u00e9lezin et le lieu dit le Clos des Pr\u00e9s.<\/p>\n<div id='gallery-2' class='gallery galleryid-6841 gallery-columns-3 gallery-size-thumbnail'><figure class='gallery-item'>\n\t\t\t<div class='gallery-icon portrait'>\n\t\t\t\t<a href='https:\/\/sentiers05.fr\/index.php\/2022\/02\/02\/sejour-a-vallouise-2\/img-20220208-wa0011\/'><img loading=\"lazy\" decoding=\"async\" width=\"200\" height=\"200\" src=\"https:\/\/sentiers05.fr\/wp-content\/uploads\/2022\/02\/IMG-20220208-WA0011-200x200.jpg\" class=\"attachment-thumbnail size-thumbnail\" alt=\"\" \/><\/a>\n\t\t\t<\/div><\/figure><figure class='gallery-item'>\n\t\t\t<div class='gallery-icon landscape'>\n\t\t\t\t<a href='https:\/\/sentiers05.fr\/index.php\/2022\/02\/02\/sejour-a-vallouise-2\/img_0954\/'><img loading=\"lazy\" decoding=\"async\" width=\"200\" height=\"200\" src=\"https:\/\/sentiers05.fr\/wp-content\/uploads\/2022\/02\/IMG_0954-200x200.jpg\" class=\"attachment-thumbnail size-thumbnail\" alt=\"\" \/><\/a>\n\t\t\t<\/div><\/figure><figure class='gallery-item'>\n\t\t\t<div class='gallery-icon landscape'>\n\t\t\t\t<a href='https:\/\/sentiers05.fr\/index.php\/2022\/02\/02\/sejour-a-vallouise-2\/img_0953\/'><img loading=\"lazy\" decoding=\"async\" width=\"200\" height=\"200\" src=\"https:\/\/sentiers05.fr\/wp-content\/uploads\/2022\/02\/IMG_0953-200x200.jpg\" class=\"attachment-thumbnail size-thumbnail\" alt=\"\" \/><\/a>\n\t\t\t<\/div><\/figure>\n\t\t<\/div>\n\n<p>&nbsp;<\/p>\n<div id='gallery-3' class='gallery galleryid-6841 gallery-columns-3 gallery-size-thumbnail'><figure class='gallery-item'>\n\t\t\t<div class='gallery-icon landscape'>\n\t\t\t\t<a href='https:\/\/sentiers05.fr\/index.php\/2022\/02\/02\/sejour-a-vallouise-2\/img_0955\/'><img loading=\"lazy\" decoding=\"async\" width=\"200\" height=\"200\" src=\"https:\/\/sentiers05.fr\/wp-content\/uploads\/2022\/02\/IMG_0955-200x200.jpg\" class=\"attachment-thumbnail size-thumbnail\" alt=\"\" \/><\/a>\n\t\t\t<\/div><\/figure><figure class='gallery-item'>\n\t\t\t<div class='gallery-icon portrait'>\n\t\t\t\t<a href='https:\/\/sentiers05.fr\/index.php\/2022\/02\/02\/sejour-a-vallouise-2\/img_0952\/'><img loading=\"lazy\" decoding=\"async\" width=\"200\" height=\"200\" src=\"https:\/\/sentiers05.fr\/wp-content\/uploads\/2022\/02\/IMG_0952-200x200.jpg\" class=\"attachment-thumbnail size-thumbnail\" alt=\"\" \/><\/a>\n\t\t\t<\/div><\/figure><figure class='gallery-item'>\n\t\t\t<div class='gallery-icon landscape'>\n\t\t\t\t<a href='https:\/\/sentiers05.fr\/index.php\/2022\/02\/02\/sejour-a-vallouise-2\/img_0956\/'><img loading=\"lazy\" decoding=\"async\" width=\"200\" height=\"200\" src=\"https:\/\/sentiers05.fr\/wp-content\/uploads\/2022\/02\/IMG_0956-200x200.jpg\" class=\"attachment-thumbnail size-thumbnail\" alt=\"\" \/><\/a>\n\t\t\t<\/div><\/figure>\n\t\t<\/div>\n\n<div id='gallery-4' class='gallery galleryid-6841 gallery-columns-2 gallery-size-thumbnail'><figure class='gallery-item'>\n\t\t\t<div class='gallery-icon landscape'>\n\t\t\t\t<a href='https:\/\/sentiers05.fr\/index.php\/2022\/02\/02\/sejour-a-vallouise-2\/img_0945\/'><img loading=\"lazy\" decoding=\"async\" width=\"200\" height=\"200\" src=\"https:\/\/sentiers05.fr\/wp-content\/uploads\/2022\/02\/IMG_0945-200x200.jpg\" class=\"attachment-thumbnail size-thumbnail\" alt=\"\" \/><\/a>\n\t\t\t<\/div><\/figure><figure class='gallery-item'>\n\t\t\t<div class='gallery-icon landscape'>\n\t\t\t\t<a href='https:\/\/sentiers05.fr\/index.php\/2022\/02\/02\/sejour-a-vallouise-2\/img_0965-2\/'><img loading=\"lazy\" decoding=\"async\" width=\"200\" height=\"200\" src=\"https:\/\/sentiers05.fr\/wp-content\/uploads\/2022\/02\/IMG_0965-1-200x200.jpg\" class=\"attachment-thumbnail size-thumbnail\" alt=\"\" \/><\/a>\n\t\t\t<\/div><\/figure>\n\t\t<\/div>\n\n<p><em><strong>Le deuxi\u00e8me jour\u00a0 <\/strong><\/em>(D\u00e9nivel\u00e9 = 550 m ; Temps = 5 h)<em><strong><br \/>\n<\/strong><\/em><\/p>\n<p>Parcours un peu plus difficile au d\u00e9part du Parking du Plan d&rsquo;Aval au-dessus de la station Puy St Vincent 1400.<\/p>\n<p><img loading=\"lazy\" decoding=\"async\" class=\"aligncenter size-large wp-image-6918\" src=\"https:\/\/sentiers05.fr\/wp-content\/uploads\/2022\/02\/IMG-20220208-WA0040-584x438.jpg\" alt=\"IMG-20220208-WA0040\" width=\"584\" height=\"438\" \/><\/p>\n<p>L&rsquo;itin\u00e9raire passe par le col de la Pousterle,<\/p>\n<div id='gallery-5' class='gallery galleryid-6841 gallery-columns-3 gallery-size-thumbnail'><figure class='gallery-item'>\n\t\t\t<div class='gallery-icon landscape'>\n\t\t\t\t<a href='https:\/\/sentiers05.fr\/img_0963\/'><img loading=\"lazy\" decoding=\"async\" width=\"200\" height=\"200\" src=\"https:\/\/sentiers05.fr\/wp-content\/uploads\/2022\/02\/IMG_0963-200x200.jpg\" class=\"attachment-thumbnail size-thumbnail\" alt=\"\" \/><\/a>\n\t\t\t<\/div><\/figure><figure class='gallery-item'>\n\t\t\t<div class='gallery-icon landscape'>\n\t\t\t\t<a href='https:\/\/sentiers05.fr\/img_0965\/'><img loading=\"lazy\" decoding=\"async\" width=\"200\" height=\"200\" src=\"https:\/\/sentiers05.fr\/wp-content\/uploads\/2022\/02\/IMG_0965-200x200.jpg\" class=\"attachment-thumbnail size-thumbnail\" alt=\"\" \/><\/a>\n\t\t\t<\/div><\/figure><figure class='gallery-item'>\n\t\t\t<div class='gallery-icon portrait'>\n\t\t\t\t<a href='https:\/\/sentiers05.fr\/img_0962\/'><img loading=\"lazy\" decoding=\"async\" width=\"200\" height=\"200\" src=\"https:\/\/sentiers05.fr\/wp-content\/uploads\/2022\/02\/IMG_0962-200x200.jpg\" class=\"attachment-thumbnail size-thumbnail\" alt=\"\" \/><\/a>\n\t\t\t<\/div><\/figure>\n\t\t<\/div>\n\n<p>et ensuite nous progressons en suivant des jalons<\/p>\n<p><img loading=\"lazy\" decoding=\"async\" class=\"aligncenter size-large wp-image-6860\" src=\"https:\/\/sentiers05.fr\/wp-content\/uploads\/2022\/02\/IMG_0967-550x584.jpg\" alt=\"IMG_0967\" width=\"550\" height=\"584\" \/><\/p>\n<p>qui nous guident au sommet des T\u00eates. Paysages magnifiques \u00e0 360\u00b0 (presque sur le toit du monde).<\/p>\n<div id='gallery-6' class='gallery galleryid-6841 gallery-columns-2 gallery-size-thumbnail'><figure class='gallery-item'>\n\t\t\t<div class='gallery-icon landscape'>\n\t\t\t\t<a href='https:\/\/sentiers05.fr\/img_0969\/'><img loading=\"lazy\" decoding=\"async\" width=\"200\" height=\"200\" src=\"https:\/\/sentiers05.fr\/wp-content\/uploads\/2022\/02\/IMG_0969-200x200.jpg\" class=\"attachment-thumbnail size-thumbnail\" alt=\"\" \/><\/a>\n\t\t\t<\/div><\/figure><figure class='gallery-item'>\n\t\t\t<div class='gallery-icon landscape'>\n\t\t\t\t<a href='https:\/\/sentiers05.fr\/img_0974\/'><img loading=\"lazy\" decoding=\"async\" width=\"200\" height=\"200\" src=\"https:\/\/sentiers05.fr\/wp-content\/uploads\/2022\/02\/IMG_0974-200x200.jpg\" class=\"attachment-thumbnail size-thumbnail\" alt=\"\" \/><\/a>\n\t\t\t<\/div><\/figure>\n\t\t<\/div>\n\n<div id='gallery-7' class='gallery galleryid-6841 gallery-columns-3 gallery-size-thumbnail'><figure class='gallery-item'>\n\t\t\t<div class='gallery-icon landscape'>\n\t\t\t\t<a href='https:\/\/sentiers05.fr\/img_0971\/'><img loading=\"lazy\" decoding=\"async\" width=\"200\" height=\"200\" src=\"https:\/\/sentiers05.fr\/wp-content\/uploads\/2022\/02\/IMG_0971-200x200.jpg\" class=\"attachment-thumbnail size-thumbnail\" alt=\"\" \/><\/a>\n\t\t\t<\/div><\/figure><figure class='gallery-item'>\n\t\t\t<div class='gallery-icon landscape'>\n\t\t\t\t<a href='https:\/\/sentiers05.fr\/img_0973\/'><img loading=\"lazy\" decoding=\"async\" width=\"200\" height=\"200\" src=\"https:\/\/sentiers05.fr\/wp-content\/uploads\/2022\/02\/IMG_0973-200x200.jpg\" class=\"attachment-thumbnail size-thumbnail\" alt=\"\" \/><\/a>\n\t\t\t<\/div><\/figure><figure class='gallery-item'>\n\t\t\t<div class='gallery-icon portrait'>\n\t\t\t\t<a href='https:\/\/sentiers05.fr\/img_0972\/'><img loading=\"lazy\" decoding=\"async\" width=\"200\" height=\"200\" src=\"https:\/\/sentiers05.fr\/wp-content\/uploads\/2022\/02\/IMG_0972-200x200.jpg\" class=\"attachment-thumbnail size-thumbnail\" alt=\"\" \/><\/a>\n\t\t\t<\/div><\/figure>\n\t\t<\/div>\n\n<p>Retour ensuite au col et descente vers le parking par les chalets de Tournoux. Le peu de neige nous a contraint de suivre la piste de luge. Un peu lassant&#8230;<\/p>\n<p>Sur ce parcours, nous avons constat\u00e9 les d\u00e9g\u00e2ts occasionn\u00e9s par la temp\u00eate du d\u00e9but de\u00a0 semaine :\u00a0 branches, pommes de pin rendant la pratique du ski nordique impraticable.<\/p>\n<p><img loading=\"lazy\" decoding=\"async\" class=\"aligncenter size-large wp-image-6861\" src=\"https:\/\/sentiers05.fr\/wp-content\/uploads\/2022\/02\/IMG_0968-584x438.jpg\" alt=\"IMG_0968\" width=\"584\" height=\"438\" \/><\/p>\n<p><em><strong>Le troisi\u00e8me jour<\/strong><\/em><strong>\u00a0<\/strong> (D\u00e9nivel\u00e9 = 400 m ; Temps = 4 h)<\/p>\n<p>D\u00e9part : Pelvoux les Claux et son site de la cascade de glace.<\/p>\n<p><img loading=\"lazy\" decoding=\"async\" class=\"aligncenter size-large wp-image-6907\" src=\"https:\/\/sentiers05.fr\/wp-content\/uploads\/2022\/02\/1608201002-934533015-584x584.jpg\" alt=\"1608201002-934533015\" width=\"584\" height=\"584\" \/><\/p>\n<div id='gallery-8' class='gallery galleryid-6841 gallery-columns-2 gallery-size-thumbnail'><figure class='gallery-item'>\n\t\t\t<div class='gallery-icon landscape'>\n\t\t\t\t<a href='https:\/\/sentiers05.fr\/index.php\/2022\/02\/02\/sejour-a-vallouise-2\/img_0975\/'><img loading=\"lazy\" decoding=\"async\" width=\"200\" height=\"200\" src=\"https:\/\/sentiers05.fr\/wp-content\/uploads\/2022\/02\/IMG_0975-200x200.jpg\" class=\"attachment-thumbnail size-thumbnail\" alt=\"\" \/><\/a>\n\t\t\t<\/div><\/figure><figure class='gallery-item'>\n\t\t\t<div class='gallery-icon landscape'>\n\t\t\t\t<a href='https:\/\/sentiers05.fr\/index.php\/2022\/02\/02\/sejour-a-vallouise-2\/img_0976\/'><img loading=\"lazy\" decoding=\"async\" width=\"200\" height=\"200\" src=\"https:\/\/sentiers05.fr\/wp-content\/uploads\/2022\/02\/IMG_0976-200x200.jpg\" class=\"attachment-thumbnail size-thumbnail\" alt=\"\" \/><\/a>\n\t\t\t<\/div><\/figure>\n\t\t<\/div>\n\n<p>Attention \u00e0 ne pas glisser avant le d\u00e9part. Nous suivons la route (avec quelques variantes) pour rejoindre le village d&rsquo;Ailefroide.<\/p>\n<div id='gallery-9' class='gallery galleryid-6841 gallery-columns-2 gallery-size-thumbnail'><figure class='gallery-item'>\n\t\t\t<div class='gallery-icon landscape'>\n\t\t\t\t<a href='https:\/\/sentiers05.fr\/index.php\/2022\/02\/02\/sejour-a-vallouise-2\/img_0978\/'><img loading=\"lazy\" decoding=\"async\" width=\"200\" height=\"200\" src=\"https:\/\/sentiers05.fr\/wp-content\/uploads\/2022\/02\/IMG_0978-200x200.jpg\" class=\"attachment-thumbnail size-thumbnail\" alt=\"\" \/><\/a>\n\t\t\t<\/div><\/figure><figure class='gallery-item'>\n\t\t\t<div class='gallery-icon portrait'>\n\t\t\t\t<a href='https:\/\/sentiers05.fr\/index.php\/2022\/02\/02\/sejour-a-vallouise-2\/img_0977\/'><img loading=\"lazy\" decoding=\"async\" width=\"200\" height=\"200\" src=\"https:\/\/sentiers05.fr\/wp-content\/uploads\/2022\/02\/IMG_0977-200x200.jpg\" class=\"attachment-thumbnail size-thumbnail\" alt=\"\" \/><\/a>\n\t\t\t<\/div><\/figure>\n\t\t<\/div>\n\n<p>Village un peu fant\u00f4me que nous traversons pour trouver le soleil.<\/p>\n<p>Nous continuons sur la route qui m\u00e8ne au Pr\u00e9\u00a0 Madame Carle et trouvons un bel endroit pour pique-niquer.<\/p>\n<div id='gallery-10' class='gallery galleryid-6841 gallery-columns-2 gallery-size-thumbnail'><figure class='gallery-item'>\n\t\t\t<div class='gallery-icon landscape'>\n\t\t\t\t<a href='https:\/\/sentiers05.fr\/index.php\/2022\/02\/02\/sejour-a-vallouise-2\/img_0979\/'><img loading=\"lazy\" decoding=\"async\" width=\"200\" height=\"200\" src=\"https:\/\/sentiers05.fr\/wp-content\/uploads\/2022\/02\/IMG_0979-200x200.jpg\" class=\"attachment-thumbnail size-thumbnail\" alt=\"\" \/><\/a>\n\t\t\t<\/div><\/figure><figure class='gallery-item'>\n\t\t\t<div class='gallery-icon landscape'>\n\t\t\t\t<a href='https:\/\/sentiers05.fr\/index.php\/2022\/02\/02\/sejour-a-vallouise-2\/img_0981\/'><img loading=\"lazy\" decoding=\"async\" width=\"200\" height=\"200\" src=\"https:\/\/sentiers05.fr\/wp-content\/uploads\/2022\/02\/IMG_0981-200x200.jpg\" class=\"attachment-thumbnail size-thumbnail\" alt=\"\" \/><\/a>\n\t\t\t<\/div><\/figure>\n\t\t<\/div>\n\n<p>Le retour se fait par le m\u00eame chemin et nous terminons notre s\u00e9jour, comme tout fran\u00e7ais qui se respecte \u00ab\u00a0au bar\u00a0\u00bb.<\/p>\n<div id='gallery-11' class='gallery galleryid-6841 gallery-columns-3 gallery-size-thumbnail'><figure class='gallery-item'>\n\t\t\t<div class='gallery-icon landscape'>\n\t\t\t\t<a href='https:\/\/sentiers05.fr\/index.php\/2022\/02\/02\/sejour-a-vallouise-2\/recette-d30586-chocolat-chaud-au-lait-cannelle-et-poivre\/'><img loading=\"lazy\" decoding=\"async\" width=\"200\" height=\"200\" src=\"https:\/\/sentiers05.fr\/wp-content\/uploads\/2022\/02\/recette-d30586-chocolat-chaud-au-lait-cannelle-et-poivre-200x200.jpg\" class=\"attachment-thumbnail size-thumbnail\" alt=\"\" \/><\/a>\n\t\t\t<\/div><\/figure><figure class='gallery-item'>\n\t\t\t<div class='gallery-icon landscape'>\n\t\t\t\t<a href='https:\/\/sentiers05.fr\/index.php\/2022\/02\/02\/sejour-a-vallouise-2\/8585_w1200h628c1\/'><img loading=\"lazy\" decoding=\"async\" width=\"200\" height=\"200\" src=\"https:\/\/sentiers05.fr\/wp-content\/uploads\/2022\/02\/8585_w1200h628c1-200x200.jpg\" class=\"attachment-thumbnail size-thumbnail\" alt=\"\" \/><\/a>\n\t\t\t<\/div><\/figure><figure class='gallery-item'>\n\t\t\t<div class='gallery-icon landscape'>\n\t\t\t\t<a href='https:\/\/sentiers05.fr\/index.php\/2022\/02\/02\/sejour-a-vallouise-2\/cup-of-cappuccino-coffee-on-wooden-table\/'><img loading=\"lazy\" decoding=\"async\" width=\"200\" height=\"200\" src=\"https:\/\/sentiers05.fr\/wp-content\/uploads\/2022\/02\/cup-of-cappuccino-coffee-picture-id1130315137-200x200.jpg\" class=\"attachment-thumbnail size-thumbnail\" alt=\"\" aria-describedby=\"gallery-11-6925\" \/><\/a>\n\t\t\t<\/div>\n\t\t\t\t<figcaption class='wp-caption-text gallery-caption' id='gallery-11-6925'>\n\t\t\t\tCup of cappuccino coffee on wooden table\n\t\t\t\t<\/figcaption><\/figure>\n\t\t<\/div>\n\n<p>Avec mod\u00e9ration !!!<\/p>\n<p>Tout le monde rentre sur Gap, satisfaits et se promettant de recommencer le plus vite possible.<\/p>\n<p>&nbsp;<\/p>\n<p>&nbsp;<\/p>\n<p>&nbsp;<\/p>\n","protected":false},"excerpt":{"rendered":"<p>En ce d\u00e9but du mois de f\u00e9vrier, Sentiers 05 a organis\u00e9 une escapade de 3 jours \u00e0 Vallouise, au pied du Pelvoux. 14 personnes ont r\u00e9pondu \u00e0 l&rsquo;appel. L&rsquo;h\u00e9bergement s&rsquo;est fait au g\u00eete \u00ab\u00a0l&rsquo;Aigli\u00e8re\u00a0\u00bb situ\u00e9 au coeur du village : Accueil chaleureux, convivial et des h\u00f4tes forts sympathiques. Sur les 3 randonn\u00e9es effectu\u00e9es, nous avons &hellip; <a href=\"https:\/\/sentiers05.fr\/index.php\/2022\/02\/02\/sejour-a-vallouise-2\/\" class=\"more-link\">Continuer la lecture<span class=\"screen-reader-text\"> de &laquo;&nbsp;S\u00e9jour \u00e0 Vallouise&nbsp;&raquo;<\/span><\/a><\/p>\n","protected":false},"author":8,"featured_media":6908,"comment_status":"closed","ping_status":"open","sticky":false,"template":"","format":"standard","meta":{"footnotes":""},"categories":[4],"tags":[],"class_list":["post-6841","post","type-post","status-publish","format-standard","has-post-thumbnail","hentry","category-raquettes"],"_links":{"self":[{"href":"https:\/\/sentiers05.fr\/index.php\/wp-json\/wp\/v2\/posts\/6841","targetHints":{"allow":["GET"]}}],"collection":[{"href":"https:\/\/sentiers05.fr\/index.php\/wp-json\/wp\/v2\/posts"}],"about":[{"href":"https:\/\/sentiers05.fr\/index.php\/wp-json\/wp\/v2\/types\/post"}],"author":[{"embeddable":true,"href":"https:\/\/sentiers05.fr\/index.php\/wp-json\/wp\/v2\/users\/8"}],"replies":[{"embeddable":true,"href":"https:\/\/sentiers05.fr\/index.php\/wp-json\/wp\/v2\/comments?post=6841"}],"version-history":[{"count":19,"href":"https:\/\/sentiers05.fr\/index.php\/wp-json\/wp\/v2\/posts\/6841\/revisions"}],"predecessor-version":[{"id":6930,"href":"https:\/\/sentiers05.fr\/index.php\/wp-json\/wp\/v2\/posts\/6841\/revisions\/6930"}],"wp:featuredmedia":[{"embeddable":true,"href":"https:\/\/sentiers05.fr\/index.php\/wp-json\/wp\/v2\/media\/6908"}],"wp:attachment":[{"href":"https:\/\/sentiers05.fr\/index.php\/wp-json\/wp\/v2\/media?parent=6841"}],"wp:term":[{"taxonomy":"category","embeddable":true,"href":"https:\/\/sentiers05.fr\/index.php\/wp-json\/wp\/v2\/categories?post=6841"},{"taxonomy":"post_tag","embeddable":true,"href":"https:\/\/sentiers05.fr\/index.php\/wp-json\/wp\/v2\/tags?post=6841"}],"curies":[{"name":"wp","href":"https:\/\/api.w.org\/{rel}","templated":true}]}}