{"id":6417,"date":"2021-10-19T23:40:58","date_gmt":"2021-10-19T23:40:58","guid":{"rendered":"http:\/\/sentiers05.fr\/?p=6417"},"modified":"2021-10-21T17:21:52","modified_gmt":"2021-10-21T17:21:52","slug":"belvedere-des-curattes","status":"publish","type":"post","link":"https:\/\/sentiers05.fr\/index.php\/2021\/10\/19\/belvedere-des-curattes\/","title":{"rendered":"Belv\u00e9d\u00e8re des Curattes"},"content":{"rendered":"<p><a href=\"https:\/\/sentiers05.fr\/wp-content\/uploads\/2021\/10\/DSC_2908r.jpg\"><img loading=\"lazy\" decoding=\"async\" class=\"aligncenter size-thumbnail wp-image-6436\" src=\"https:\/\/sentiers05.fr\/wp-content\/uploads\/2021\/10\/DSC_2908r-200x200.jpg\" alt=\"DSC_2908r\" width=\"200\" height=\"200\" \/><\/a><\/p>\n<p>24 randonneurs (9 pour le premier groupe men\u00e9 par Jacqueline, 15 pour le second groupe men\u00e9 par Bernadette) ont r\u00e9pondu \u00ab Pr\u00e9sents \u00bb \u00e0 cette randonn\u00e9e commune de sentiers 05 avec retrouvailles au sommet ce mardi 19 octobre.\u00a0 \u00a0 \u00a0 \u00a0 \u00a0 \u00a0 \u00a0<!--more--><\/p>\n<p><a href=\"https:\/\/sentiers05.fr\/wp-content\/uploads\/2021\/10\/DSC_2899.jpg\"><img loading=\"lazy\" decoding=\"async\" class=\"alignright size-medium wp-image-6437\" src=\"https:\/\/sentiers05.fr\/wp-content\/uploads\/2021\/10\/DSC_2899-300x169.jpg\" alt=\"DSC_2899\" width=\"300\" height=\"169\" srcset=\"https:\/\/sentiers05.fr\/wp-content\/uploads\/2021\/10\/DSC_2899-300x169.jpg 300w, https:\/\/sentiers05.fr\/wp-content\/uploads\/2021\/10\/DSC_2899-584x329.jpg 584w, https:\/\/sentiers05.fr\/wp-content\/uploads\/2021\/10\/DSC_2899-1200x675.jpg 1200w, https:\/\/sentiers05.fr\/wp-content\/uploads\/2021\/10\/DSC_2899.jpg 2000w\" sizes=\"auto, (max-width: 300px) 85vw, 300px\" \/><\/a>Une belle journ\u00e9e s\u2019annonce avec la pr\u00e9sence du soleil et les couleurs chatoyantes de l\u2019automne.\u00a0D\u00e9part \u00e0 11h00 du M\u00e9morial de la FNACA (altitude 858 m proximit\u00e9 Baie St Michel)<\/p>\n<p><a href=\"https:\/\/sentiers05.fr\/wp-content\/uploads\/2021\/10\/DSC_2902.jpg\"><img loading=\"lazy\" decoding=\"async\" class=\"alignleft size-medium wp-image-6426\" src=\"https:\/\/sentiers05.fr\/wp-content\/uploads\/2021\/10\/DSC_2902-300x169.jpg\" alt=\"DSC_2902\" width=\"300\" height=\"169\" srcset=\"https:\/\/sentiers05.fr\/wp-content\/uploads\/2021\/10\/DSC_2902-300x169.jpg 300w, https:\/\/sentiers05.fr\/wp-content\/uploads\/2021\/10\/DSC_2902-584x329.jpg 584w, https:\/\/sentiers05.fr\/wp-content\/uploads\/2021\/10\/DSC_2902-1200x675.jpg 1200w, https:\/\/sentiers05.fr\/wp-content\/uploads\/2021\/10\/DSC_2902.jpg 2000w\" sizes=\"auto, (max-width: 300px) 85vw, 300px\" \/><\/a>en direction du Belv\u00e9d\u00e8re des Curattes (963 m). Le sentier en pente douce invite \u00e0 la fl\u00e2nerie et les palabres masculines vont bon train \u00e0 l\u2019arri\u00e8re du groupe !!!<\/p>\n<p>&nbsp;<\/p>\n<p>Apr\u00e8s 1 heure de marche, nous rejoignons le splendide Belv\u00e9d\u00e8re des Curattes avec vue panoramique sur le lac et retrouvons nos coll\u00e8gues du groupe de Jacqueline.<\/p>\n<p>Nous embrassons du regard le magnifique lac de Serre Pon\u00e7on aux reflets argent\u00e9s et les nombreux sommets environnants dont le mythique Pic du Grand Morgon.<a href=\"https:\/\/sentiers05.fr\/wp-content\/uploads\/2021\/10\/20211019_120905.jpg\"><img loading=\"lazy\" decoding=\"async\" class=\"aligncenter size-large wp-image-6422\" src=\"https:\/\/sentiers05.fr\/wp-content\/uploads\/2021\/10\/20211019_120905-584x276.jpg\" alt=\"20211019_120905\" width=\"584\" height=\"276\" srcset=\"https:\/\/sentiers05.fr\/wp-content\/uploads\/2021\/10\/20211019_120905-584x276.jpg 584w, https:\/\/sentiers05.fr\/wp-content\/uploads\/2021\/10\/20211019_120905-300x142.jpg 300w, https:\/\/sentiers05.fr\/wp-content\/uploads\/2021\/10\/20211019_120905-1200x568.jpg 1200w, https:\/\/sentiers05.fr\/wp-content\/uploads\/2021\/10\/20211019_120905.jpg 2016w\" sizes=\"auto, (max-width: 584px) 85vw, 584px\" \/><\/a>Pause d\u00e9jeuner vers 12h15 : pr\u00e9cieux moments d\u2019\u00e9changes, de partages et de convivialit\u00e9 entre nos 2 groupes.<\/p>\n<div id='gallery-1' class='gallery galleryid-6417 gallery-columns-2 gallery-size-medium'><figure class='gallery-item'>\n\t\t\t<div class='gallery-icon landscape'>\n\t\t\t\t<a href='https:\/\/sentiers05.fr\/wp-content\/uploads\/2021\/10\/20211019_120755.jpg'><img loading=\"lazy\" decoding=\"async\" width=\"300\" height=\"142\" src=\"https:\/\/sentiers05.fr\/wp-content\/uploads\/2021\/10\/20211019_120755-300x142.jpg\" class=\"attachment-medium size-medium\" alt=\"\" srcset=\"https:\/\/sentiers05.fr\/wp-content\/uploads\/2021\/10\/20211019_120755-300x142.jpg 300w, https:\/\/sentiers05.fr\/wp-content\/uploads\/2021\/10\/20211019_120755-584x276.jpg 584w, https:\/\/sentiers05.fr\/wp-content\/uploads\/2021\/10\/20211019_120755-1200x568.jpg 1200w, https:\/\/sentiers05.fr\/wp-content\/uploads\/2021\/10\/20211019_120755.jpg 2016w\" sizes=\"auto, (max-width: 300px) 85vw, 300px\" \/><\/a>\n\t\t\t<\/div><\/figure><figure class='gallery-item'>\n\t\t\t<div class='gallery-icon landscape'>\n\t\t\t\t<a href='https:\/\/sentiers05.fr\/wp-content\/uploads\/2021\/10\/20211019_122412.jpg'><img loading=\"lazy\" decoding=\"async\" width=\"300\" height=\"142\" src=\"https:\/\/sentiers05.fr\/wp-content\/uploads\/2021\/10\/20211019_122412-300x142.jpg\" class=\"attachment-medium size-medium\" alt=\"\" srcset=\"https:\/\/sentiers05.fr\/wp-content\/uploads\/2021\/10\/20211019_122412-300x142.jpg 300w, https:\/\/sentiers05.fr\/wp-content\/uploads\/2021\/10\/20211019_122412-584x276.jpg 584w, https:\/\/sentiers05.fr\/wp-content\/uploads\/2021\/10\/20211019_122412-1200x568.jpg 1200w, https:\/\/sentiers05.fr\/wp-content\/uploads\/2021\/10\/20211019_122412.jpg 2016w\" sizes=\"auto, (max-width: 300px) 85vw, 300px\" \/><\/a>\n\t\t\t<\/div><\/figure>\n\t\t<\/div>\n\n<p><a href=\"https:\/\/sentiers05.fr\/wp-content\/uploads\/2021\/10\/DSC_2910.jpg\"><img loading=\"lazy\" decoding=\"async\" class=\"alignright size-medium wp-image-6427\" src=\"https:\/\/sentiers05.fr\/wp-content\/uploads\/2021\/10\/DSC_2910-300x169.jpg\" alt=\"DSC_2910\" width=\"300\" height=\"169\" srcset=\"https:\/\/sentiers05.fr\/wp-content\/uploads\/2021\/10\/DSC_2910-300x169.jpg 300w, https:\/\/sentiers05.fr\/wp-content\/uploads\/2021\/10\/DSC_2910-584x329.jpg 584w, https:\/\/sentiers05.fr\/wp-content\/uploads\/2021\/10\/DSC_2910-1200x675.jpg 1200w, https:\/\/sentiers05.fr\/wp-content\/uploads\/2021\/10\/DSC_2910.jpg 2000w\" sizes=\"auto, (max-width: 300px) 85vw, 300px\" \/><\/a><\/p>\n<p>&nbsp;<\/p>\n<p>&nbsp;<\/p>\n<p>&nbsp;<\/p>\n<p style=\"text-align: justify;\">Vers 13h30 nous quittons ce magnifique point de vue,\u00a0 direction la Baie de Chanteloube avec visite de La Chapelle St Jacques dont Max fait sonner la cloche pour annoncer notre discr\u00e8te pr\u00e9sence aux Villageois !!!<\/p>\n<p style=\"text-align: justify;\"><a href=\"https:\/\/sentiers05.fr\/wp-content\/uploads\/2021\/10\/MOV_2911.mp4\">Cliquez ici et \u00e9couter !<\/a><\/p>\n<p>&nbsp;<\/p>\n<p>&nbsp;<\/p>\n<p>&nbsp;<\/p>\n<p>Apr\u00e8s cet \u00e9pisode insolite,\u00a0 direction la \u00ab Baie St Michel \u00bb. Notre\u00a0 chenille processionnaire compos\u00e9e \u00e0 pr\u00e9sent de 17 personnes serpente sur un sentier pittoresque\u00a0 entre marnes et promontoires.<\/p>\n<div id='gallery-2' class='gallery galleryid-6417 gallery-columns-2 gallery-size-medium'><figure class='gallery-item'>\n\t\t\t<div class='gallery-icon landscape'>\n\t\t\t\t<a href='https:\/\/sentiers05.fr\/wp-content\/uploads\/2021\/10\/DSC_2915.jpg'><img loading=\"lazy\" decoding=\"async\" width=\"300\" height=\"169\" src=\"https:\/\/sentiers05.fr\/wp-content\/uploads\/2021\/10\/DSC_2915-300x169.jpg\" class=\"attachment-medium size-medium\" alt=\"\" srcset=\"https:\/\/sentiers05.fr\/wp-content\/uploads\/2021\/10\/DSC_2915-300x169.jpg 300w, https:\/\/sentiers05.fr\/wp-content\/uploads\/2021\/10\/DSC_2915-584x329.jpg 584w, https:\/\/sentiers05.fr\/wp-content\/uploads\/2021\/10\/DSC_2915-1200x675.jpg 1200w, https:\/\/sentiers05.fr\/wp-content\/uploads\/2021\/10\/DSC_2915.jpg 2000w\" sizes=\"auto, (max-width: 300px) 85vw, 300px\" \/><\/a>\n\t\t\t<\/div><\/figure><figure class='gallery-item'>\n\t\t\t<div class='gallery-icon landscape'>\n\t\t\t\t<a href='https:\/\/sentiers05.fr\/wp-content\/uploads\/2021\/10\/DSC_2917.jpg'><img loading=\"lazy\" decoding=\"async\" width=\"300\" height=\"169\" src=\"https:\/\/sentiers05.fr\/wp-content\/uploads\/2021\/10\/DSC_2917-300x169.jpg\" class=\"attachment-medium size-medium\" alt=\"\" srcset=\"https:\/\/sentiers05.fr\/wp-content\/uploads\/2021\/10\/DSC_2917-300x169.jpg 300w, https:\/\/sentiers05.fr\/wp-content\/uploads\/2021\/10\/DSC_2917-584x329.jpg 584w, https:\/\/sentiers05.fr\/wp-content\/uploads\/2021\/10\/DSC_2917-1200x675.jpg 1200w, https:\/\/sentiers05.fr\/wp-content\/uploads\/2021\/10\/DSC_2917.jpg 2000w\" sizes=\"auto, (max-width: 300px) 85vw, 300px\" \/><\/a>\n\t\t\t<\/div><\/figure>\n\t\t<\/div>\n\n<p>Apr\u00e8s une br\u00e8ve halte \u00e0 une intersection directionnelle vers la Baie St Michel, nous empruntons un sentier vallonn\u00e9 alternant vue panoramique sur le lac et passages ombrag\u00e9s dans une for\u00eat de conif\u00e8res. Parfois notre regard surprend quelques criques lumineuses blotties dans leurs anses.<\/p>\n<p>Nous arrivons \u00e0 la Baie St Michel vers 15h00 et rejoignons notre point de d\u00e9part o\u00f9 nous attend le groupe de Jacqueline qui \u00e9tait descendu jusqu&rsquo;au lac pour profiter du paysage et du soleil.<\/p>\n<div id='gallery-3' class='gallery galleryid-6417 gallery-columns-2 gallery-size-medium'><figure class='gallery-item'>\n\t\t\t<div class='gallery-icon portrait'>\n\t\t\t\t<a href='https:\/\/sentiers05.fr\/wp-content\/uploads\/2021\/10\/IMG-20211020-WA0000.jpg'><img loading=\"lazy\" decoding=\"async\" width=\"142\" height=\"300\" src=\"https:\/\/sentiers05.fr\/wp-content\/uploads\/2021\/10\/IMG-20211020-WA0000-142x300.jpg\" class=\"attachment-medium size-medium\" alt=\"\" srcset=\"https:\/\/sentiers05.fr\/wp-content\/uploads\/2021\/10\/IMG-20211020-WA0000-142x300.jpg 142w, https:\/\/sentiers05.fr\/wp-content\/uploads\/2021\/10\/IMG-20211020-WA0000-276x584.jpg 276w, https:\/\/sentiers05.fr\/wp-content\/uploads\/2021\/10\/IMG-20211020-WA0000.jpg 757w\" sizes=\"auto, (max-width: 142px) 85vw, 142px\" \/><\/a>\n\t\t\t<\/div><\/figure><figure class='gallery-item'>\n\t\t\t<div class='gallery-icon landscape'>\n\t\t\t\t<a href='https:\/\/sentiers05.fr\/wp-content\/uploads\/2021\/10\/20211019_151546r.jpg'><img loading=\"lazy\" decoding=\"async\" width=\"300\" height=\"137\" src=\"https:\/\/sentiers05.fr\/wp-content\/uploads\/2021\/10\/20211019_151546r-300x137.jpg\" class=\"attachment-medium size-medium\" alt=\"\" srcset=\"https:\/\/sentiers05.fr\/wp-content\/uploads\/2021\/10\/20211019_151546r-300x137.jpg 300w, https:\/\/sentiers05.fr\/wp-content\/uploads\/2021\/10\/20211019_151546r-584x267.jpg 584w, https:\/\/sentiers05.fr\/wp-content\/uploads\/2021\/10\/20211019_151546r-1200x548.jpg 1200w, https:\/\/sentiers05.fr\/wp-content\/uploads\/2021\/10\/20211019_151546r.jpg 2000w\" sizes=\"auto, (max-width: 300px) 85vw, 300px\" \/><\/a>\n\t\t\t<\/div><\/figure>\n\t\t<\/div>\n\n<p>Belle journ\u00e9e riche en d\u00e9couverte et en partage, \u00e0 reconduire \u00e9videmment pour garder les pr\u00e9cieux liens avec nos \u00ab Anciens \u00bb<\/p>\n<p>Participants : <strong>Jacqueline<\/strong>,\u00a0Alain, Christiane et Yvon, F\u00e9lix, Fran\u00e7oise,\u00a0Jean-Marie,\u00a0Jean-Paul, Marie\u00a0 \u00a0<strong>&#8211;\u00a0<\/strong>\u00a0\u00a0<strong>Bernadette<\/strong>,<strong>\u00a0<\/strong>Christian et Christiane, Chantal, Patricia et Yves, Serge et Marie, Odile et Alain, Max, Corinne et Fran\u00e7ois, Mireille\u00a0et Isabelle.<\/p>\n<p><a href=\"https:\/\/sentiers05.fr\/wp-content\/uploads\/2021\/10\/Trace-du-19-10-2021.jpg\"><img loading=\"lazy\" decoding=\"async\" class=\"alignleft size-medium wp-image-6431\" src=\"https:\/\/sentiers05.fr\/wp-content\/uploads\/2021\/10\/Trace-du-19-10-2021-300x221.jpg\" alt=\"Trace du 19-10-2021\" width=\"300\" height=\"221\" srcset=\"https:\/\/sentiers05.fr\/wp-content\/uploads\/2021\/10\/Trace-du-19-10-2021-300x221.jpg 300w, https:\/\/sentiers05.fr\/wp-content\/uploads\/2021\/10\/Trace-du-19-10-2021-584x431.jpg 584w, https:\/\/sentiers05.fr\/wp-content\/uploads\/2021\/10\/Trace-du-19-10-2021-1200x885.jpg 1200w, https:\/\/sentiers05.fr\/wp-content\/uploads\/2021\/10\/Trace-du-19-10-2021.jpg 1598w\" sizes=\"auto, (max-width: 300px) 85vw, 300px\" \/><\/a>Randonn\u00e9e Automnale :<\/p>\n<ul>\n<li>5 Km de marche, 150 m de d\u00e9nivel\u00e9 pour le groupe de Jacqueline<\/li>\n<li>9 Km de marche, 350 m de d\u00e9nivel\u00e9 pour le groupe de Bernadette.<\/li>\n<\/ul>\n<p>&nbsp;<\/p>\n<p><em><strong>Texte\u00a0<\/strong>: Bernadette\u00a0&#8211; <strong>Photos<\/strong> : Jacqueline, Yves<\/em><\/p>\n<p>&nbsp;<\/p>\n","protected":false},"excerpt":{"rendered":"<p>24 randonneurs (9 pour le premier groupe men\u00e9 par Jacqueline, 15 pour le second groupe men\u00e9 par Bernadette) ont r\u00e9pondu \u00ab Pr\u00e9sents \u00bb \u00e0 cette randonn\u00e9e commune de sentiers 05 avec retrouvailles au sommet ce mardi 19 octobre.\u00a0 \u00a0 \u00a0 \u00a0 \u00a0 \u00a0 \u00a0<\/p>\n","protected":false},"author":1,"featured_media":0,"comment_status":"closed","ping_status":"open","sticky":false,"template":"","format":"standard","meta":{"footnotes":""},"categories":[3],"tags":[],"class_list":["post-6417","post","type-post","status-publish","format-standard","hentry","category-randonnee-pedestre"],"_links":{"self":[{"href":"https:\/\/sentiers05.fr\/index.php\/wp-json\/wp\/v2\/posts\/6417","targetHints":{"allow":["GET"]}}],"collection":[{"href":"https:\/\/sentiers05.fr\/index.php\/wp-json\/wp\/v2\/posts"}],"about":[{"href":"https:\/\/sentiers05.fr\/index.php\/wp-json\/wp\/v2\/types\/post"}],"author":[{"embeddable":true,"href":"https:\/\/sentiers05.fr\/index.php\/wp-json\/wp\/v2\/users\/1"}],"replies":[{"embeddable":true,"href":"https:\/\/sentiers05.fr\/index.php\/wp-json\/wp\/v2\/comments?post=6417"}],"version-history":[{"count":31,"href":"https:\/\/sentiers05.fr\/index.php\/wp-json\/wp\/v2\/posts\/6417\/revisions"}],"predecessor-version":[{"id":6464,"href":"https:\/\/sentiers05.fr\/index.php\/wp-json\/wp\/v2\/posts\/6417\/revisions\/6464"}],"wp:attachment":[{"href":"https:\/\/sentiers05.fr\/index.php\/wp-json\/wp\/v2\/media?parent=6417"}],"wp:term":[{"taxonomy":"category","embeddable":true,"href":"https:\/\/sentiers05.fr\/index.php\/wp-json\/wp\/v2\/categories?post=6417"},{"taxonomy":"post_tag","embeddable":true,"href":"https:\/\/sentiers05.fr\/index.php\/wp-json\/wp\/v2\/tags?post=6417"}],"curies":[{"name":"wp","href":"https:\/\/api.w.org\/{rel}","templated":true}]}}