{"id":5965,"date":"2021-07-22T16:15:40","date_gmt":"2021-07-22T16:15:40","guid":{"rendered":"http:\/\/sentiers05.fr\/?p=5965"},"modified":"2021-07-25T16:16:55","modified_gmt":"2021-07-25T16:16:55","slug":"la-tete-de-louis-xvi","status":"publish","type":"post","link":"https:\/\/sentiers05.fr\/index.php\/2021\/07\/22\/la-tete-de-louis-xvi\/","title":{"rendered":"La t\u00eate de Louis XVI"},"content":{"rendered":"<p>Pas de gilets jaunes ni de bonnets phrygiens pour aller \u00e0 l&rsquo;assaut de ce sommet ubayen, au nom si particulier.<\/p>\n<p>Nous partons \u00e0 six du lieu dit \u00ab\u00a0Les Clots\u00a0\u00bb et nous entamons la mont\u00e9e sur un sentier ombrag\u00e9 avec des passages tr\u00e8s agr\u00e9ables et d&rsquo;autres plus raides\u00a0 dans de beaux lacets.<\/p>\n<p><!--more--><\/p>\n<div id='gallery-1' class='gallery galleryid-5965 gallery-columns-2 gallery-size-medium'><figure class='gallery-item'>\n\t\t\t<div class='gallery-icon portrait'>\n\t\t\t\t<a href='https:\/\/sentiers05.fr\/index.php\/2021\/07\/22\/la-tete-de-louis-xvi\/img-20210723-wa0018\/'><img loading=\"lazy\" decoding=\"async\" width=\"225\" height=\"300\" src=\"https:\/\/sentiers05.fr\/wp-content\/uploads\/2021\/07\/IMG-20210723-WA0018-225x300.jpg\" class=\"attachment-medium size-medium\" alt=\"\" srcset=\"https:\/\/sentiers05.fr\/wp-content\/uploads\/2021\/07\/IMG-20210723-WA0018-225x300.jpg 225w, https:\/\/sentiers05.fr\/wp-content\/uploads\/2021\/07\/IMG-20210723-WA0018-438x584.jpg 438w, https:\/\/sentiers05.fr\/wp-content\/uploads\/2021\/07\/IMG-20210723-WA0018-1200x1600.jpg 1200w, https:\/\/sentiers05.fr\/wp-content\/uploads\/2021\/07\/IMG-20210723-WA0018-e1627209752152.jpg 1000w\" sizes=\"auto, (max-width: 225px) 85vw, 225px\" \/><\/a>\n\t\t\t<\/div><\/figure><figure class='gallery-item'>\n\t\t\t<div class='gallery-icon portrait'>\n\t\t\t\t<a href='https:\/\/sentiers05.fr\/index.php\/2021\/07\/22\/la-tete-de-louis-xvi\/img-20210723-wa0020\/'><img loading=\"lazy\" decoding=\"async\" width=\"225\" height=\"300\" src=\"https:\/\/sentiers05.fr\/wp-content\/uploads\/2021\/07\/IMG-20210723-WA0020-225x300.jpg\" class=\"attachment-medium size-medium\" alt=\"\" srcset=\"https:\/\/sentiers05.fr\/wp-content\/uploads\/2021\/07\/IMG-20210723-WA0020-225x300.jpg 225w, https:\/\/sentiers05.fr\/wp-content\/uploads\/2021\/07\/IMG-20210723-WA0020-438x584.jpg 438w, https:\/\/sentiers05.fr\/wp-content\/uploads\/2021\/07\/IMG-20210723-WA0020-1200x1600.jpg 1200w, https:\/\/sentiers05.fr\/wp-content\/uploads\/2021\/07\/IMG-20210723-WA0020-e1627209788574.jpg 1000w\" sizes=\"auto, (max-width: 225px) 85vw, 225px\" \/><\/a>\n\t\t\t<\/div><\/figure>\n\t\t<\/div>\n\n<div id='gallery-2' class='gallery galleryid-5965 gallery-columns-2 gallery-size-medium'><figure class='gallery-item'>\n\t\t\t<div class='gallery-icon landscape'>\n\t\t\t\t<a href='https:\/\/sentiers05.fr\/index.php\/2021\/07\/22\/la-tete-de-louis-xvi\/img-20210723-wa0010\/'><img loading=\"lazy\" decoding=\"async\" width=\"300\" height=\"225\" src=\"https:\/\/sentiers05.fr\/wp-content\/uploads\/2021\/07\/IMG-20210723-WA0010-300x225.jpg\" class=\"attachment-medium size-medium\" alt=\"\" srcset=\"https:\/\/sentiers05.fr\/wp-content\/uploads\/2021\/07\/IMG-20210723-WA0010-300x225.jpg 300w, https:\/\/sentiers05.fr\/wp-content\/uploads\/2021\/07\/IMG-20210723-WA0010-584x438.jpg 584w, https:\/\/sentiers05.fr\/wp-content\/uploads\/2021\/07\/IMG-20210723-WA0010-1200x900.jpg 1200w, https:\/\/sentiers05.fr\/wp-content\/uploads\/2021\/07\/IMG-20210723-WA0010-e1627209910865.jpg 1000w\" sizes=\"auto, (max-width: 300px) 85vw, 300px\" \/><\/a>\n\t\t\t<\/div><\/figure><figure class='gallery-item'>\n\t\t\t<div class='gallery-icon landscape'>\n\t\t\t\t<a href='https:\/\/sentiers05.fr\/index.php\/2021\/07\/22\/la-tete-de-louis-xvi\/img-20210723-wa0015\/'><img loading=\"lazy\" decoding=\"async\" width=\"300\" height=\"225\" src=\"https:\/\/sentiers05.fr\/wp-content\/uploads\/2021\/07\/IMG-20210723-WA0015-300x225.jpg\" class=\"attachment-medium size-medium\" alt=\"\" srcset=\"https:\/\/sentiers05.fr\/wp-content\/uploads\/2021\/07\/IMG-20210723-WA0015-300x225.jpg 300w, https:\/\/sentiers05.fr\/wp-content\/uploads\/2021\/07\/IMG-20210723-WA0015-584x438.jpg 584w, https:\/\/sentiers05.fr\/wp-content\/uploads\/2021\/07\/IMG-20210723-WA0015-1200x900.jpg 1200w, https:\/\/sentiers05.fr\/wp-content\/uploads\/2021\/07\/IMG-20210723-WA0015-e1627209883535.jpg 1000w\" sizes=\"auto, (max-width: 300px) 85vw, 300px\" \/><\/a>\n\t\t\t<\/div><\/figure>\n\t\t<\/div>\n\n<p>Au bout d&rsquo;une heure de marche, \u00e0 la sortie de la for\u00eat, nous arrivons \u00e0 notre premi\u00e8re \u00e9tape : une bergerie avec un parc \u00e0 moutons totalement d\u00e9sert.<\/p>\n<p><img loading=\"lazy\" decoding=\"async\" class=\"aligncenter size-large wp-image-5969\" src=\"https:\/\/sentiers05.fr\/wp-content\/uploads\/2021\/07\/IMG_0571-584x438.jpg\" alt=\"IMG_0571\" width=\"584\" height=\"438\" \/><\/p>\n<p>Nous faisons une pause r\u00e9confortante pr\u00e8s du torrent, situ\u00e9 un peu plus haut.<\/p>\n<p><img loading=\"lazy\" decoding=\"async\" class=\"aligncenter size-large wp-image-6001\" src=\"https:\/\/sentiers05.fr\/wp-content\/uploads\/2021\/07\/IMG_0574-584x438.jpg\" alt=\"IMG_0574\" width=\"584\" height=\"438\" \/><\/p>\n<p>Nous remontons l&rsquo;alpage et par une s\u00e8che mont\u00e9e, nous atteignons un faux col et un faux espoir.<\/p>\n<div id='gallery-3' class='gallery galleryid-5965 gallery-columns-2 gallery-size-thumbnail'><figure class='gallery-item'>\n\t\t\t<div class='gallery-icon landscape'>\n\t\t\t\t<a href='https:\/\/sentiers05.fr\/img_0576\/'><img loading=\"lazy\" decoding=\"async\" width=\"200\" height=\"200\" src=\"https:\/\/sentiers05.fr\/wp-content\/uploads\/2021\/07\/IMG_0576-200x200.jpg\" class=\"attachment-thumbnail size-thumbnail\" alt=\"\" \/><\/a>\n\t\t\t<\/div><\/figure><figure class='gallery-item'>\n\t\t\t<div class='gallery-icon landscape'>\n\t\t\t\t<a href='https:\/\/sentiers05.fr\/index.php\/2021\/07\/22\/la-tete-de-louis-xvi\/img-20210723-wa0012\/'><img loading=\"lazy\" decoding=\"async\" width=\"200\" height=\"200\" src=\"https:\/\/sentiers05.fr\/wp-content\/uploads\/2021\/07\/IMG-20210723-WA0012-200x200.jpg\" class=\"attachment-thumbnail size-thumbnail\" alt=\"\" \/><\/a>\n\t\t\t<\/div><\/figure>\n\t\t<\/div>\n\n<p>Il faut encore progresser pour rejoindre le sommet \u00e0 2 375 m.<\/p>\n<p><img loading=\"lazy\" decoding=\"async\" class=\"aligncenter size-large wp-image-5978\" src=\"https:\/\/sentiers05.fr\/wp-content\/uploads\/2021\/07\/IMG-20210723-WA0001-584x438.jpg\" alt=\"IMG-20210723-WA0001\" width=\"584\" height=\"438\" \/><\/p>\n<p>11 h 20 : un peu t\u00f4t pour se sustenter mais le petit d\u00e9jeuner est d\u00e9j\u00e0 loin&#8230;<\/p>\n<p>Nous en profitons pour admirer le panorama.<\/p>\n<div id='gallery-4' class='gallery galleryid-5965 gallery-columns-2 gallery-size-thumbnail'><figure class='gallery-item'>\n\t\t\t<div class='gallery-icon landscape'>\n\t\t\t\t<a href='https:\/\/sentiers05.fr\/index.php\/2021\/07\/22\/la-tete-de-louis-xvi\/img-20210723-wa0009\/'><img loading=\"lazy\" decoding=\"async\" width=\"200\" height=\"200\" src=\"https:\/\/sentiers05.fr\/wp-content\/uploads\/2021\/07\/IMG-20210723-WA0009-200x200.jpg\" class=\"attachment-thumbnail size-thumbnail\" alt=\"\" \/><\/a>\n\t\t\t<\/div><\/figure><figure class='gallery-item'>\n\t\t\t<div class='gallery-icon landscape'>\n\t\t\t\t<a href='https:\/\/sentiers05.fr\/index.php\/2021\/07\/22\/la-tete-de-louis-xvi\/img_0581\/'><img loading=\"lazy\" decoding=\"async\" width=\"200\" height=\"200\" src=\"https:\/\/sentiers05.fr\/wp-content\/uploads\/2021\/07\/IMG_0581-200x200.jpg\" class=\"attachment-thumbnail size-thumbnail\" alt=\"\" \/><\/a>\n\t\t\t<\/div><\/figure>\n\t\t<\/div>\n\n<div id='gallery-5' class='gallery galleryid-5965 gallery-columns-2 gallery-size-thumbnail'><figure class='gallery-item'>\n\t\t\t<div class='gallery-icon landscape'>\n\t\t\t\t<a href='https:\/\/sentiers05.fr\/img_0575-2\/'><img loading=\"lazy\" decoding=\"async\" width=\"200\" height=\"200\" src=\"https:\/\/sentiers05.fr\/wp-content\/uploads\/2021\/07\/IMG_0575-1-200x200.jpg\" class=\"attachment-thumbnail size-thumbnail\" alt=\"\" \/><\/a>\n\t\t\t<\/div><\/figure><figure class='gallery-item'>\n\t\t\t<div class='gallery-icon landscape'>\n\t\t\t\t<a href='https:\/\/sentiers05.fr\/img_0579\/'><img loading=\"lazy\" decoding=\"async\" width=\"200\" height=\"200\" src=\"https:\/\/sentiers05.fr\/wp-content\/uploads\/2021\/07\/IMG_0579-200x200.jpg\" class=\"attachment-thumbnail size-thumbnail\" alt=\"\" \/><\/a>\n\t\t\t<\/div><\/figure>\n\t\t<\/div>\n\n<p>Pendant cette collation bien m\u00e9rit\u00e9e, nous assistons \u00e0 un spectacle a\u00e9rien d&rsquo;OVI\u00a0dans le massif du Parpaillon.<\/p>\n<div id='gallery-6' class='gallery galleryid-5965 gallery-columns-2 gallery-size-thumbnail'><figure class='gallery-item'>\n\t\t\t<div class='gallery-icon landscape'>\n\t\t\t\t<a href='https:\/\/sentiers05.fr\/index.php\/2021\/07\/22\/la-tete-de-louis-xvi\/img_0586\/'><img loading=\"lazy\" decoding=\"async\" width=\"200\" height=\"200\" src=\"https:\/\/sentiers05.fr\/wp-content\/uploads\/2021\/07\/IMG_0586-200x200.jpg\" class=\"attachment-thumbnail size-thumbnail\" alt=\"\" \/><\/a>\n\t\t\t<\/div><\/figure><figure class='gallery-item'>\n\t\t\t<div class='gallery-icon landscape'>\n\t\t\t\t<a href='https:\/\/sentiers05.fr\/index.php\/2021\/07\/22\/la-tete-de-louis-xvi\/images-2\/'><img loading=\"lazy\" decoding=\"async\" width=\"200\" height=\"183\" src=\"https:\/\/sentiers05.fr\/wp-content\/uploads\/2021\/07\/images-200x183.jpg\" class=\"attachment-thumbnail size-thumbnail\" alt=\"\" \/><\/a>\n\t\t\t<\/div><\/figure>\n\t\t<\/div>\n\n<p>Faire attention : n&rsquo;oublier personne<\/p>\n<p><img loading=\"lazy\" decoding=\"async\" class=\"aligncenter size-large wp-image-6002\" src=\"https:\/\/sentiers05.fr\/wp-content\/uploads\/2021\/07\/IMG-20210723-WA0005-438x584.jpg\" alt=\"IMG-20210723-WA0005\" width=\"438\" height=\"584\" \/><\/p>\n<p>car &#8230;<\/p>\n<p><img loading=\"lazy\" decoding=\"async\" class=\"size-large wp-image-5990\" src=\"https:\/\/sentiers05.fr\/wp-content\/uploads\/2021\/07\/vultures-vector-id512172844-584x444.jpg\" alt=\"Illustration of a smirking vulture sitting on a branch looking at the camera. In the background three vultures are flying in the sky observing their surroundings for food.\" width=\"584\" height=\"444\" \/><\/p>\n<p>La descente se fait par le m\u00eame itin\u00e9raire entrecoup\u00e9 de quelques pauses parfois \u00e9tranges.<\/p>\n<div id='gallery-7' class='gallery galleryid-5965 gallery-columns-2 gallery-size-thumbnail'><figure class='gallery-item'>\n\t\t\t<div class='gallery-icon landscape'>\n\t\t\t\t<a href='https:\/\/sentiers05.fr\/index.php\/2021\/07\/22\/la-tete-de-louis-xvi\/img-20210723-wa0006\/'><img loading=\"lazy\" decoding=\"async\" width=\"200\" height=\"200\" src=\"https:\/\/sentiers05.fr\/wp-content\/uploads\/2021\/07\/IMG-20210723-WA0006-200x200.jpg\" class=\"attachment-thumbnail size-thumbnail\" alt=\"\" \/><\/a>\n\t\t\t<\/div><\/figure><figure class='gallery-item'>\n\t\t\t<div class='gallery-icon landscape'>\n\t\t\t\t<a href='https:\/\/sentiers05.fr\/index.php\/2021\/07\/22\/la-tete-de-louis-xvi\/img-20210723-wa0007\/'><img loading=\"lazy\" decoding=\"async\" width=\"200\" height=\"200\" src=\"https:\/\/sentiers05.fr\/wp-content\/uploads\/2021\/07\/IMG-20210723-WA0007-200x200.jpg\" class=\"attachment-thumbnail size-thumbnail\" alt=\"\" srcset=\"https:\/\/sentiers05.fr\/wp-content\/uploads\/2021\/07\/IMG-20210723-WA0007-200x200.jpg 200w, https:\/\/sentiers05.fr\/wp-content\/uploads\/2021\/07\/IMG-20210723-WA0007-300x298.jpg 300w, https:\/\/sentiers05.fr\/wp-content\/uploads\/2021\/07\/IMG-20210723-WA0007-584x581.jpg 584w, https:\/\/sentiers05.fr\/wp-content\/uploads\/2021\/07\/IMG-20210723-WA0007-e1627227606583.jpg 708w\" sizes=\"auto, (max-width: 200px) 85vw, 200px\" \/><\/a>\n\t\t\t<\/div><\/figure>\n\t\t<\/div>\n\n<p>Nous retrouvons la bergerie avec, cette fois, ses locataires. Puis, la for\u00eat.<\/p>\n<p><img loading=\"lazy\" decoding=\"async\" class=\"aligncenter size-large wp-image-5972\" src=\"https:\/\/sentiers05.fr\/wp-content\/uploads\/2021\/07\/IMG_0590-584x478.jpg\" alt=\"IMG_0590\" width=\"584\" height=\"478\" \/><\/p>\n<p>Nous passons pr\u00e8s d&rsquo;un chalet en ruine et en face, une source nous permet de nous rafra\u00eechir.<\/p>\n<div id='gallery-8' class='gallery galleryid-5965 gallery-columns-5 gallery-size-thumbnail'><figure class='gallery-item'>\n\t\t\t<div class='gallery-icon portrait'>\n\t\t\t\t<a href='https:\/\/sentiers05.fr\/index.php\/2021\/07\/22\/la-tete-de-louis-xvi\/img_0591\/'><img loading=\"lazy\" decoding=\"async\" width=\"200\" height=\"200\" src=\"https:\/\/sentiers05.fr\/wp-content\/uploads\/2021\/07\/IMG_0591-200x200.jpg\" class=\"attachment-thumbnail size-thumbnail\" alt=\"\" \/><\/a>\n\t\t\t<\/div><\/figure><figure class='gallery-item'>\n\t\t\t<div class='gallery-icon portrait'>\n\t\t\t\t<a href='https:\/\/sentiers05.fr\/index.php\/2021\/07\/22\/la-tete-de-louis-xvi\/img_0595\/'><img loading=\"lazy\" decoding=\"async\" width=\"200\" height=\"200\" src=\"https:\/\/sentiers05.fr\/wp-content\/uploads\/2021\/07\/IMG_0595-200x200.jpg\" class=\"attachment-thumbnail size-thumbnail\" alt=\"\" \/><\/a>\n\t\t\t<\/div><\/figure><figure class='gallery-item'>\n\t\t\t<div class='gallery-icon portrait'>\n\t\t\t\t<a href='https:\/\/sentiers05.fr\/index.php\/2021\/07\/22\/la-tete-de-louis-xvi\/img_0594\/'><img loading=\"lazy\" decoding=\"async\" width=\"200\" height=\"200\" src=\"https:\/\/sentiers05.fr\/wp-content\/uploads\/2021\/07\/IMG_0594-200x200.jpg\" class=\"attachment-thumbnail size-thumbnail\" alt=\"\" \/><\/a>\n\t\t\t<\/div><\/figure><figure class='gallery-item'>\n\t\t\t<div class='gallery-icon portrait'>\n\t\t\t\t<a href='https:\/\/sentiers05.fr\/index.php\/2021\/07\/22\/la-tete-de-louis-xvi\/img_0593\/'><img loading=\"lazy\" decoding=\"async\" width=\"200\" height=\"200\" src=\"https:\/\/sentiers05.fr\/wp-content\/uploads\/2021\/07\/IMG_0593-200x200.jpg\" class=\"attachment-thumbnail size-thumbnail\" alt=\"\" \/><\/a>\n\t\t\t<\/div><\/figure><figure class='gallery-item'>\n\t\t\t<div class='gallery-icon portrait'>\n\t\t\t\t<a href='https:\/\/sentiers05.fr\/index.php\/2021\/07\/22\/la-tete-de-louis-xvi\/img_0592\/'><img loading=\"lazy\" decoding=\"async\" width=\"200\" height=\"200\" src=\"https:\/\/sentiers05.fr\/wp-content\/uploads\/2021\/07\/IMG_0592-200x200.jpg\" class=\"attachment-thumbnail size-thumbnail\" alt=\"\" \/><\/a>\n\t\t\t<\/div><\/figure>\n\t\t<\/div>\n\n<p>Nous perdons de l&rsquo;altitude, gagnons en chaleur et nous retrouvons nos v\u00e9hicules en\u00a0 \u00ab\u00a0plein soleil\u00a0\u00bb !!!<\/p>\n<p>Tr\u00e8s belle journ\u00e9e de 6 heures\u00a0 pour une d\u00e9nivel\u00e9e de 1 100 m\u00a0 sur une distance de 10 kms.<\/p>\n<p><img loading=\"lazy\" decoding=\"async\" class=\"aligncenter size-large wp-image-5989\" src=\"https:\/\/sentiers05.fr\/wp-content\/uploads\/2021\/07\/IMG-20210723-WA0022-584x523.jpg\" alt=\"IMG-20210723-WA0022\" width=\"584\" height=\"523\" \/><\/p>\n<p>&nbsp;<\/p>\n","protected":false},"excerpt":{"rendered":"<p>Pas de gilets jaunes ni de bonnets phrygiens pour aller \u00e0 l&rsquo;assaut de ce sommet ubayen, au nom si particulier. Nous partons \u00e0 six du lieu dit \u00ab\u00a0Les Clots\u00a0\u00bb et nous entamons la mont\u00e9e sur un sentier ombrag\u00e9 avec des passages tr\u00e8s agr\u00e9ables et d&rsquo;autres plus raides\u00a0 dans de beaux lacets.<\/p>\n","protected":false},"author":8,"featured_media":6009,"comment_status":"closed","ping_status":"open","sticky":false,"template":"","format":"standard","meta":{"footnotes":""},"categories":[3],"tags":[],"class_list":["post-5965","post","type-post","status-publish","format-standard","has-post-thumbnail","hentry","category-randonnee-pedestre"],"_links":{"self":[{"href":"https:\/\/sentiers05.fr\/index.php\/wp-json\/wp\/v2\/posts\/5965","targetHints":{"allow":["GET"]}}],"collection":[{"href":"https:\/\/sentiers05.fr\/index.php\/wp-json\/wp\/v2\/posts"}],"about":[{"href":"https:\/\/sentiers05.fr\/index.php\/wp-json\/wp\/v2\/types\/post"}],"author":[{"embeddable":true,"href":"https:\/\/sentiers05.fr\/index.php\/wp-json\/wp\/v2\/users\/8"}],"replies":[{"embeddable":true,"href":"https:\/\/sentiers05.fr\/index.php\/wp-json\/wp\/v2\/comments?post=5965"}],"version-history":[{"count":16,"href":"https:\/\/sentiers05.fr\/index.php\/wp-json\/wp\/v2\/posts\/5965\/revisions"}],"predecessor-version":[{"id":6012,"href":"https:\/\/sentiers05.fr\/index.php\/wp-json\/wp\/v2\/posts\/5965\/revisions\/6012"}],"wp:featuredmedia":[{"embeddable":true,"href":"https:\/\/sentiers05.fr\/index.php\/wp-json\/wp\/v2\/media\/6009"}],"wp:attachment":[{"href":"https:\/\/sentiers05.fr\/index.php\/wp-json\/wp\/v2\/media?parent=5965"}],"wp:term":[{"taxonomy":"category","embeddable":true,"href":"https:\/\/sentiers05.fr\/index.php\/wp-json\/wp\/v2\/categories?post=5965"},{"taxonomy":"post_tag","embeddable":true,"href":"https:\/\/sentiers05.fr\/index.php\/wp-json\/wp\/v2\/tags?post=5965"}],"curies":[{"name":"wp","href":"https:\/\/api.w.org\/{rel}","templated":true}]}}