{"id":5950,"date":"2021-07-20T16:07:01","date_gmt":"2021-07-20T16:07:01","guid":{"rendered":"http:\/\/sentiers05.fr\/?p=5950"},"modified":"2021-10-31T19:52:57","modified_gmt":"2021-10-31T19:52:57","slug":"aiguille-de-gleize","status":"publish","type":"post","link":"https:\/\/sentiers05.fr\/index.php\/2021\/07\/20\/aiguille-de-gleize\/","title":{"rendered":"Aiguille de Gleize"},"content":{"rendered":"<p><!--more--><\/p>\n<p>Mardi 20 juillet 2021<\/p>\n<p>Pour le premier jour de chaleur estivale, nous nous retrouvions 4, au col de Gleize, \u00e0 vouloir rechercher la fra\u00eecheur 400m plus haut.<\/p>\n<div id='gallery-1' class='gallery galleryid-5950 gallery-columns-3 gallery-size-thumbnail'><figure class='gallery-item'>\n\t\t\t<div class='gallery-icon landscape'>\n\t\t\t\t<a href='https:\/\/sentiers05.fr\/wp-content\/uploads\/2021\/07\/20210720_101943-e1626882542592.jpg'><img loading=\"lazy\" decoding=\"async\" width=\"200\" height=\"200\" src=\"https:\/\/sentiers05.fr\/wp-content\/uploads\/2021\/07\/20210720_101943-200x200.jpg\" class=\"attachment-thumbnail size-thumbnail\" alt=\"\" \/><\/a>\n\t\t\t<\/div><\/figure><figure class='gallery-item'>\n\t\t\t<div class='gallery-icon landscape'>\n\t\t\t\t<a href='https:\/\/sentiers05.fr\/wp-content\/uploads\/2021\/07\/20210720_112137-e1626882559874.jpg'><img loading=\"lazy\" decoding=\"async\" width=\"200\" height=\"200\" src=\"https:\/\/sentiers05.fr\/wp-content\/uploads\/2021\/07\/20210720_112137-200x200.jpg\" class=\"attachment-thumbnail size-thumbnail\" alt=\"\" \/><\/a>\n\t\t\t<\/div><\/figure><figure class='gallery-item'>\n\t\t\t<div class='gallery-icon landscape'>\n\t\t\t\t<a href='https:\/\/sentiers05.fr\/wp-content\/uploads\/2021\/07\/20210720_131301-e1626882598948.jpg'><img loading=\"lazy\" decoding=\"async\" width=\"200\" height=\"200\" src=\"https:\/\/sentiers05.fr\/wp-content\/uploads\/2021\/07\/20210720_131301-200x200.jpg\" class=\"attachment-thumbnail size-thumbnail\" alt=\"\" \/><\/a>\n\t\t\t<\/div><\/figure>\n\t\t<\/div>\n\n<p>Apr\u00e8s un d\u00e9but sur un sentier ombrag\u00e9, nous poursuivons \u00e0 d\u00e9couvert et pouvons, ainsi, profiter du superbe panorama qui nous est offert sur le Champsaur. Puis le sentier devient plus rocailleux en longeant la masse imposante du pic de Gleize qui nous surplombe sur la gauche.<\/p>\n<p>Au pied de l&rsquo;ar\u00eate Nord d&rsquo;acc\u00e8s au Pic, nous d\u00e9cidons de nous restaurer, face aux sommets du D\u00e9voluy.<\/p>\n<div id='gallery-2' class='gallery galleryid-5950 gallery-columns-3 gallery-size-thumbnail'><figure class='gallery-item'>\n\t\t\t<div class='gallery-icon landscape'>\n\t\t\t\t<a href='https:\/\/sentiers05.fr\/wp-content\/uploads\/2021\/07\/20210720_131139-e1626882586116.jpg'><img loading=\"lazy\" decoding=\"async\" width=\"200\" height=\"200\" src=\"https:\/\/sentiers05.fr\/wp-content\/uploads\/2021\/07\/20210720_131139-200x200.jpg\" class=\"attachment-thumbnail size-thumbnail\" alt=\"\" \/><\/a>\n\t\t\t<\/div><\/figure><figure class='gallery-item'>\n\t\t\t<div class='gallery-icon landscape'>\n\t\t\t\t<a href='https:\/\/sentiers05.fr\/wp-content\/uploads\/2021\/07\/20210720_135621-e1626882626234.jpg'><img loading=\"lazy\" decoding=\"async\" width=\"200\" height=\"200\" src=\"https:\/\/sentiers05.fr\/wp-content\/uploads\/2021\/07\/20210720_135621-200x200.jpg\" class=\"attachment-thumbnail size-thumbnail\" alt=\"\" \/><\/a>\n\t\t\t<\/div><\/figure><figure class='gallery-item'>\n\t\t\t<div class='gallery-icon landscape'>\n\t\t\t\t<a href='https:\/\/sentiers05.fr\/wp-content\/uploads\/2021\/07\/20210720_135612-e1626882615779.jpg'><img loading=\"lazy\" decoding=\"async\" width=\"200\" height=\"200\" src=\"https:\/\/sentiers05.fr\/wp-content\/uploads\/2021\/07\/20210720_135612-200x200.jpg\" class=\"attachment-thumbnail size-thumbnail\" alt=\"\" \/><\/a>\n\t\t\t<\/div><\/figure>\n\t\t<\/div>\n\n<p>Pendant ce repos m\u00e9rit\u00e9, nous admirons les planeurs, parapentes et oiseaux de proie qui ont d\u00e9tect\u00e9 une puissante ascendance sous un beau cumulus.<br \/>\nPuis il faut redescendre et retrouver la civilisation &#8230; \u00e0 30\u00b0C !<\/p>\n","protected":false},"excerpt":{"rendered":"","protected":false},"author":20,"featured_media":5953,"comment_status":"closed","ping_status":"open","sticky":false,"template":"","format":"standard","meta":{"footnotes":""},"categories":[3],"tags":[],"class_list":["post-5950","post","type-post","status-publish","format-standard","has-post-thumbnail","hentry","category-randonnee-pedestre"],"_links":{"self":[{"href":"https:\/\/sentiers05.fr\/index.php\/wp-json\/wp\/v2\/posts\/5950","targetHints":{"allow":["GET"]}}],"collection":[{"href":"https:\/\/sentiers05.fr\/index.php\/wp-json\/wp\/v2\/posts"}],"about":[{"href":"https:\/\/sentiers05.fr\/index.php\/wp-json\/wp\/v2\/types\/post"}],"author":[{"embeddable":true,"href":"https:\/\/sentiers05.fr\/index.php\/wp-json\/wp\/v2\/users\/20"}],"replies":[{"embeddable":true,"href":"https:\/\/sentiers05.fr\/index.php\/wp-json\/wp\/v2\/comments?post=5950"}],"version-history":[{"count":7,"href":"https:\/\/sentiers05.fr\/index.php\/wp-json\/wp\/v2\/posts\/5950\/revisions"}],"predecessor-version":[{"id":5964,"href":"https:\/\/sentiers05.fr\/index.php\/wp-json\/wp\/v2\/posts\/5950\/revisions\/5964"}],"wp:featuredmedia":[{"embeddable":true,"href":"https:\/\/sentiers05.fr\/index.php\/wp-json\/wp\/v2\/media\/5953"}],"wp:attachment":[{"href":"https:\/\/sentiers05.fr\/index.php\/wp-json\/wp\/v2\/media?parent=5950"}],"wp:term":[{"taxonomy":"category","embeddable":true,"href":"https:\/\/sentiers05.fr\/index.php\/wp-json\/wp\/v2\/categories?post=5950"},{"taxonomy":"post_tag","embeddable":true,"href":"https:\/\/sentiers05.fr\/index.php\/wp-json\/wp\/v2\/tags?post=5950"}],"curies":[{"name":"wp","href":"https:\/\/api.w.org\/{rel}","templated":true}]}}