{"id":5703,"date":"2021-06-03T07:36:22","date_gmt":"2021-06-03T07:36:22","guid":{"rendered":"http:\/\/sentiers05.fr\/?p=5703"},"modified":"2021-10-31T19:54:23","modified_gmt":"2021-10-31T19:54:23","slug":"plan-du-riou-porte-sereine-pas-de-larzelier-jubi-ste-colombe-plan-du-riou","status":"publish","type":"post","link":"https:\/\/sentiers05.fr\/index.php\/2021\/06\/03\/plan-du-riou-porte-sereine-pas-de-larzelier-jubi-ste-colombe-plan-du-riou\/","title":{"rendered":"Plan du Riou \/ Porte Sereine \/ Pas de l&rsquo;Arzelier \/ Jubi Ste Colombe \/ Plan du Riou"},"content":{"rendered":"<p><!--more--><\/p>\n<p>Jeudi 3 juin 2021,<\/p>\n<p>La m\u00e9t\u00e9o nous pr\u00e9dit des orages en fin de journ\u00e9e et pourtant six randonneurs partent du Plan du Riou.\u00a0 Max nous ayant annonc\u00e9 : \u00ab\u00a0Pas d\u00e9licats \u00a0\u00bb\u00a0 une certaine angoisse habite quelques unes.<\/p>\n<div id='gallery-1' class='gallery galleryid-5703 gallery-columns-3 gallery-size-thumbnail'><figure class='gallery-item'>\n\t\t\t<div class='gallery-icon landscape'>\n\t\t\t\t<a href='https:\/\/sentiers05.fr\/wp-content\/uploads\/2021\/06\/IMG-20210603-WA0042.jpg'><img loading=\"lazy\" decoding=\"async\" width=\"200\" height=\"200\" src=\"https:\/\/sentiers05.fr\/wp-content\/uploads\/2021\/06\/IMG-20210603-WA0042-200x200.jpg\" class=\"attachment-thumbnail size-thumbnail\" alt=\"\" \/><\/a>\n\t\t\t<\/div><\/figure><figure class='gallery-item'>\n\t\t\t<div class='gallery-icon portrait'>\n\t\t\t\t<a href='https:\/\/sentiers05.fr\/wp-content\/uploads\/2021\/06\/IMG-20210603-WA0040.jpg'><img loading=\"lazy\" decoding=\"async\" width=\"200\" height=\"200\" src=\"https:\/\/sentiers05.fr\/wp-content\/uploads\/2021\/06\/IMG-20210603-WA0040-200x200.jpg\" class=\"attachment-thumbnail size-thumbnail\" alt=\"\" \/><\/a>\n\t\t\t<\/div><\/figure><figure class='gallery-item'>\n\t\t\t<div class='gallery-icon landscape'>\n\t\t\t\t<a href='https:\/\/sentiers05.fr\/wp-content\/uploads\/2021\/06\/20210603_112011.jpg'><img loading=\"lazy\" decoding=\"async\" width=\"200\" height=\"200\" src=\"https:\/\/sentiers05.fr\/wp-content\/uploads\/2021\/06\/20210603_112011-200x200.jpg\" class=\"attachment-thumbnail size-thumbnail\" alt=\"\" \/><\/a>\n\t\t\t<\/div><\/figure>\n\t\t<\/div>\n\n<p>Apr\u00e8s une bonne heure de grimpette s\u00e9rieuse, le plus dur est fait, la porte Sereine est atteinte. La suite consiste \u00e0 cheminer le long d&rsquo;une large ar\u00eate que le sentier emprunte par une trace discr\u00e8te, tant\u00f4t sur une face puis sur l&rsquo;autre.<\/p>\n<div id='gallery-2' class='gallery galleryid-5703 gallery-columns-3 gallery-size-thumbnail'><figure class='gallery-item'>\n\t\t\t<div class='gallery-icon portrait'>\n\t\t\t\t<a href='https:\/\/sentiers05.fr\/wp-content\/uploads\/2021\/06\/IMG-20210603-WA0046.jpg'><img loading=\"lazy\" decoding=\"async\" width=\"200\" height=\"200\" src=\"https:\/\/sentiers05.fr\/wp-content\/uploads\/2021\/06\/IMG-20210603-WA0046-200x200.jpg\" class=\"attachment-thumbnail size-thumbnail\" alt=\"\" \/><\/a>\n\t\t\t<\/div><\/figure><figure class='gallery-item'>\n\t\t\t<div class='gallery-icon landscape'>\n\t\t\t\t<a href='https:\/\/sentiers05.fr\/wp-content\/uploads\/2021\/06\/IMG-20210603-WA0044.jpg'><img loading=\"lazy\" decoding=\"async\" width=\"200\" height=\"200\" src=\"https:\/\/sentiers05.fr\/wp-content\/uploads\/2021\/06\/IMG-20210603-WA0044-200x200.jpg\" class=\"attachment-thumbnail size-thumbnail\" alt=\"\" \/><\/a>\n\t\t\t<\/div><\/figure><figure class='gallery-item'>\n\t\t\t<div class='gallery-icon landscape'>\n\t\t\t\t<a href='https:\/\/sentiers05.fr\/wp-content\/uploads\/2021\/06\/IMG-20210603-WA0043.jpg'><img loading=\"lazy\" decoding=\"async\" width=\"200\" height=\"200\" src=\"https:\/\/sentiers05.fr\/wp-content\/uploads\/2021\/06\/IMG-20210603-WA0043-200x200.jpg\" class=\"attachment-thumbnail size-thumbnail\" alt=\"\" \/><\/a>\n\t\t\t<\/div><\/figure>\n\t\t<\/div>\n\n<div id='gallery-3' class='gallery galleryid-5703 gallery-columns-3 gallery-size-thumbnail'><figure class='gallery-item'>\n\t\t\t<div class='gallery-icon portrait'>\n\t\t\t\t<a href='https:\/\/sentiers05.fr\/wp-content\/uploads\/2021\/06\/IMG-20210603-WA0047.jpg'><img loading=\"lazy\" decoding=\"async\" width=\"200\" height=\"200\" src=\"https:\/\/sentiers05.fr\/wp-content\/uploads\/2021\/06\/IMG-20210603-WA0047-200x200.jpg\" class=\"attachment-thumbnail size-thumbnail\" alt=\"\" \/><\/a>\n\t\t\t<\/div><\/figure><figure class='gallery-item'>\n\t\t\t<div class='gallery-icon landscape'>\n\t\t\t\t<a href='https:\/\/sentiers05.fr\/wp-content\/uploads\/2021\/06\/20210603_123400.jpg'><img loading=\"lazy\" decoding=\"async\" width=\"200\" height=\"200\" src=\"https:\/\/sentiers05.fr\/wp-content\/uploads\/2021\/06\/20210603_123400-200x200.jpg\" class=\"attachment-thumbnail size-thumbnail\" alt=\"\" \/><\/a>\n\t\t\t<\/div><\/figure><figure class='gallery-item'>\n\t\t\t<div class='gallery-icon landscape'>\n\t\t\t\t<a href='https:\/\/sentiers05.fr\/wp-content\/uploads\/2021\/06\/20210603_113947.jpg'><img loading=\"lazy\" decoding=\"async\" width=\"200\" height=\"200\" src=\"https:\/\/sentiers05.fr\/wp-content\/uploads\/2021\/06\/20210603_113947-200x200.jpg\" class=\"attachment-thumbnail size-thumbnail\" alt=\"\" \/><\/a>\n\t\t\t<\/div><\/figure>\n\t\t<\/div>\n\n<p>Un Cairn nous invite \u00e0 plonger dans la face Sud. Les cairns se succ\u00e8dent et nous entrainent par un sentier caillouteux au dessus du pr\u00e9cipice puis nous arrivons aux \u00ab\u00a0pas d\u00e9licats\u00a0\u00bb.<\/p>\n<div id='gallery-4' class='gallery galleryid-5703 gallery-columns-3 gallery-size-thumbnail'><figure class='gallery-item'>\n\t\t\t<div class='gallery-icon landscape'>\n\t\t\t\t<a href='https:\/\/sentiers05.fr\/wp-content\/uploads\/2021\/06\/20210603_124312.jpg'><img loading=\"lazy\" decoding=\"async\" width=\"200\" height=\"200\" src=\"https:\/\/sentiers05.fr\/wp-content\/uploads\/2021\/06\/20210603_124312-200x200.jpg\" class=\"attachment-thumbnail size-thumbnail\" alt=\"\" aria-describedby=\"gallery-4-5720\" \/><\/a>\n\t\t\t<\/div>\n\t\t\t\t<figcaption class='wp-caption-text gallery-caption' id='gallery-4-5720'>\n\t\t\t\tEntr\u00e9e dans la face sud\n\t\t\t\t<\/figcaption><\/figure><figure class='gallery-item'>\n\t\t\t<div class='gallery-icon portrait'>\n\t\t\t\t<a href='https:\/\/sentiers05.fr\/wp-content\/uploads\/2021\/06\/IMG-20210603-WA0052.jpg'><img loading=\"lazy\" decoding=\"async\" width=\"200\" height=\"200\" src=\"https:\/\/sentiers05.fr\/wp-content\/uploads\/2021\/06\/IMG-20210603-WA0052-200x200.jpg\" class=\"attachment-thumbnail size-thumbnail\" alt=\"\" aria-describedby=\"gallery-4-5725\" \/><\/a>\n\t\t\t<\/div>\n\t\t\t\t<figcaption class='wp-caption-text gallery-caption' id='gallery-4-5725'>\n\t\t\t\tSentier caillouteux\n\t\t\t\t<\/figcaption><\/figure><figure class='gallery-item'>\n\t\t\t<div class='gallery-icon portrait'>\n\t\t\t\t<a href='https:\/\/sentiers05.fr\/wp-content\/uploads\/2021\/06\/IMG-20210603-WA0050.jpg'><img loading=\"lazy\" decoding=\"async\" width=\"200\" height=\"200\" src=\"https:\/\/sentiers05.fr\/wp-content\/uploads\/2021\/06\/IMG-20210603-WA0050-200x200.jpg\" class=\"attachment-thumbnail size-thumbnail\" alt=\"\" aria-describedby=\"gallery-4-5723\" \/><\/a>\n\t\t\t<\/div>\n\t\t\t\t<figcaption class='wp-caption-text gallery-caption' id='gallery-4-5723'>\n\t\t\t\t\u00ab\u00a0Les pas d\u00e9licats\u00a0\u00bb\n\t\t\t\t<\/figcaption><\/figure>\n\t\t<\/div>\n\n<div id='gallery-5' class='gallery galleryid-5703 gallery-columns-3 gallery-size-thumbnail'><figure class='gallery-item'>\n\t\t\t<div class='gallery-icon portrait'>\n\t\t\t\t<a href='https:\/\/sentiers05.fr\/wp-content\/uploads\/2021\/06\/IMG-20210603-WA0048.jpg'><img loading=\"lazy\" decoding=\"async\" width=\"200\" height=\"200\" src=\"https:\/\/sentiers05.fr\/wp-content\/uploads\/2021\/06\/IMG-20210603-WA0048-200x200.jpg\" class=\"attachment-thumbnail size-thumbnail\" alt=\"\" aria-describedby=\"gallery-5-5721\" \/><\/a>\n\t\t\t<\/div>\n\t\t\t\t<figcaption class='wp-caption-text gallery-caption' id='gallery-5-5721'>\n\t\t\t\tPremi\u00e8rs pas avec mains\n\t\t\t\t<\/figcaption><\/figure><figure class='gallery-item'>\n\t\t\t<div class='gallery-icon portrait'>\n\t\t\t\t<a href='https:\/\/sentiers05.fr\/wp-content\/uploads\/2021\/06\/IMG-20210603-WA0051.jpg'><img loading=\"lazy\" decoding=\"async\" width=\"200\" height=\"200\" src=\"https:\/\/sentiers05.fr\/wp-content\/uploads\/2021\/06\/IMG-20210603-WA0051-200x200.jpg\" class=\"attachment-thumbnail size-thumbnail\" alt=\"\" aria-describedby=\"gallery-5-5724\" \/><\/a>\n\t\t\t<\/div>\n\t\t\t\t<figcaption class='wp-caption-text gallery-caption' id='gallery-5-5724'>\n\t\t\t\tR\u00e9p\u00e9tition\n\t\t\t\t<\/figcaption><\/figure><figure class='gallery-item'>\n\t\t\t<div class='gallery-icon portrait'>\n\t\t\t\t<a href='https:\/\/sentiers05.fr\/wp-content\/uploads\/2021\/06\/IMG-20210603-WA0049.jpg'><img loading=\"lazy\" decoding=\"async\" width=\"200\" height=\"200\" src=\"https:\/\/sentiers05.fr\/wp-content\/uploads\/2021\/06\/IMG-20210603-WA0049-200x200.jpg\" class=\"attachment-thumbnail size-thumbnail\" alt=\"\" aria-describedby=\"gallery-5-5722\" \/><\/a>\n\t\t\t<\/div>\n\t\t\t\t<figcaption class='wp-caption-text gallery-caption' id='gallery-5-5722'>\n\t\t\t\tEntrainement\n\t\t\t\t<\/figcaption><\/figure>\n\t\t<\/div>\n\n<p>La difficult\u00e9 aval\u00e9e, c&rsquo;est l&rsquo;heure du pique nique puis du retour vers les voitures. Une bonne descente, sous une bonne chaleur que nous rafraichissons lors de la travers\u00e9e de petits rious.<\/p>\n<div id='gallery-6' class='gallery galleryid-5703 gallery-columns-3 gallery-size-thumbnail'><figure class='gallery-item'>\n\t\t\t<div class='gallery-icon landscape'>\n\t\t\t\t<a href='https:\/\/sentiers05.fr\/index.php\/2021\/06\/03\/plan-du-riou-porte-sereine-pas-de-larzelier-jubi-ste-colombe-plan-du-riou\/img-20210603-wa0029\/'><img loading=\"lazy\" decoding=\"async\" width=\"200\" height=\"200\" src=\"https:\/\/sentiers05.fr\/wp-content\/uploads\/2021\/06\/IMG-20210603-WA0029-200x200.jpg\" class=\"attachment-thumbnail size-thumbnail\" alt=\"\" \/><\/a>\n\t\t\t<\/div><\/figure><figure class='gallery-item'>\n\t\t\t<div class='gallery-icon portrait'>\n\t\t\t\t<a href='https:\/\/sentiers05.fr\/index.php\/2021\/06\/03\/plan-du-riou-porte-sereine-pas-de-larzelier-jubi-ste-colombe-plan-du-riou\/img-20210603-wa0026\/'><img loading=\"lazy\" decoding=\"async\" width=\"200\" height=\"200\" src=\"https:\/\/sentiers05.fr\/wp-content\/uploads\/2021\/06\/IMG-20210603-WA0026-200x200.jpg\" class=\"attachment-thumbnail size-thumbnail\" alt=\"\" \/><\/a>\n\t\t\t<\/div><\/figure><figure class='gallery-item'>\n\t\t\t<div class='gallery-icon landscape'>\n\t\t\t\t<a href='https:\/\/sentiers05.fr\/index.php\/2021\/06\/03\/plan-du-riou-porte-sereine-pas-de-larzelier-jubi-ste-colombe-plan-du-riou\/20210603_151027\/'><img loading=\"lazy\" decoding=\"async\" width=\"200\" height=\"200\" src=\"https:\/\/sentiers05.fr\/wp-content\/uploads\/2021\/06\/20210603_151027-200x200.jpg\" class=\"attachment-thumbnail size-thumbnail\" alt=\"\" \/><\/a>\n\t\t\t<\/div><\/figure>\n\t\t<\/div>\n\n<p>Merci Max pour cette excellente randonn\u00e9e et Corinne pour ses photos.<\/p>\n<div id='gallery-7' class='gallery galleryid-5703 gallery-columns-3 gallery-size-thumbnail'><figure class='gallery-item'>\n\t\t\t<div class='gallery-icon portrait'>\n\t\t\t\t<a href='https:\/\/sentiers05.fr\/wp-content\/uploads\/2021\/06\/IMG-20210603-WA0039-e1622791266448.jpg'><img loading=\"lazy\" decoding=\"async\" width=\"200\" height=\"200\" src=\"https:\/\/sentiers05.fr\/wp-content\/uploads\/2021\/06\/IMG-20210603-WA0039-200x200.jpg\" class=\"attachment-thumbnail size-thumbnail\" alt=\"\" aria-describedby=\"gallery-7-5738\" \/><\/a>\n\t\t\t<\/div>\n\t\t\t\t<figcaption class='wp-caption-text gallery-caption' id='gallery-7-5738'>\n\t\t\t\tOrnithogale en ombrelle  la Dame de 11h\n\t\t\t\t<\/figcaption><\/figure><figure class='gallery-item'>\n\t\t\t<div class='gallery-icon landscape'>\n\t\t\t\t<a href='https:\/\/sentiers05.fr\/wp-content\/uploads\/2021\/06\/20210603_135905-e1622791221819.jpg'><img loading=\"lazy\" decoding=\"async\" width=\"200\" height=\"200\" src=\"https:\/\/sentiers05.fr\/wp-content\/uploads\/2021\/06\/20210603_135905-200x200.jpg\" class=\"attachment-thumbnail size-thumbnail\" alt=\"\" aria-describedby=\"gallery-7-5735\" \/><\/a>\n\t\t\t<\/div>\n\t\t\t\t<figcaption class='wp-caption-text gallery-caption' id='gallery-7-5735'>\n\t\t\t\t?\n\t\t\t\t<\/figcaption><\/figure><figure class='gallery-item'>\n\t\t\t<div class='gallery-icon landscape'>\n\t\t\t\t<a href='https:\/\/sentiers05.fr\/wp-content\/uploads\/2021\/06\/20210603_115835-e1622791206362.jpg'><img loading=\"lazy\" decoding=\"async\" width=\"200\" height=\"200\" src=\"https:\/\/sentiers05.fr\/wp-content\/uploads\/2021\/06\/20210603_115835-200x200.jpg\" class=\"attachment-thumbnail size-thumbnail\" alt=\"\" aria-describedby=\"gallery-7-5734\" \/><\/a>\n\t\t\t<\/div>\n\t\t\t\t<figcaption class='wp-caption-text gallery-caption' id='gallery-7-5734'>\n\t\t\t\t?\n\t\t\t\t<\/figcaption><\/figure>\n\t\t<\/div>\n\n<p>&nbsp;<\/p>\n<p>&nbsp;<\/p>\n","protected":false},"excerpt":{"rendered":"","protected":false},"author":20,"featured_media":5704,"comment_status":"closed","ping_status":"open","sticky":false,"template":"","format":"standard","meta":{"footnotes":""},"categories":[3],"tags":[],"class_list":["post-5703","post","type-post","status-publish","format-standard","has-post-thumbnail","hentry","category-randonnee-pedestre"],"_links":{"self":[{"href":"https:\/\/sentiers05.fr\/index.php\/wp-json\/wp\/v2\/posts\/5703","targetHints":{"allow":["GET"]}}],"collection":[{"href":"https:\/\/sentiers05.fr\/index.php\/wp-json\/wp\/v2\/posts"}],"about":[{"href":"https:\/\/sentiers05.fr\/index.php\/wp-json\/wp\/v2\/types\/post"}],"author":[{"embeddable":true,"href":"https:\/\/sentiers05.fr\/index.php\/wp-json\/wp\/v2\/users\/20"}],"replies":[{"embeddable":true,"href":"https:\/\/sentiers05.fr\/index.php\/wp-json\/wp\/v2\/comments?post=5703"}],"version-history":[{"count":10,"href":"https:\/\/sentiers05.fr\/index.php\/wp-json\/wp\/v2\/posts\/5703\/revisions"}],"predecessor-version":[{"id":5743,"href":"https:\/\/sentiers05.fr\/index.php\/wp-json\/wp\/v2\/posts\/5703\/revisions\/5743"}],"wp:featuredmedia":[{"embeddable":true,"href":"https:\/\/sentiers05.fr\/index.php\/wp-json\/wp\/v2\/media\/5704"}],"wp:attachment":[{"href":"https:\/\/sentiers05.fr\/index.php\/wp-json\/wp\/v2\/media?parent=5703"}],"wp:term":[{"taxonomy":"category","embeddable":true,"href":"https:\/\/sentiers05.fr\/index.php\/wp-json\/wp\/v2\/categories?post=5703"},{"taxonomy":"post_tag","embeddable":true,"href":"https:\/\/sentiers05.fr\/index.php\/wp-json\/wp\/v2\/tags?post=5703"}],"curies":[{"name":"wp","href":"https:\/\/api.w.org\/{rel}","templated":true}]}}