{"id":5161,"date":"2021-01-07T16:39:14","date_gmt":"2021-01-07T16:39:14","guid":{"rendered":"http:\/\/sentiers05.fr\/?p=5161"},"modified":"2021-01-12T16:41:53","modified_gmt":"2021-01-12T16:41:53","slug":"raquettes-a-laye","status":"publish","type":"post","link":"https:\/\/sentiers05.fr\/index.php\/2021\/01\/07\/raquettes-a-laye\/","title":{"rendered":"Raquettes \u00e0 Laye"},"content":{"rendered":"<p>En ce 07 janvier 2021, la premi\u00e8re sortie raquettes \u00e9tait propos\u00e9e. Dix volontaires se sont pr\u00e9sent\u00e9s \u00e0 l&rsquo;appel, heureux de se retrouver.<\/p>\n<p>Direction la station de ski de Laye.<\/p>\n<p>Le covoiturage n&rsquo;a pu se faire. Il fallait respecter les contraintes sanitaires.<\/p>\n<p>Apr\u00e8s avoir franchi la barre de nuages du col Bayard , nous avons trouv\u00e9 le soleil et surtout un paysage de neige\u00a0 magnifique.<\/p>\n<p><img loading=\"lazy\" decoding=\"async\" class=\"aligncenter size-medium wp-image-5181\" src=\"https:\/\/sentiers05.fr\/wp-content\/uploads\/2021\/01\/IMG_0289-300x225.jpg\" alt=\"IMG_0289\" width=\"300\" height=\"225\" srcset=\"https:\/\/sentiers05.fr\/wp-content\/uploads\/2021\/01\/IMG_0289-300x225.jpg 300w, https:\/\/sentiers05.fr\/wp-content\/uploads\/2021\/01\/IMG_0289-584x438.jpg 584w, https:\/\/sentiers05.fr\/wp-content\/uploads\/2021\/01\/IMG_0289-1200x900.jpg 1200w\" sizes=\"auto, (max-width: 300px) 85vw, 300px\" \/><\/p>\n<p>Le d\u00e9part s&rsquo;est fait du parking de la station. Nous avons progress\u00e9 dans la for\u00eat en suivant le balisage \u00ab\u00a0Raquettes\u00a0\u00bb direction Sagnassou\u00a0\u00a0 et ensuite \u00ab\u00a0la Cuque\u00a0\u00bb.<\/p>\n<div id='gallery-1' class='gallery galleryid-5161 gallery-columns-2 gallery-size-medium'><figure class='gallery-item'>\n\t\t\t<div class='gallery-icon landscape'>\n\t\t\t\t<a href='https:\/\/sentiers05.fr\/index.php\/2021\/01\/07\/raquettes-a-laye\/img_0285\/'><img loading=\"lazy\" decoding=\"async\" width=\"300\" height=\"225\" src=\"https:\/\/sentiers05.fr\/wp-content\/uploads\/2021\/01\/IMG_0285-300x225.jpg\" class=\"attachment-medium size-medium\" alt=\"\" srcset=\"https:\/\/sentiers05.fr\/wp-content\/uploads\/2021\/01\/IMG_0285-300x225.jpg 300w, https:\/\/sentiers05.fr\/wp-content\/uploads\/2021\/01\/IMG_0285-584x438.jpg 584w, https:\/\/sentiers05.fr\/wp-content\/uploads\/2021\/01\/IMG_0285-1200x900.jpg 1200w\" sizes=\"auto, (max-width: 300px) 85vw, 300px\" \/><\/a>\n\t\t\t<\/div><\/figure><figure class='gallery-item'>\n\t\t\t<div class='gallery-icon landscape'>\n\t\t\t\t<a href='https:\/\/sentiers05.fr\/index.php\/2021\/01\/07\/raquettes-a-laye\/img_0283\/'><img loading=\"lazy\" decoding=\"async\" width=\"300\" height=\"225\" src=\"https:\/\/sentiers05.fr\/wp-content\/uploads\/2021\/01\/IMG_0283-300x225.jpg\" class=\"attachment-medium size-medium\" alt=\"\" srcset=\"https:\/\/sentiers05.fr\/wp-content\/uploads\/2021\/01\/IMG_0283-300x225.jpg 300w, https:\/\/sentiers05.fr\/wp-content\/uploads\/2021\/01\/IMG_0283-584x438.jpg 584w, https:\/\/sentiers05.fr\/wp-content\/uploads\/2021\/01\/IMG_0283-1200x900.jpg 1200w\" sizes=\"auto, (max-width: 300px) 85vw, 300px\" \/><\/a>\n\t\t\t<\/div><\/figure>\n\t\t<\/div>\n\n<p>Notre point le plus haut correspondait au sommet du t\u00e9l\u00e9ski du Grand Clot (1624 m). De l\u00e0, nous avions une vue panoramique sur\u00a0 le Centre d&rsquo;Oxyg\u00e9nation du Col Bayard.<\/p>\n<p><img loading=\"lazy\" decoding=\"async\" class=\"aligncenter size-medium wp-image-5180\" src=\"https:\/\/sentiers05.fr\/wp-content\/uploads\/2021\/01\/IMG_0288-300x225.jpg\" alt=\"IMG_0288\" width=\"300\" height=\"225\" srcset=\"https:\/\/sentiers05.fr\/wp-content\/uploads\/2021\/01\/IMG_0288-300x225.jpg 300w, https:\/\/sentiers05.fr\/wp-content\/uploads\/2021\/01\/IMG_0288-584x438.jpg 584w, https:\/\/sentiers05.fr\/wp-content\/uploads\/2021\/01\/IMG_0288-1200x900.jpg 1200w\" sizes=\"auto, (max-width: 300px) 85vw, 300px\" \/><\/p>\n<p>\u00ab\u00a0Nous le croyons sur parole&#8230;\u00a0\u00bb<\/p>\n<p>La pause d\u00e9jeuner s&rsquo;est faite sous le soleil.<\/p>\n<div id='gallery-2' class='gallery galleryid-5161 gallery-columns-3 gallery-size-medium'><figure class='gallery-item'>\n\t\t\t<div class='gallery-icon landscape'>\n\t\t\t\t<a href='https:\/\/sentiers05.fr\/index.php\/2021\/01\/07\/raquettes-a-laye\/img_0291\/'><img loading=\"lazy\" decoding=\"async\" width=\"300\" height=\"225\" src=\"https:\/\/sentiers05.fr\/wp-content\/uploads\/2021\/01\/IMG_0291-300x225.jpg\" class=\"attachment-medium size-medium\" alt=\"\" srcset=\"https:\/\/sentiers05.fr\/wp-content\/uploads\/2021\/01\/IMG_0291-300x225.jpg 300w, https:\/\/sentiers05.fr\/wp-content\/uploads\/2021\/01\/IMG_0291-584x438.jpg 584w, https:\/\/sentiers05.fr\/wp-content\/uploads\/2021\/01\/IMG_0291-1200x900.jpg 1200w\" sizes=\"auto, (max-width: 300px) 85vw, 300px\" \/><\/a>\n\t\t\t<\/div><\/figure><figure class='gallery-item'>\n\t\t\t<div class='gallery-icon landscape'>\n\t\t\t\t<a href='https:\/\/sentiers05.fr\/index.php\/2021\/01\/07\/raquettes-a-laye\/img_0290\/'><img loading=\"lazy\" decoding=\"async\" width=\"300\" height=\"225\" src=\"https:\/\/sentiers05.fr\/wp-content\/uploads\/2021\/01\/IMG_0290-300x225.jpg\" class=\"attachment-medium size-medium\" alt=\"\" srcset=\"https:\/\/sentiers05.fr\/wp-content\/uploads\/2021\/01\/IMG_0290-300x225.jpg 300w, https:\/\/sentiers05.fr\/wp-content\/uploads\/2021\/01\/IMG_0290-584x438.jpg 584w, https:\/\/sentiers05.fr\/wp-content\/uploads\/2021\/01\/IMG_0290-1200x900.jpg 1200w\" sizes=\"auto, (max-width: 300px) 85vw, 300px\" \/><\/a>\n\t\t\t<\/div><\/figure><figure class='gallery-item'>\n\t\t\t<div class='gallery-icon landscape'>\n\t\t\t\t<a href='https:\/\/sentiers05.fr\/index.php\/2021\/01\/07\/raquettes-a-laye\/img_0292\/'><img loading=\"lazy\" decoding=\"async\" width=\"300\" height=\"225\" src=\"https:\/\/sentiers05.fr\/wp-content\/uploads\/2021\/01\/IMG_0292-300x225.jpg\" class=\"attachment-medium size-medium\" alt=\"\" srcset=\"https:\/\/sentiers05.fr\/wp-content\/uploads\/2021\/01\/IMG_0292-300x225.jpg 300w, https:\/\/sentiers05.fr\/wp-content\/uploads\/2021\/01\/IMG_0292-584x438.jpg 584w, https:\/\/sentiers05.fr\/wp-content\/uploads\/2021\/01\/IMG_0292-1200x900.jpg 1200w\" sizes=\"auto, (max-width: 300px) 85vw, 300px\" \/><\/a>\n\t\t\t<\/div><\/figure>\n\t\t<\/div>\n\n<p>Nous sommes revenus \u00e0 la station en suivant toujours les panneaux d&rsquo;un \u00ab\u00a0petit panier d&rsquo;osier\u00a0\u00bb.<\/p>\n<div id='gallery-3' class='gallery galleryid-5161 gallery-columns-2 gallery-size-medium'><figure class='gallery-item'>\n\t\t\t<div class='gallery-icon landscape'>\n\t\t\t\t<a href='https:\/\/sentiers05.fr\/index.php\/2021\/01\/07\/raquettes-a-laye\/img_0284\/'><img loading=\"lazy\" decoding=\"async\" width=\"300\" height=\"225\" src=\"https:\/\/sentiers05.fr\/wp-content\/uploads\/2021\/01\/IMG_0284-300x225.jpg\" class=\"attachment-medium size-medium\" alt=\"\" srcset=\"https:\/\/sentiers05.fr\/wp-content\/uploads\/2021\/01\/IMG_0284-300x225.jpg 300w, https:\/\/sentiers05.fr\/wp-content\/uploads\/2021\/01\/IMG_0284-584x438.jpg 584w, https:\/\/sentiers05.fr\/wp-content\/uploads\/2021\/01\/IMG_0284-1200x900.jpg 1200w\" sizes=\"auto, (max-width: 300px) 85vw, 300px\" \/><\/a>\n\t\t\t<\/div><\/figure><figure class='gallery-item'>\n\t\t\t<div class='gallery-icon landscape'>\n\t\t\t\t<a href='https:\/\/sentiers05.fr\/index.php\/2021\/01\/07\/raquettes-a-laye\/img_0282\/'><img loading=\"lazy\" decoding=\"async\" width=\"300\" height=\"225\" src=\"https:\/\/sentiers05.fr\/wp-content\/uploads\/2021\/01\/IMG_0282-300x225.jpg\" class=\"attachment-medium size-medium\" alt=\"\" srcset=\"https:\/\/sentiers05.fr\/wp-content\/uploads\/2021\/01\/IMG_0282-300x225.jpg 300w, https:\/\/sentiers05.fr\/wp-content\/uploads\/2021\/01\/IMG_0282-584x438.jpg 584w, https:\/\/sentiers05.fr\/wp-content\/uploads\/2021\/01\/IMG_0282-1200x900.jpg 1200w\" sizes=\"auto, (max-width: 300px) 85vw, 300px\" \/><\/a>\n\t\t\t<\/div><\/figure>\n\t\t<\/div>\n\n<p>Journ\u00e9e splendide, paysages somptueux et ambiance d\u00e9tendue qui nous ont fait oubli\u00e9, pendant un temps, la morosit\u00e9 ambiante.<\/p>\n<p>Bilan : 7 km,\u00a0 4 h 30 de marche et un d\u00e9nivel\u00e9 de 327 m\u00e8tres.<\/p>\n<p>&nbsp;<\/p>\n<p>&nbsp;<\/p>\n","protected":false},"excerpt":{"rendered":"<p>En ce 07 janvier 2021, la premi\u00e8re sortie raquettes \u00e9tait propos\u00e9e. Dix volontaires se sont pr\u00e9sent\u00e9s \u00e0 l&rsquo;appel, heureux de se retrouver. Direction la station de ski de Laye. Le covoiturage n&rsquo;a pu se faire. Il fallait respecter les contraintes sanitaires. Apr\u00e8s avoir franchi la barre de nuages du col Bayard , nous avons trouv\u00e9 &hellip; <a href=\"https:\/\/sentiers05.fr\/index.php\/2021\/01\/07\/raquettes-a-laye\/\" class=\"more-link\">Continuer la lecture<span class=\"screen-reader-text\"> de &laquo;&nbsp;Raquettes \u00e0 Laye&nbsp;&raquo;<\/span><\/a><\/p>\n","protected":false},"author":8,"featured_media":5185,"comment_status":"closed","ping_status":"open","sticky":false,"template":"","format":"standard","meta":{"footnotes":""},"categories":[4],"tags":[],"class_list":["post-5161","post","type-post","status-publish","format-standard","has-post-thumbnail","hentry","category-raquettes"],"_links":{"self":[{"href":"https:\/\/sentiers05.fr\/index.php\/wp-json\/wp\/v2\/posts\/5161","targetHints":{"allow":["GET"]}}],"collection":[{"href":"https:\/\/sentiers05.fr\/index.php\/wp-json\/wp\/v2\/posts"}],"about":[{"href":"https:\/\/sentiers05.fr\/index.php\/wp-json\/wp\/v2\/types\/post"}],"author":[{"embeddable":true,"href":"https:\/\/sentiers05.fr\/index.php\/wp-json\/wp\/v2\/users\/8"}],"replies":[{"embeddable":true,"href":"https:\/\/sentiers05.fr\/index.php\/wp-json\/wp\/v2\/comments?post=5161"}],"version-history":[{"count":12,"href":"https:\/\/sentiers05.fr\/index.php\/wp-json\/wp\/v2\/posts\/5161\/revisions"}],"predecessor-version":[{"id":5188,"href":"https:\/\/sentiers05.fr\/index.php\/wp-json\/wp\/v2\/posts\/5161\/revisions\/5188"}],"wp:featuredmedia":[{"embeddable":true,"href":"https:\/\/sentiers05.fr\/index.php\/wp-json\/wp\/v2\/media\/5185"}],"wp:attachment":[{"href":"https:\/\/sentiers05.fr\/index.php\/wp-json\/wp\/v2\/media?parent=5161"}],"wp:term":[{"taxonomy":"category","embeddable":true,"href":"https:\/\/sentiers05.fr\/index.php\/wp-json\/wp\/v2\/categories?post=5161"},{"taxonomy":"post_tag","embeddable":true,"href":"https:\/\/sentiers05.fr\/index.php\/wp-json\/wp\/v2\/tags?post=5161"}],"curies":[{"name":"wp","href":"https:\/\/api.w.org\/{rel}","templated":true}]}}