{"id":4601,"date":"2020-02-06T14:14:05","date_gmt":"2020-02-06T14:14:05","guid":{"rendered":"http:\/\/sentiers05.fr\/?p=4601"},"modified":"2020-03-09T13:35:02","modified_gmt":"2020-03-09T13:35:02","slug":"sejour-raquettes-en-vallouise","status":"publish","type":"post","link":"https:\/\/sentiers05.fr\/index.php\/2020\/02\/06\/sejour-raquettes-en-vallouise\/","title":{"rendered":"S\u00e9jour raquettes en Vallouise"},"content":{"rendered":"<p>Pour ce s\u00e9jour raquettes en Vallouise, nous sommes 12 inscrits. Huit sont h\u00e9berg\u00e9s au g\u00eete de l&rsquo;Aigli\u00e8re et 4 en h\u00e9bergement personnel \u00e0 Pelvoux et Vallouise. Nous nous retrouvons tous pour partager le repas du soir.<br \/>\nLe programme est dense et la m\u00e9t\u00e9o favorable malgr\u00e9 une premi\u00e8re journ\u00e9e mitig\u00e9e. \u00a0 \u00a0\u00a0<!--more--><\/p>\n<p><em><strong>Jeudi 6 f\u00e9vrier<\/strong><\/em> : le vallon de Narreyroux<a href=\"https:\/\/sentiers05.fr\/wp-content\/uploads\/2020\/02\/Vallouise-1.jpg\"><img loading=\"lazy\" decoding=\"async\" class=\"aligncenter wp-image-4620\" src=\"https:\/\/sentiers05.fr\/wp-content\/uploads\/2020\/02\/Vallouise-1-e1583754155712.jpg\" alt=\"Vallouise 1\" width=\"1200\" height=\"800\" \/><\/a><\/p>\n<p>&nbsp;<\/p>\n<p>Le d\u00e9part se situe sur la route de Puy St Vincent 1600 au niveau de la \u00ab\u00a0Maison du miel\u00a0\u00bb. Nous chaussons les raquettes d\u00e8s la d\u00e9but, sur une neige un peu dure, et empruntons le \u00ab\u00a0chemin des canaux\u00a0\u00bb\u00a0 (qui \u00e9vite la route d&rsquo;\u00e9t\u00e9). Premi\u00e8re halte \u00e0 la chapelle Notre Dame, point d&rsquo;entr\u00e9e du hameau. Plus nous montons, plus la neige est bonne.<\/p>\n<p><a href=\"https:\/\/sentiers05.fr\/wp-content\/uploads\/2020\/02\/2020-02-06-11.04.08.jpg\"><img loading=\"lazy\" decoding=\"async\" class=\"aligncenter wp-image-4636 size-large\" src=\"https:\/\/sentiers05.fr\/wp-content\/uploads\/2020\/02\/2020-02-06-11.04.08-584x430.jpg\" alt=\"2020-02-06 11.04.08\" width=\"584\" height=\"430\" srcset=\"https:\/\/sentiers05.fr\/wp-content\/uploads\/2020\/02\/2020-02-06-11.04.08-584x430.jpg 584w, https:\/\/sentiers05.fr\/wp-content\/uploads\/2020\/02\/2020-02-06-11.04.08-300x221.jpg 300w, https:\/\/sentiers05.fr\/wp-content\/uploads\/2020\/02\/2020-02-06-11.04.08-1200x884.jpg 1200w, https:\/\/sentiers05.fr\/wp-content\/uploads\/2020\/02\/2020-02-06-11.04.08.jpg 1309w\" sizes=\"auto, (max-width: 584px) 85vw, 584px\" \/><\/a><\/p>\n<p>Nous poursuivons notre marche jusqu&rsquo;au parking d&rsquo;\u00e9t\u00e9. Comme il y a un peu de temps avant le pique-nique, nous continuons\u00a0 dans le vallon pour observer la cascade de glace que nous apercevons au fond d&rsquo;un petit cirque. Dans cette partie, la neige est abondante. Nous en profitons pour faire \u00ab\u00a0du hors piste\u00a0\u00bb.<\/p>\n<p><a href=\"https:\/\/sentiers05.fr\/wp-content\/uploads\/2020\/02\/2020-02-06-12.31.57.jpg\"><img loading=\"lazy\" decoding=\"async\" class=\"aligncenter wp-image-4637 size-large\" src=\"https:\/\/sentiers05.fr\/wp-content\/uploads\/2020\/02\/2020-02-06-12.31.57-584x423.jpg\" alt=\"2020-02-06 12.31.57\" width=\"584\" height=\"423\" srcset=\"https:\/\/sentiers05.fr\/wp-content\/uploads\/2020\/02\/2020-02-06-12.31.57-584x423.jpg 584w, https:\/\/sentiers05.fr\/wp-content\/uploads\/2020\/02\/2020-02-06-12.31.57-300x217.jpg 300w, https:\/\/sentiers05.fr\/wp-content\/uploads\/2020\/02\/2020-02-06-12.31.57-1200x869.jpg 1200w, https:\/\/sentiers05.fr\/wp-content\/uploads\/2020\/02\/2020-02-06-12.31.57.jpg 1342w\" sizes=\"auto, (max-width: 584px) 85vw, 584px\" \/><\/a><\/p>\n<p>Retour au parking pour le repas bien m\u00e9rit\u00e9, avant le retour en boucle vers la station. Nous rejoignons notre point de d\u00e9part en longeant une piste de ski (la Balme) et en traversant \u00e0 plusieurs reprises la route menant \u00e0 Puy.<\/p>\n<p><a href=\"https:\/\/sentiers05.fr\/wp-content\/uploads\/2020\/02\/2020-02-06-13.16.15.jpg\"><img loading=\"lazy\" decoding=\"async\" class=\"aligncenter wp-image-4639 size-large\" src=\"https:\/\/sentiers05.fr\/wp-content\/uploads\/2020\/02\/2020-02-06-13.16.15-584x435.jpg\" alt=\"2020-02-06 13.16.15\" width=\"584\" height=\"435\" srcset=\"https:\/\/sentiers05.fr\/wp-content\/uploads\/2020\/02\/2020-02-06-13.16.15-584x435.jpg 584w, https:\/\/sentiers05.fr\/wp-content\/uploads\/2020\/02\/2020-02-06-13.16.15-300x224.jpg 300w, https:\/\/sentiers05.fr\/wp-content\/uploads\/2020\/02\/2020-02-06-13.16.15.jpg 1128w\" sizes=\"auto, (max-width: 584px) 85vw, 584px\" \/><\/a><\/p>\n<p>Fin de l&rsquo;aventure, \u00e0 demain !!!<\/p>\n<p><em><strong>Vendredi 7 f\u00e9vrier<\/strong><\/em>\u00a0 : le col de la Pousterle et le plateau d&rsquo;Or\u00e9ac<\/p>\n<p><a href=\"https:\/\/sentiers05.fr\/wp-content\/uploads\/2020\/02\/Vallouise-2.jpg\"><img loading=\"lazy\" decoding=\"async\" class=\"aligncenter wp-image-4633 size-large\" src=\"https:\/\/sentiers05.fr\/wp-content\/uploads\/2020\/02\/Vallouise-2-584x389.jpg\" alt=\"Vallouise 2\" width=\"584\" height=\"389\" srcset=\"https:\/\/sentiers05.fr\/wp-content\/uploads\/2020\/02\/Vallouise-2-584x389.jpg 584w, https:\/\/sentiers05.fr\/wp-content\/uploads\/2020\/02\/Vallouise-2-300x200.jpg 300w, https:\/\/sentiers05.fr\/wp-content\/uploads\/2020\/02\/Vallouise-2-1200x800.jpg 1200w\" sizes=\"auto, (max-width: 584px) 85vw, 584px\" \/><\/a><\/p>\n<p>&nbsp;<\/p>\n<p>Tout le monde sur le pont \u00e0 9 h 30, direction Puy Saint Vincent 1400 que nous traversons en voiture jusqu&rsquo;au parking du Pr\u00e9 d&rsquo;Amont.<\/p>\n<p><em>Premi\u00e8re \u00e9tape<\/em> : le col de la Pousterle par le GR. La neige est tol\u00e9e et il faut \u00eatre vigilant pour ne pas d\u00e9raper, mais nous avons chauss\u00e9 nos raquettes \u00ab\u00a0d&rsquo;hiver\u00a0\u00bb. Nous arrivons sur le plateau de la Pousterle. Le paysage qui s&rsquo;offre \u00e0 nous vaut largement ce premier effort. C&rsquo;est grandiose et la neige est bonne. Nous continuons jusqu&rsquo;au Col qui domine le Vallon du Fournel.<\/p>\n<div id='gallery-1' class='gallery galleryid-4601 gallery-columns-2 gallery-size-medium'><figure class='gallery-item'>\n\t\t\t<div class='gallery-icon portrait'>\n\t\t\t\t<a href='https:\/\/sentiers05.fr\/wp-content\/uploads\/2020\/02\/2020-02-07-10.59.37.jpg'><img loading=\"lazy\" decoding=\"async\" width=\"197\" height=\"300\" src=\"https:\/\/sentiers05.fr\/wp-content\/uploads\/2020\/02\/2020-02-07-10.59.37-197x300.jpg\" class=\"attachment-medium size-medium\" alt=\"\" srcset=\"https:\/\/sentiers05.fr\/wp-content\/uploads\/2020\/02\/2020-02-07-10.59.37-197x300.jpg 197w, https:\/\/sentiers05.fr\/wp-content\/uploads\/2020\/02\/2020-02-07-10.59.37-383x584.jpg 383w, https:\/\/sentiers05.fr\/wp-content\/uploads\/2020\/02\/2020-02-07-10.59.37.jpg 760w\" sizes=\"auto, (max-width: 197px) 85vw, 197px\" \/><\/a>\n\t\t\t<\/div><\/figure><figure class='gallery-item'>\n\t\t\t<div class='gallery-icon portrait'>\n\t\t\t\t<a href='https:\/\/sentiers05.fr\/wp-content\/uploads\/2020\/02\/2020-02-07-10.59.32.jpg'><img loading=\"lazy\" decoding=\"async\" width=\"234\" height=\"300\" src=\"https:\/\/sentiers05.fr\/wp-content\/uploads\/2020\/02\/2020-02-07-10.59.32-234x300.jpg\" class=\"attachment-medium size-medium\" alt=\"\" srcset=\"https:\/\/sentiers05.fr\/wp-content\/uploads\/2020\/02\/2020-02-07-10.59.32-234x300.jpg 234w, https:\/\/sentiers05.fr\/wp-content\/uploads\/2020\/02\/2020-02-07-10.59.32-455x584.jpg 455w, https:\/\/sentiers05.fr\/wp-content\/uploads\/2020\/02\/2020-02-07-10.59.32.jpg 957w\" sizes=\"auto, (max-width: 234px) 85vw, 234px\" \/><\/a>\n\t\t\t<\/div><\/figure>\n\t\t<\/div>\n\n<p>&nbsp;<\/p>\n<p><a href=\"https:\/\/sentiers05.fr\/wp-content\/uploads\/2020\/02\/2020-02-07-11.02.00-e1581364602380.jpg\"><img loading=\"lazy\" decoding=\"async\" class=\"aligncenter wp-image-4655 size-large\" src=\"https:\/\/sentiers05.fr\/wp-content\/uploads\/2020\/02\/2020-02-07-11.02.00-584x497.jpg\" alt=\"2020-02-07 11.02.00\" width=\"584\" height=\"497\" \/><\/a><\/p>\n<p><em>2e \u00e9tape<\/em> : le plateau d&rsquo;Or\u00e9ac (suivre la T\u00eate). Nous l&rsquo;atteignons apr\u00e8s quelques circonvolutions dans une neige excellente\u00a0 parsem\u00e9e de traces d&rsquo;animaux.<\/p>\n<div id='gallery-2' class='gallery galleryid-4601 gallery-columns-2 gallery-size-medium'><figure class='gallery-item'>\n\t\t\t<div class='gallery-icon landscape'>\n\t\t\t\t<a href='https:\/\/sentiers05.fr\/wp-content\/uploads\/2020\/02\/2020-02-07-11.01.30.jpg'><img loading=\"lazy\" decoding=\"async\" width=\"300\" height=\"271\" src=\"https:\/\/sentiers05.fr\/wp-content\/uploads\/2020\/02\/2020-02-07-11.01.30-300x271.jpg\" class=\"attachment-medium size-medium\" alt=\"\" srcset=\"https:\/\/sentiers05.fr\/wp-content\/uploads\/2020\/02\/2020-02-07-11.01.30-300x271.jpg 300w, https:\/\/sentiers05.fr\/wp-content\/uploads\/2020\/02\/2020-02-07-11.01.30-584x527.jpg 584w, https:\/\/sentiers05.fr\/wp-content\/uploads\/2020\/02\/2020-02-07-11.01.30.jpg 1149w\" sizes=\"auto, (max-width: 300px) 85vw, 300px\" \/><\/a>\n\t\t\t<\/div><\/figure><figure class='gallery-item'>\n\t\t\t<div class='gallery-icon landscape'>\n\t\t\t\t<a href='https:\/\/sentiers05.fr\/wp-content\/uploads\/2020\/02\/2020-02-07-11.01.39.jpg'><img loading=\"lazy\" decoding=\"async\" width=\"300\" height=\"215\" src=\"https:\/\/sentiers05.fr\/wp-content\/uploads\/2020\/02\/2020-02-07-11.01.39-300x215.jpg\" class=\"attachment-medium size-medium\" alt=\"\" srcset=\"https:\/\/sentiers05.fr\/wp-content\/uploads\/2020\/02\/2020-02-07-11.01.39-300x215.jpg 300w, https:\/\/sentiers05.fr\/wp-content\/uploads\/2020\/02\/2020-02-07-11.01.39-584x419.jpg 584w, https:\/\/sentiers05.fr\/wp-content\/uploads\/2020\/02\/2020-02-07-11.01.39-1200x861.jpg 1200w, https:\/\/sentiers05.fr\/wp-content\/uploads\/2020\/02\/2020-02-07-11.01.39.jpg 1202w\" sizes=\"auto, (max-width: 300px) 85vw, 300px\" \/><\/a>\n\t\t\t<\/div><\/figure>\n\t\t<\/div>\n\n<p>Pause d\u00e9jeuner bien m\u00e9rit\u00e9e.<\/p>\n<div id='gallery-3' class='gallery galleryid-4601 gallery-columns-2 gallery-size-medium'><figure class='gallery-item'>\n\t\t\t<div class='gallery-icon landscape'>\n\t\t\t\t<a href='https:\/\/sentiers05.fr\/wp-content\/uploads\/2020\/02\/2020-02-07-12.22.42.jpg'><img loading=\"lazy\" decoding=\"async\" width=\"300\" height=\"245\" src=\"https:\/\/sentiers05.fr\/wp-content\/uploads\/2020\/02\/2020-02-07-12.22.42-300x245.jpg\" class=\"attachment-medium size-medium\" alt=\"\" srcset=\"https:\/\/sentiers05.fr\/wp-content\/uploads\/2020\/02\/2020-02-07-12.22.42-300x245.jpg 300w, https:\/\/sentiers05.fr\/wp-content\/uploads\/2020\/02\/2020-02-07-12.22.42-584x477.jpg 584w, https:\/\/sentiers05.fr\/wp-content\/uploads\/2020\/02\/2020-02-07-12.22.42.jpg 1059w\" sizes=\"auto, (max-width: 300px) 85vw, 300px\" \/><\/a>\n\t\t\t<\/div><\/figure><figure class='gallery-item'>\n\t\t\t<div class='gallery-icon landscape'>\n\t\t\t\t<a href='https:\/\/sentiers05.fr\/wp-content\/uploads\/2020\/02\/2020-02-07-13.28.08.jpg'><img loading=\"lazy\" decoding=\"async\" width=\"300\" height=\"241\" src=\"https:\/\/sentiers05.fr\/wp-content\/uploads\/2020\/02\/2020-02-07-13.28.08-300x241.jpg\" class=\"attachment-medium size-medium\" alt=\"\" srcset=\"https:\/\/sentiers05.fr\/wp-content\/uploads\/2020\/02\/2020-02-07-13.28.08-300x241.jpg 300w, https:\/\/sentiers05.fr\/wp-content\/uploads\/2020\/02\/2020-02-07-13.28.08-584x469.jpg 584w, https:\/\/sentiers05.fr\/wp-content\/uploads\/2020\/02\/2020-02-07-13.28.08-1200x964.jpg 1200w, https:\/\/sentiers05.fr\/wp-content\/uploads\/2020\/02\/2020-02-07-13.28.08.jpg 1302w\" sizes=\"auto, (max-width: 300px) 85vw, 300px\" \/><\/a>\n\t\t\t<\/div><\/figure>\n\t\t<\/div>\n\n<p>Apr\u00e8s avoir cherch\u00e9 le sentier qui doit nous mener aux chalets de Tournoux, (il a disparu !!!), nous d\u00e9cidons de rebrousser chemin jusqu&rsquo;au plateau de la Pousterle. L\u00e0, nous empruntons le sentier bien balis\u00e9 qui nous permet d&rsquo;arriver aux chalets et de rejoindre le Pr\u00e9 d&rsquo;Amont o\u00f9 sont les voitures.<\/p>\n<p>Journ\u00e9e bien remplie&#8230;&#8230;. d&rsquo;efforts, de paysages, sous un soleil g\u00e9n\u00e9reux qui ne nous a pas quitt\u00e9s.<\/p>\n<p>Faites de beaux r\u00eaves !!<\/p>\n<p>&nbsp;<\/p>\n<p><em><strong>Samedi 8 f\u00e9vrier<\/strong><\/em><\/p>\n<p><a href=\"https:\/\/sentiers05.fr\/wp-content\/uploads\/2020\/02\/Vallouise-3.jpg\"><img loading=\"lazy\" decoding=\"async\" class=\"aligncenter wp-image-4634 size-large\" src=\"https:\/\/sentiers05.fr\/wp-content\/uploads\/2020\/02\/Vallouise-3-584x389.jpg\" alt=\"Vallouise 3\" width=\"584\" height=\"389\" srcset=\"https:\/\/sentiers05.fr\/wp-content\/uploads\/2020\/02\/Vallouise-3-584x389.jpg 584w, https:\/\/sentiers05.fr\/wp-content\/uploads\/2020\/02\/Vallouise-3-300x200.jpg 300w, https:\/\/sentiers05.fr\/wp-content\/uploads\/2020\/02\/Vallouise-3-1200x800.jpg 1200w\" sizes=\"auto, (max-width: 584px) 85vw, 584px\" \/><\/a><\/p>\n<p>Dernier jour de notre p\u00e9riple. Nous avons perdu 3 membres de notre exp\u00e9dition (nous avions les mots d&rsquo;excuse).<\/p>\n<p>Direction <em><strong>Aile Froide<\/strong><\/em>. Nous stationnons juste avant le tunnel au bout de la route \u00e0 Pelvoux les Claux.<\/p>\n<p>Apr\u00e8s un passage bien verglac\u00e9 sous la cascade de glace, nous chaussons nos raquettes et trouvons une neige de plus en plus agr\u00e9able au fur et \u00e0 mesure de la mont\u00e9e. Nous arrivons sous le soleil au hameau d&rsquo;Aile Froide que nous atteignons en un peu plus d&rsquo;une heure en \u00e9vitant au maximum la route.<\/p>\n<p>Petite pause au village. Puis nous poursuivons dans la direction du Pr\u00e9 de Madame Carle. Nous nous r\u00e9galons dans ce vallon : une neige \u00e9paisse, excellente,\u00a0 sous le soleil.<\/p>\n<p>&nbsp;<\/p>\n<div id='gallery-4' class='gallery galleryid-4601 gallery-columns-2 gallery-size-medium'><figure class='gallery-item'>\n\t\t\t<div class='gallery-icon landscape'>\n\t\t\t\t<a href='https:\/\/sentiers05.fr\/wp-content\/uploads\/2020\/02\/2020-02-08-11.25.51.jpg'><img loading=\"lazy\" decoding=\"async\" width=\"300\" height=\"230\" src=\"https:\/\/sentiers05.fr\/wp-content\/uploads\/2020\/02\/2020-02-08-11.25.51-300x230.jpg\" class=\"attachment-medium size-medium\" alt=\"\" srcset=\"https:\/\/sentiers05.fr\/wp-content\/uploads\/2020\/02\/2020-02-08-11.25.51-300x230.jpg 300w, https:\/\/sentiers05.fr\/wp-content\/uploads\/2020\/02\/2020-02-08-11.25.51-584x448.jpg 584w, https:\/\/sentiers05.fr\/wp-content\/uploads\/2020\/02\/2020-02-08-11.25.51-1200x921.jpg 1200w, https:\/\/sentiers05.fr\/wp-content\/uploads\/2020\/02\/2020-02-08-11.25.51.jpg 1351w\" sizes=\"auto, (max-width: 300px) 85vw, 300px\" \/><\/a>\n\t\t\t<\/div><\/figure><figure class='gallery-item'>\n\t\t\t<div class='gallery-icon landscape'>\n\t\t\t\t<a href='https:\/\/sentiers05.fr\/wp-content\/uploads\/2020\/02\/2020-02-08-11.25.58.jpg'><img loading=\"lazy\" decoding=\"async\" width=\"300\" height=\"261\" src=\"https:\/\/sentiers05.fr\/wp-content\/uploads\/2020\/02\/2020-02-08-11.25.58-300x261.jpg\" class=\"attachment-medium size-medium\" alt=\"\" srcset=\"https:\/\/sentiers05.fr\/wp-content\/uploads\/2020\/02\/2020-02-08-11.25.58-300x261.jpg 300w, https:\/\/sentiers05.fr\/wp-content\/uploads\/2020\/02\/2020-02-08-11.25.58-584x509.jpg 584w, https:\/\/sentiers05.fr\/wp-content\/uploads\/2020\/02\/2020-02-08-11.25.58.jpg 1126w\" sizes=\"auto, (max-width: 300px) 85vw, 300px\" \/><\/a>\n\t\t\t<\/div><\/figure>\n\t\t<\/div>\n\n<p>&nbsp;<\/p>\n<p>A 2 km de l&rsquo;objectif nous d\u00e9cidons d&rsquo;arr\u00eater et de profiter du soleil qui nous illumine pendant le repas.<\/p>\n<div id='gallery-5' class='gallery galleryid-4601 gallery-columns-2 gallery-size-medium'><figure class='gallery-item'>\n\t\t\t<div class='gallery-icon portrait'>\n\t\t\t\t<a href='https:\/\/sentiers05.fr\/wp-content\/uploads\/2020\/02\/2020-02-08-13.08.11.jpg'><img loading=\"lazy\" decoding=\"async\" width=\"258\" height=\"300\" src=\"https:\/\/sentiers05.fr\/wp-content\/uploads\/2020\/02\/2020-02-08-13.08.11-258x300.jpg\" class=\"attachment-medium size-medium\" alt=\"\" srcset=\"https:\/\/sentiers05.fr\/wp-content\/uploads\/2020\/02\/2020-02-08-13.08.11-258x300.jpg 258w, https:\/\/sentiers05.fr\/wp-content\/uploads\/2020\/02\/2020-02-08-13.08.11-503x584.jpg 503w, https:\/\/sentiers05.fr\/wp-content\/uploads\/2020\/02\/2020-02-08-13.08.11.jpg 1171w\" sizes=\"auto, (max-width: 258px) 85vw, 258px\" \/><\/a>\n\t\t\t<\/div><\/figure><figure class='gallery-item'>\n\t\t\t<div class='gallery-icon landscape'>\n\t\t\t\t<a href='https:\/\/sentiers05.fr\/wp-content\/uploads\/2020\/02\/2020-02-08-13.08.00.jpg'><img loading=\"lazy\" decoding=\"async\" width=\"300\" height=\"224\" src=\"https:\/\/sentiers05.fr\/wp-content\/uploads\/2020\/02\/2020-02-08-13.08.00-300x224.jpg\" class=\"attachment-medium size-medium\" alt=\"\" srcset=\"https:\/\/sentiers05.fr\/wp-content\/uploads\/2020\/02\/2020-02-08-13.08.00-300x224.jpg 300w, https:\/\/sentiers05.fr\/wp-content\/uploads\/2020\/02\/2020-02-08-13.08.00-584x435.jpg 584w, https:\/\/sentiers05.fr\/wp-content\/uploads\/2020\/02\/2020-02-08-13.08.00-1200x894.jpg 1200w, https:\/\/sentiers05.fr\/wp-content\/uploads\/2020\/02\/2020-02-08-13.08.00.jpg 1343w\" sizes=\"auto, (max-width: 300px) 85vw, 300px\" \/><\/a>\n\t\t\t<\/div><\/figure>\n\t\t<\/div>\n\n<p>Nous faisons ensuite demi-tour, un petit arr\u00eat requinquant au bar tenue par Am\u00e9lie et descente par la route.<\/p>\n<p>Nous retrouvons les voitures \u00e0 16 h et direction GAP.<\/p>\n<p>En moyenne : d\u00e9nivel\u00e9e = entre 500 et 600 m ; temps de marche = 6 h<\/p>\n<p>Merci \u00e0 Jacqueline et Christian pour leur aide dans les diff\u00e9rents parcours.<\/p>\n<p>Nous gardons le souvenir des paysages, du soleil et de l&rsquo;ambiance \u00ab\u00a0jeune\u00a0\u00bb et dynamique.<\/p>\n","protected":false},"excerpt":{"rendered":"<p>Pour ce s\u00e9jour raquettes en Vallouise, nous sommes 12 inscrits. Huit sont h\u00e9berg\u00e9s au g\u00eete de l&rsquo;Aigli\u00e8re et 4 en h\u00e9bergement personnel \u00e0 Pelvoux et Vallouise. Nous nous retrouvons tous pour partager le repas du soir. Le programme est dense et la m\u00e9t\u00e9o favorable malgr\u00e9 une premi\u00e8re journ\u00e9e mitig\u00e9e. \u00a0 \u00a0\u00a0<\/p>\n","protected":false},"author":8,"featured_media":4666,"comment_status":"closed","ping_status":"open","sticky":false,"template":"","format":"standard","meta":{"footnotes":""},"categories":[4],"tags":[],"class_list":["post-4601","post","type-post","status-publish","format-standard","has-post-thumbnail","hentry","category-raquettes"],"_links":{"self":[{"href":"https:\/\/sentiers05.fr\/index.php\/wp-json\/wp\/v2\/posts\/4601","targetHints":{"allow":["GET"]}}],"collection":[{"href":"https:\/\/sentiers05.fr\/index.php\/wp-json\/wp\/v2\/posts"}],"about":[{"href":"https:\/\/sentiers05.fr\/index.php\/wp-json\/wp\/v2\/types\/post"}],"author":[{"embeddable":true,"href":"https:\/\/sentiers05.fr\/index.php\/wp-json\/wp\/v2\/users\/8"}],"replies":[{"embeddable":true,"href":"https:\/\/sentiers05.fr\/index.php\/wp-json\/wp\/v2\/comments?post=4601"}],"version-history":[{"count":35,"href":"https:\/\/sentiers05.fr\/index.php\/wp-json\/wp\/v2\/posts\/4601\/revisions"}],"predecessor-version":[{"id":4745,"href":"https:\/\/sentiers05.fr\/index.php\/wp-json\/wp\/v2\/posts\/4601\/revisions\/4745"}],"wp:featuredmedia":[{"embeddable":true,"href":"https:\/\/sentiers05.fr\/index.php\/wp-json\/wp\/v2\/media\/4666"}],"wp:attachment":[{"href":"https:\/\/sentiers05.fr\/index.php\/wp-json\/wp\/v2\/media?parent=4601"}],"wp:term":[{"taxonomy":"category","embeddable":true,"href":"https:\/\/sentiers05.fr\/index.php\/wp-json\/wp\/v2\/categories?post=4601"},{"taxonomy":"post_tag","embeddable":true,"href":"https:\/\/sentiers05.fr\/index.php\/wp-json\/wp\/v2\/tags?post=4601"}],"curies":[{"name":"wp","href":"https:\/\/api.w.org\/{rel}","templated":true}]}}