{"id":4550,"date":"2019-09-26T22:31:51","date_gmt":"2019-09-26T22:31:51","guid":{"rendered":"http:\/\/sentiers05.fr\/?p=4550"},"modified":"2019-11-06T13:34:39","modified_gmt":"2019-11-06T13:34:39","slug":"navette-26-septembre-2019","status":"publish","type":"post","link":"https:\/\/sentiers05.fr\/index.php\/2019\/09\/26\/navette-26-septembre-2019\/","title":{"rendered":"Navette 26 septembre 2019"},"content":{"rendered":"<p>Un petit \u00ab\u00a0crachin breton\u00a0\u00bb &#8211; pour ne pas d\u00e9payser nos amis Marie et Serge &#8211; d\u00e9bute la matin\u00e9e lorsque nous nous retrouvons aux Barraques. \u00a0 \u00a0 \u00a0 \u00a0<!--more--><\/p>\n<p>Il en faut plus pour nous arr\u00eater, car les pr\u00e9visions\u00a0sont optimistes ! Christiane, Genevi\u00e8ve, Juliette, Marie, Marie-Th\u00e9, Max, Michel et Serge, sont emmen\u00e9s dans l&rsquo;aventure par Chantal. Nous jouons la prudence en renon\u00e7ant \u00e0 la petite mont\u00e9e raide et ombrag\u00e9e au d\u00e9part de La Chapelle et nous arrivons en voiture aux Portes. (1245m) Par la route foresti\u00e8re nous traversons ce charmant hameau qui peu \u00e0 peu se r\u00e9nove, jusqu&rsquo;\u00e0 la Cabane de la Fouronni\u00e8re qui devrait aussi \u00eatre r\u00e9nov\u00e9e. Puis nous poursuivons en ligne droite (rive gauche du torrent) vers la Cabane de l&rsquo;Aup (1650m) o\u00f9 nous trouvons le troupeau de brebis et de ch\u00e8vres &#8230; et l\u00e0 les 3 \u00ab\u00a0patous\u00a0\u00bb nous tiennent en respect faisant bien comprendre &#8211; sans aucune agressivit\u00e9 &#8211; qu&rsquo;il ne faut pas s&rsquo;approcher ! Alors sagement, nous d\u00e9passons la bergerie pour nous installer pour le pique nique quand peu \u00e0 peu on voit le troupeau venir dans notre direction, nous feignons de l&rsquo;ignorer &#8230; mais les ch\u00e8vres beaucoup plus d\u00e9lur\u00e9e entendent bien essayer de partager notre repas ! Marie a failli perdre son sandwich alors qu&rsquo;une autre s&rsquo;attaquait \u00e0 mon ap\u00e9ro ! le mouvement ovin\/caprin continue son chemin et nous avons tout loisir de continuer tranquillement notre repas et notre sieste. Si bien soit-on il faut bien envisager de rentrer ! Alors nous revenons sur nos pas jusqu&rsquo;\u00e0 l&#8217;embranchement du petit sentier qui va traverser le torrent pour arriver au village de Navette par la rive gauche. Petit tour de visite des ruines et rapide historique du lieu devant l&rsquo;\u00e9glise \u00ab\u00a0trop\u00a0\u00bb r\u00e9nov\u00e9e. La descente se poursuit , toujours en rive gauche vers le lieu \u00ab\u00a0incontournable des \u00ab\u00a0Oules du Diable\u00a0\u00bb et c&rsquo;est par ce fameux pont que l&rsquo;on rejoint le village des Portes &#8211; fin de l&rsquo;Aventure !\u00a0 400 m de d\u00e9nivel\u00e9, 11 km, 5 h 30 de marche. Sous le soleil et le ciel bleu . On a bien fait de ne pas se d\u00e9courager !<\/p>\n<p>&nbsp;<\/p>\n","protected":false},"excerpt":{"rendered":"<p>Un petit \u00ab\u00a0crachin breton\u00a0\u00bb &#8211; pour ne pas d\u00e9payser nos amis Marie et Serge &#8211; d\u00e9bute la matin\u00e9e lorsque nous nous retrouvons aux Barraques. \u00a0 \u00a0 \u00a0 \u00a0<\/p>\n","protected":false},"author":3,"featured_media":0,"comment_status":"closed","ping_status":"open","sticky":false,"template":"","format":"standard","meta":{"footnotes":""},"categories":[3],"tags":[],"class_list":["post-4550","post","type-post","status-publish","format-standard","hentry","category-randonnee-pedestre"],"_links":{"self":[{"href":"https:\/\/sentiers05.fr\/index.php\/wp-json\/wp\/v2\/posts\/4550","targetHints":{"allow":["GET"]}}],"collection":[{"href":"https:\/\/sentiers05.fr\/index.php\/wp-json\/wp\/v2\/posts"}],"about":[{"href":"https:\/\/sentiers05.fr\/index.php\/wp-json\/wp\/v2\/types\/post"}],"author":[{"embeddable":true,"href":"https:\/\/sentiers05.fr\/index.php\/wp-json\/wp\/v2\/users\/3"}],"replies":[{"embeddable":true,"href":"https:\/\/sentiers05.fr\/index.php\/wp-json\/wp\/v2\/comments?post=4550"}],"version-history":[{"count":4,"href":"https:\/\/sentiers05.fr\/index.php\/wp-json\/wp\/v2\/posts\/4550\/revisions"}],"predecessor-version":[{"id":4565,"href":"https:\/\/sentiers05.fr\/index.php\/wp-json\/wp\/v2\/posts\/4550\/revisions\/4565"}],"wp:attachment":[{"href":"https:\/\/sentiers05.fr\/index.php\/wp-json\/wp\/v2\/media?parent=4550"}],"wp:term":[{"taxonomy":"category","embeddable":true,"href":"https:\/\/sentiers05.fr\/index.php\/wp-json\/wp\/v2\/categories?post=4550"},{"taxonomy":"post_tag","embeddable":true,"href":"https:\/\/sentiers05.fr\/index.php\/wp-json\/wp\/v2\/tags?post=4550"}],"curies":[{"name":"wp","href":"https:\/\/api.w.org\/{rel}","templated":true}]}}