{"id":4362,"date":"2019-05-21T14:31:59","date_gmt":"2019-05-21T14:31:59","guid":{"rendered":"http:\/\/sentiers05.fr\/?p=4362"},"modified":"2019-05-28T14:39:55","modified_gmt":"2019-05-28T14:39:55","slug":"randonnee-douce-du-21-mai-a-boscodon","status":"publish","type":"post","link":"https:\/\/sentiers05.fr\/index.php\/2019\/05\/21\/randonnee-douce-du-21-mai-a-boscodon\/","title":{"rendered":"Randonn\u00e9e douce du 21 mai \u00e0 Boscodon"},"content":{"rendered":"<p>Au d\u00e9part de l\u2019Abbaye de Boscodon , circuit des 3 belv\u00e9d\u00e8res.<\/p>\n<p><a href=\"https:\/\/sentiers05.fr\/index.php\/2019\/05\/21\/randonnee-douce-du-21-mai-a-boscodon\/20190521_110851\/\" rel=\"attachment wp-att-4364\"><img loading=\"lazy\" decoding=\"async\" class=\"aligncenter size-medium wp-image-4364\" src=\"https:\/\/sentiers05.fr\/wp-content\/uploads\/2019\/05\/20190521_110851-300x169.jpg\" alt=\"20190521_110851\" width=\"300\" height=\"169\" \/><\/a><\/p>\n<p><!--more--><\/p>\n<div id='gallery-1' class='gallery galleryid-4362 gallery-columns-2 gallery-size-medium'><figure class='gallery-item'>\n\t\t\t<div class='gallery-icon portrait'>\n\t\t\t\t<a href='https:\/\/sentiers05.fr\/index.php\/2019\/05\/21\/randonnee-douce-du-21-mai-a-boscodon\/20190521_110928\/'><img loading=\"lazy\" decoding=\"async\" width=\"169\" height=\"300\" src=\"https:\/\/sentiers05.fr\/wp-content\/uploads\/2019\/05\/20190521_110928-169x300.jpg\" class=\"attachment-medium size-medium\" alt=\"\" srcset=\"https:\/\/sentiers05.fr\/wp-content\/uploads\/2019\/05\/20190521_110928-169x300.jpg 169w, https:\/\/sentiers05.fr\/wp-content\/uploads\/2019\/05\/20190521_110928-329x584.jpg 329w, https:\/\/sentiers05.fr\/wp-content\/uploads\/2019\/05\/20190521_110928-1200x2133.jpg 1200w, https:\/\/sentiers05.fr\/wp-content\/uploads\/2019\/05\/20190521_110928-e1558975014252.jpg 1000w\" sizes=\"auto, (max-width: 169px) 85vw, 169px\" \/><\/a>\n\t\t\t<\/div><\/figure><figure class='gallery-item'>\n\t\t\t<div class='gallery-icon portrait'>\n\t\t\t\t<a href='https:\/\/sentiers05.fr\/index.php\/2019\/05\/21\/randonnee-douce-du-21-mai-a-boscodon\/20190521_111224\/'><img loading=\"lazy\" decoding=\"async\" width=\"169\" height=\"300\" src=\"https:\/\/sentiers05.fr\/wp-content\/uploads\/2019\/05\/20190521_111224-169x300.jpg\" class=\"attachment-medium size-medium\" alt=\"\" srcset=\"https:\/\/sentiers05.fr\/wp-content\/uploads\/2019\/05\/20190521_111224-169x300.jpg 169w, https:\/\/sentiers05.fr\/wp-content\/uploads\/2019\/05\/20190521_111224-329x584.jpg 329w, https:\/\/sentiers05.fr\/wp-content\/uploads\/2019\/05\/20190521_111224-1200x2133.jpg 1200w, https:\/\/sentiers05.fr\/wp-content\/uploads\/2019\/05\/20190521_111224-e1559052529193.jpg 1000w\" sizes=\"auto, (max-width: 169px) 85vw, 169px\" \/><\/a>\n\t\t\t<\/div><\/figure>\n\t\t<\/div>\n\n<p>&nbsp;<\/p>\n<p>Randonn\u00e9e bucolique dans la magnifique for\u00eat de Boscodon , \u00e0 l\u2019abri de ses grands arbres majestueux et s\u00e9culaires, \u00e9gay\u00e9e par le chant des oiseaux .<\/p>\n<p>Les 3 belv\u00e9d\u00e8res et leurs panneaux panoramiques nous ont permis d\u2019admirer diff\u00e9rents points de vue sur des sommets encore bien enneig\u00e9s:<\/p>\n<p><a href=\"https:\/\/sentiers05.fr\/index.php\/2019\/05\/21\/randonnee-douce-du-21-mai-a-boscodon\/20190521_143447\/\" rel=\"attachment wp-att-4371\"><img loading=\"lazy\" decoding=\"async\" class=\"aligncenter size-medium wp-image-4371\" src=\"https:\/\/sentiers05.fr\/wp-content\/uploads\/2019\/05\/20190521_143447-300x169.jpg\" alt=\"20190521_143447\" width=\"300\" height=\"169\" \/><\/a><\/p>\n<p>-belv\u00e9d\u00e8re de Bragousse<\/p>\n<p>-des Aiguillas<\/p>\n<p>-du Colombier<\/p>\n<p><a href=\"https:\/\/sentiers05.fr\/index.php\/2019\/05\/21\/randonnee-douce-du-21-mai-a-boscodon\/20190521_115122\/\" rel=\"attachment wp-att-4372\"><img loading=\"lazy\" decoding=\"async\" class=\"aligncenter size-medium wp-image-4372\" src=\"https:\/\/sentiers05.fr\/wp-content\/uploads\/2019\/05\/20190521_115122-300x169.jpg\" alt=\"20190521_115122\" width=\"300\" height=\"169\" \/><\/a><\/p>\n<p>Nous avons parcouru le Sentiers des Fourmis, qui bien que destin\u00e9 aux enfants , n\u2019a pas manqu\u00e9 de nous faire un petit clin d\u2019oeil en nous rappelant que nous sommes tous des grands parents attentifs \u00e0 transmettre notre environnement aux plus jeunes.<\/p>\n<p><a href=\"https:\/\/sentiers05.fr\/index.php\/2019\/05\/21\/randonnee-douce-du-21-mai-a-boscodon\/20190521_143746\/\" rel=\"attachment wp-att-4373\"><img loading=\"lazy\" decoding=\"async\" class=\"aligncenter size-medium wp-image-4373\" src=\"https:\/\/sentiers05.fr\/wp-content\/uploads\/2019\/05\/20190521_143746-300x169.jpg\" alt=\"20190521_143746\" width=\"300\" height=\"169\" \/><\/a><\/p>\n<p>Les sabots de V\u00e9nus n\u2019avaient pas encore ouvert leurs fleurs et nous leur avons donn\u00e9 rendez vous un peu plus tard.<\/p>\n<p>Enfin, avant de repartir, nous avons pris le temps d\u2019une halte \u00e0 l\u2019int\u00e9rieur de l\u2019abbaye ( 12 \u00e9 si\u00e8cle)<\/p>\n<p>haut lieu de visite culturelle et spirituelle.<\/p>\n<p>Journ\u00e9e tr\u00e8s agr\u00e9able dans ce secteur \u00e0 la fois touristique et prot\u00e9g\u00e9.<\/p>\n<p>Jacqueline<\/p>\n","protected":false},"excerpt":{"rendered":"<p>Au d\u00e9part de l\u2019Abbaye de Boscodon , circuit des 3 belv\u00e9d\u00e8res.<\/p>\n","protected":false},"author":11,"featured_media":0,"comment_status":"closed","ping_status":"open","sticky":false,"template":"","format":"standard","meta":{"footnotes":""},"categories":[3],"tags":[],"class_list":["post-4362","post","type-post","status-publish","format-standard","hentry","category-randonnee-pedestre"],"_links":{"self":[{"href":"https:\/\/sentiers05.fr\/index.php\/wp-json\/wp\/v2\/posts\/4362","targetHints":{"allow":["GET"]}}],"collection":[{"href":"https:\/\/sentiers05.fr\/index.php\/wp-json\/wp\/v2\/posts"}],"about":[{"href":"https:\/\/sentiers05.fr\/index.php\/wp-json\/wp\/v2\/types\/post"}],"author":[{"embeddable":true,"href":"https:\/\/sentiers05.fr\/index.php\/wp-json\/wp\/v2\/users\/11"}],"replies":[{"embeddable":true,"href":"https:\/\/sentiers05.fr\/index.php\/wp-json\/wp\/v2\/comments?post=4362"}],"version-history":[{"count":4,"href":"https:\/\/sentiers05.fr\/index.php\/wp-json\/wp\/v2\/posts\/4362\/revisions"}],"predecessor-version":[{"id":4375,"href":"https:\/\/sentiers05.fr\/index.php\/wp-json\/wp\/v2\/posts\/4362\/revisions\/4375"}],"wp:attachment":[{"href":"https:\/\/sentiers05.fr\/index.php\/wp-json\/wp\/v2\/media?parent=4362"}],"wp:term":[{"taxonomy":"category","embeddable":true,"href":"https:\/\/sentiers05.fr\/index.php\/wp-json\/wp\/v2\/categories?post=4362"},{"taxonomy":"post_tag","embeddable":true,"href":"https:\/\/sentiers05.fr\/index.php\/wp-json\/wp\/v2\/tags?post=4362"}],"curies":[{"name":"wp","href":"https:\/\/api.w.org\/{rel}","templated":true}]}}