{"id":4355,"date":"2019-05-27T16:18:21","date_gmt":"2019-05-27T16:18:21","guid":{"rendered":"http:\/\/sentiers05.fr\/?p=4355"},"modified":"2019-05-27T16:18:21","modified_gmt":"2019-05-27T16:18:21","slug":"eco-rando-du-25-mai-2019-a-reallon","status":"publish","type":"post","link":"https:\/\/sentiers05.fr\/index.php\/2019\/05\/27\/eco-rando-du-25-mai-2019-a-reallon\/","title":{"rendered":"ECO-Rando du 25 mai 2019 \u00e0 R\u00e9allon"},"content":{"rendered":"<p>Pour la deuxi\u00e8me \u00e9dition de cette manifestation nationale &#8230;<\/p>\n<p><a href=\"https:\/\/sentiers05.fr\/index.php\/2019\/05\/27\/eco-rando-du-25-mai-2019-a-reallon\/20190525_104821\/\" rel=\"attachment wp-att-4356\"><img loading=\"lazy\" decoding=\"async\" class=\"aligncenter size-thumbnail wp-image-4356\" src=\"https:\/\/sentiers05.fr\/wp-content\/uploads\/2019\/05\/20190525_104821-200x200.jpg\" alt=\"20190525_104821\" width=\"200\" height=\"200\" \/><\/a><\/p>\n<p><!--more--><\/p>\n<p>organis\u00e9e conjointement avec le magasin D\u00e9cathlon, nous \u00e9tions aussi peu nombreux que l\u2019ann\u00e9e pr\u00e9c\u00e9dente ( 2 pour Sentiers, 2 pour l\u2019ANR, 9 pour les Caturiges ).<\/p>\n<p><a href=\"https:\/\/sentiers05.fr\/index.php\/2019\/05\/27\/eco-rando-du-25-mai-2019-a-reallon\/20190525_121753\/\" rel=\"attachment wp-att-4358\"><img loading=\"lazy\" decoding=\"async\" class=\"aligncenter size-thumbnail wp-image-4358\" src=\"https:\/\/sentiers05.fr\/wp-content\/uploads\/2019\/05\/20190525_121753-200x200.jpg\" alt=\"20190525_121753\" width=\"200\" height=\"200\" \/><\/a><\/p>\n<p>Mais malgr\u00e9 notre d\u00e9ception, notre motivation reste intacte et fort heureusement quelques individuels nous ont rejoint pour cette journ\u00e9e citoyenne: ramassage, tri et pique nique.<\/p>\n<p><a href=\"https:\/\/sentiers05.fr\/index.php\/2019\/05\/27\/eco-rando-du-25-mai-2019-a-reallon\/20190525_125144\/\" rel=\"attachment wp-att-4359\"><img loading=\"lazy\" decoding=\"async\" class=\"aligncenter size-large wp-image-4359\" src=\"https:\/\/sentiers05.fr\/wp-content\/uploads\/2019\/05\/20190525_125144-584x329.jpg\" alt=\"20190525_125144\" width=\"584\" height=\"329\" \/><\/a><\/p>\n<p>&nbsp;<\/p>\n<p>Un grand merci au ski club de R\u00e9allon pour sa participation et son accueil g\u00e9n\u00e9reux, th\u00e9, caf\u00e9 et chocolats, ainsi que mise \u00e0 disposition de leur salle.<\/p>\n<p>Jacqueline<\/p>\n","protected":false},"excerpt":{"rendered":"<p>Pour la deuxi\u00e8me \u00e9dition de cette manifestation nationale &#8230;<\/p>\n","protected":false},"author":11,"featured_media":0,"comment_status":"closed","ping_status":"open","sticky":false,"template":"","format":"standard","meta":{"footnotes":""},"categories":[3],"tags":[],"class_list":["post-4355","post","type-post","status-publish","format-standard","hentry","category-randonnee-pedestre"],"_links":{"self":[{"href":"https:\/\/sentiers05.fr\/index.php\/wp-json\/wp\/v2\/posts\/4355","targetHints":{"allow":["GET"]}}],"collection":[{"href":"https:\/\/sentiers05.fr\/index.php\/wp-json\/wp\/v2\/posts"}],"about":[{"href":"https:\/\/sentiers05.fr\/index.php\/wp-json\/wp\/v2\/types\/post"}],"author":[{"embeddable":true,"href":"https:\/\/sentiers05.fr\/index.php\/wp-json\/wp\/v2\/users\/11"}],"replies":[{"embeddable":true,"href":"https:\/\/sentiers05.fr\/index.php\/wp-json\/wp\/v2\/comments?post=4355"}],"version-history":[{"count":2,"href":"https:\/\/sentiers05.fr\/index.php\/wp-json\/wp\/v2\/posts\/4355\/revisions"}],"predecessor-version":[{"id":4361,"href":"https:\/\/sentiers05.fr\/index.php\/wp-json\/wp\/v2\/posts\/4355\/revisions\/4361"}],"wp:attachment":[{"href":"https:\/\/sentiers05.fr\/index.php\/wp-json\/wp\/v2\/media?parent=4355"}],"wp:term":[{"taxonomy":"category","embeddable":true,"href":"https:\/\/sentiers05.fr\/index.php\/wp-json\/wp\/v2\/categories?post=4355"},{"taxonomy":"post_tag","embeddable":true,"href":"https:\/\/sentiers05.fr\/index.php\/wp-json\/wp\/v2\/tags?post=4355"}],"curies":[{"name":"wp","href":"https:\/\/api.w.org\/{rel}","templated":true}]}}