{"id":4136,"date":"2018-09-22T15:15:24","date_gmt":"2018-09-22T15:15:24","guid":{"rendered":"http:\/\/sentiers05.fr\/?p=4136"},"modified":"2018-12-04T15:16:07","modified_gmt":"2018-12-04T15:16:07","slug":"fete-du-sport-a-veynes-le-22-septembre-2018","status":"publish","type":"post","link":"https:\/\/sentiers05.fr\/index.php\/2018\/09\/22\/fete-du-sport-a-veynes-le-22-septembre-2018\/","title":{"rendered":"F\u00eate du sport \u00e0 Veynes le  22  septembre 2018"},"content":{"rendered":"<figure id=\"attachment_4138\" aria-describedby=\"caption-attachment-4138\" style=\"width: 584px\" class=\"wp-caption aligncenter\"><a href=\"https:\/\/sentiers05.fr\/wp-content\/uploads\/2018\/12\/20180922_102548-e1543849077152.jpg\"><img loading=\"lazy\" decoding=\"async\" class=\"size-large wp-image-4138\" src=\"https:\/\/sentiers05.fr\/wp-content\/uploads\/2018\/12\/20180922_102548-584x329.jpg\" alt=\"l'accueil du CDRP\" width=\"584\" height=\"329\" \/><\/a><figcaption id=\"caption-attachment-4138\" class=\"wp-caption-text\">Une journ\u00e9e organis\u00e9e par le CDOS des Hautes-Alpes au plan d&rsquo;eau de VEYNES ; o\u00f9 le Comit\u00e9 D\u00e9partemental de la Randonn\u00e9e p\u00e9destre \u00e9tait repr\u00e9sent\u00e9 avec plus de 80 autres disciplines<\/figcaption><\/figure>\n<p>Cette journ\u00e9e festive \u00e9tait de faire d\u00e9couvrir au plus grand nombre de personnes une grande vari\u00e9t\u00e9 de sports, collectifs ou individuels, \u00e0 destination ou d&rsquo;adultes. Cela sans pr\u00e9tention de niveau ou de comp\u00e9titivit\u00e9.<\/p>\n<p><a href=\"https:\/\/sentiers05.fr\/wp-content\/uploads\/2018\/12\/20180922_101659.jpg\"><img loading=\"lazy\" decoding=\"async\" class=\"aligncenter wp-image-4139\" src=\"https:\/\/sentiers05.fr\/wp-content\/uploads\/2018\/12\/20180922_101659-584x329.jpg\" alt=\"20180922_101659\" width=\"584\" height=\"329\" srcset=\"https:\/\/sentiers05.fr\/wp-content\/uploads\/2018\/12\/20180922_101659-584x329.jpg 584w, https:\/\/sentiers05.fr\/wp-content\/uploads\/2018\/12\/20180922_101659-300x169.jpg 300w, https:\/\/sentiers05.fr\/wp-content\/uploads\/2018\/12\/20180922_101659-1200x675.jpg 1200w\" sizes=\"auto, (max-width: 584px) 85vw, 584px\" \/><\/a><\/p>\n<p>Beaucoup de familles, en particulier des enfants, ont pu s&rsquo;exercer librement aux activit\u00e9s: ateliers, mise \u00e0 disposition de mat\u00e9riel&#8230;<\/p>\n<p>L&rsquo;accent a \u00e9t\u00e9 mis sur la disponibilit\u00e9 des diff\u00e9rentes associations qui ont r\u00e9pondu \u00e0 l&rsquo;appel. Les b\u00e9n\u00e9voles mobilis\u00e9s ont \u00e9t\u00e9 chaleureusement remerci\u00e9s et reconnus dans leur engagement.<\/p>\n<p><a href=\"https:\/\/sentiers05.fr\/wp-content\/uploads\/2018\/12\/20180922_112305-e1543936102622.jpg\"><img loading=\"lazy\" decoding=\"async\" class=\"aligncenter size-large wp-image-4148\" src=\"https:\/\/sentiers05.fr\/wp-content\/uploads\/2018\/12\/20180922_112305-584x329.jpg\" alt=\"20180922_112305\" width=\"584\" height=\"329\" \/><\/a><\/p>\n<p>L&rsquo;organisation sans faille a fait de cette journ\u00e9e une r\u00e9ussite, agr\u00e9ment\u00e9e par un tr\u00e8s beau temps.<\/p>\n<p><a href=\"https:\/\/sentiers05.fr\/wp-content\/uploads\/2018\/12\/20180922_110119-e1543936325284.jpg\"><img loading=\"lazy\" decoding=\"async\" class=\"aligncenter size-large wp-image-4149\" src=\"https:\/\/sentiers05.fr\/wp-content\/uploads\/2018\/12\/20180922_110119-584x329.jpg\" alt=\"20180922_110119\" width=\"584\" height=\"329\" \/><\/a><\/p>\n<p>Cette initiative sera r\u00e9it\u00e9r\u00e9e l&rsquo;ann\u00e9e prochaine et vous en serez inform\u00e9s.<\/p>\n<p>Jacqueline<\/p>\n","protected":false},"excerpt":{"rendered":"<p>Cette journ\u00e9e festive \u00e9tait de faire d\u00e9couvrir au plus grand nombre de personnes une grande vari\u00e9t\u00e9 de sports, collectifs ou individuels, \u00e0 destination ou d&rsquo;adultes. Cela sans pr\u00e9tention de niveau ou de comp\u00e9titivit\u00e9. Beaucoup de familles, en particulier des enfants, ont pu s&rsquo;exercer librement aux activit\u00e9s: ateliers, mise \u00e0 disposition de mat\u00e9riel&#8230; L&rsquo;accent a \u00e9t\u00e9 &hellip; <a href=\"https:\/\/sentiers05.fr\/index.php\/2018\/09\/22\/fete-du-sport-a-veynes-le-22-septembre-2018\/\" class=\"more-link\">Continuer la lecture<span class=\"screen-reader-text\"> de &laquo;&nbsp;F\u00eate du sport \u00e0 Veynes le  22  septembre 2018&nbsp;&raquo;<\/span><\/a><\/p>\n","protected":false},"author":11,"featured_media":0,"comment_status":"closed","ping_status":"open","sticky":false,"template":"","format":"standard","meta":{"footnotes":""},"categories":[5],"tags":[],"class_list":["post-4136","post","type-post","status-publish","format-standard","hentry","category-rencontres"],"_links":{"self":[{"href":"https:\/\/sentiers05.fr\/index.php\/wp-json\/wp\/v2\/posts\/4136","targetHints":{"allow":["GET"]}}],"collection":[{"href":"https:\/\/sentiers05.fr\/index.php\/wp-json\/wp\/v2\/posts"}],"about":[{"href":"https:\/\/sentiers05.fr\/index.php\/wp-json\/wp\/v2\/types\/post"}],"author":[{"embeddable":true,"href":"https:\/\/sentiers05.fr\/index.php\/wp-json\/wp\/v2\/users\/11"}],"replies":[{"embeddable":true,"href":"https:\/\/sentiers05.fr\/index.php\/wp-json\/wp\/v2\/comments?post=4136"}],"version-history":[{"count":2,"href":"https:\/\/sentiers05.fr\/index.php\/wp-json\/wp\/v2\/posts\/4136\/revisions"}],"predecessor-version":[{"id":4150,"href":"https:\/\/sentiers05.fr\/index.php\/wp-json\/wp\/v2\/posts\/4136\/revisions\/4150"}],"wp:attachment":[{"href":"https:\/\/sentiers05.fr\/index.php\/wp-json\/wp\/v2\/media?parent=4136"}],"wp:term":[{"taxonomy":"category","embeddable":true,"href":"https:\/\/sentiers05.fr\/index.php\/wp-json\/wp\/v2\/categories?post=4136"},{"taxonomy":"post_tag","embeddable":true,"href":"https:\/\/sentiers05.fr\/index.php\/wp-json\/wp\/v2\/tags?post=4136"}],"curies":[{"name":"wp","href":"https:\/\/api.w.org\/{rel}","templated":true}]}}