{"id":4091,"date":"2018-11-18T19:58:07","date_gmt":"2018-11-18T19:58:07","guid":{"rendered":"http:\/\/sentiers05.fr\/?p=4091"},"modified":"2018-11-20T09:57:58","modified_gmt":"2018-11-20T09:57:58","slug":"dans-le-devoluy","status":"publish","type":"post","link":"https:\/\/sentiers05.fr\/index.php\/2018\/11\/18\/dans-le-devoluy\/","title":{"rendered":"Dans le D\u00e9voluy"},"content":{"rendered":"<p>Nous \u00e9tions 11 (Christiane, Bernadette, Jacqueline, Fran\u00e7oise, Genevi\u00e8ve,\u00a0 Josyane, Annie, Marie, Alain, Pascal et Serge) au rendez-vous ce dimanche matin sur le parking des S\u00e9nateurs.<\/p>\n<p>Temps froid et sec et le ciel\u00a0 bleu des Hautes-Alpes.<\/p>\n<p>Les conducteurs nous conduisent jusqu&rsquo;au point de d\u00e9part (parking de l&rsquo;Avalanche, sous le t\u00e9l\u00e9ph\u00e9rique du pic de Bure).<\/p>\n<p><img loading=\"lazy\" decoding=\"async\" class=\"alignnone size-full wp-image-4095\" src=\"https:\/\/sentiers05.fr\/wp-content\/uploads\/2018\/11\/01.jpg\" alt=\"01\" width=\"2592\" height=\"1944\" \/><\/p>\n<p>Chaudement v\u00eatus, nous entamons notre randonn\u00e9e vers 9 h 20. Nous empruntons\u00a0 une large piste qui nous conduira, non pas au \u00ab\u00a0Pas du Follet\u00a0\u00bb, mais au col de Rabou (1888 m).<\/p>\n<p>En effet, nous avons opt\u00e9 pour le SOLEIL et la travers\u00e9e du magnifique Vallon des Bruy\u00e8res.<\/p>\n<p><img loading=\"lazy\" decoding=\"async\" class=\"alignnone size-full wp-image-4096\" src=\"https:\/\/sentiers05.fr\/wp-content\/uploads\/2018\/11\/02.jpg\" alt=\"02\" width=\"1919\" height=\"1439\" \/><\/p>\n<p>&nbsp;<\/p>\n<p>Le d\u00e9nivel\u00e9 positif pr\u00e9vu n&rsquo;\u00e9tant pas atteint nous sommes partis pour l&rsquo;ascension du Rocher de la Palette rep\u00e9rable \u00e0 son cairn (2015 m).<\/p>\n<p><img loading=\"lazy\" decoding=\"async\" class=\"alignnone size-full wp-image-4107\" src=\"https:\/\/sentiers05.fr\/wp-content\/uploads\/2018\/11\/IMG_0205.jpg\" alt=\"IMG_0205\" width=\"2592\" height=\"1944\" \/><\/p>\n<p>&nbsp;<\/p>\n<p><img loading=\"lazy\" decoding=\"async\" class=\"alignnone size-full wp-image-4105\" src=\"https:\/\/sentiers05.fr\/wp-content\/uploads\/2018\/11\/8.jpg\" alt=\"8\" width=\"2592\" height=\"1944\" \/><\/p>\n<p>Quel enthousiasme au sommet avec une vue panoramique et d\u00e9gag\u00e9e sur les\u00a0 alentours (le Pic de Bure et ses paraboles, l&rsquo;Obiou, le Grand Ferrand, la vall\u00e9e de Rabou).<\/p>\n<p><img loading=\"lazy\" decoding=\"async\" class=\"alignnone size-full wp-image-4106\" src=\"https:\/\/sentiers05.fr\/wp-content\/uploads\/2018\/11\/9.jpg\" alt=\"9\" width=\"1480\" height=\"1110\" \/><\/p>\n<p><img loading=\"lazy\" decoding=\"async\" class=\"alignnone size-full wp-image-4100\" src=\"https:\/\/sentiers05.fr\/wp-content\/uploads\/2018\/11\/06.jpg\" alt=\"06\" width=\"2592\" height=\"1944\" \/><\/p>\n<p><img loading=\"lazy\" decoding=\"async\" class=\"alignnone size-full wp-image-4099\" src=\"https:\/\/sentiers05.fr\/wp-content\/uploads\/2018\/11\/05.jpg\" alt=\"05\" width=\"2592\" height=\"1944\" \/><\/p>\n<p>Les estomacs criant famine nous redescendons pour trouver un coin abrit\u00e9, car le fond de l&rsquo;air est frais.<\/p>\n<p><img loading=\"lazy\" decoding=\"async\" class=\"alignnone size-full wp-image-4101\" src=\"https:\/\/sentiers05.fr\/wp-content\/uploads\/2018\/11\/07.jpg\" alt=\"07\" width=\"2592\" height=\"1944\" \/><\/p>\n<p>Retour aux v\u00e9hicules vers 14 h 30 par le m\u00eame itin\u00e9raire.<\/p>\n<p>Sortie de 5 h pour un d\u00e9nivel\u00e9 de 690 m et un point culminant \u00e0 2015 m.<\/p>\n<p>&nbsp;<\/p>\n<p>&nbsp;<\/p>\n","protected":false},"excerpt":{"rendered":"<p>Nous \u00e9tions 11 (Christiane, Bernadette, Jacqueline, Fran\u00e7oise, Genevi\u00e8ve,\u00a0 Josyane, Annie, Marie, Alain, Pascal et Serge) au rendez-vous ce dimanche matin sur le parking des S\u00e9nateurs. Temps froid et sec et le ciel\u00a0 bleu des Hautes-Alpes. Les conducteurs nous conduisent jusqu&rsquo;au point de d\u00e9part (parking de l&rsquo;Avalanche, sous le t\u00e9l\u00e9ph\u00e9rique du pic de Bure). Chaudement v\u00eatus, &hellip; <a href=\"https:\/\/sentiers05.fr\/index.php\/2018\/11\/18\/dans-le-devoluy\/\" class=\"more-link\">Continuer la lecture<span class=\"screen-reader-text\"> de &laquo;&nbsp;Dans le D\u00e9voluy&nbsp;&raquo;<\/span><\/a><\/p>\n","protected":false},"author":8,"featured_media":0,"comment_status":"closed","ping_status":"open","sticky":false,"template":"","format":"standard","meta":{"footnotes":""},"categories":[3],"tags":[],"class_list":["post-4091","post","type-post","status-publish","format-standard","hentry","category-randonnee-pedestre"],"_links":{"self":[{"href":"https:\/\/sentiers05.fr\/index.php\/wp-json\/wp\/v2\/posts\/4091","targetHints":{"allow":["GET"]}}],"collection":[{"href":"https:\/\/sentiers05.fr\/index.php\/wp-json\/wp\/v2\/posts"}],"about":[{"href":"https:\/\/sentiers05.fr\/index.php\/wp-json\/wp\/v2\/types\/post"}],"author":[{"embeddable":true,"href":"https:\/\/sentiers05.fr\/index.php\/wp-json\/wp\/v2\/users\/8"}],"replies":[{"embeddable":true,"href":"https:\/\/sentiers05.fr\/index.php\/wp-json\/wp\/v2\/comments?post=4091"}],"version-history":[{"count":15,"href":"https:\/\/sentiers05.fr\/index.php\/wp-json\/wp\/v2\/posts\/4091\/revisions"}],"predecessor-version":[{"id":4118,"href":"https:\/\/sentiers05.fr\/index.php\/wp-json\/wp\/v2\/posts\/4091\/revisions\/4118"}],"wp:attachment":[{"href":"https:\/\/sentiers05.fr\/index.php\/wp-json\/wp\/v2\/media?parent=4091"}],"wp:term":[{"taxonomy":"category","embeddable":true,"href":"https:\/\/sentiers05.fr\/index.php\/wp-json\/wp\/v2\/categories?post=4091"},{"taxonomy":"post_tag","embeddable":true,"href":"https:\/\/sentiers05.fr\/index.php\/wp-json\/wp\/v2\/tags?post=4091"}],"curies":[{"name":"wp","href":"https:\/\/api.w.org\/{rel}","templated":true}]}}