{"id":4081,"date":"2018-09-02T19:02:14","date_gmt":"2018-09-02T19:02:14","guid":{"rendered":"http:\/\/sentiers05.fr\/?p=4081"},"modified":"2018-11-17T15:22:32","modified_gmt":"2018-11-17T15:22:32","slug":"rencontre-franco-italienne-2018","status":"publish","type":"post","link":"https:\/\/sentiers05.fr\/index.php\/2018\/09\/02\/rencontre-franco-italienne-2018\/","title":{"rendered":"Rencontre franco-italienne 2018"},"content":{"rendered":"<h5>Le 2 septembre au col des Thures, vall\u00e9e de la Clar\u00e9e&#8230;<\/h5>\n<p><img loading=\"lazy\" decoding=\"async\" class=\"aligncenter size-medium wp-image-4082\" src=\"https:\/\/sentiers05.fr\/wp-content\/uploads\/2018\/11\/RFI-2018-2-300x200.png\" alt=\"RFI 2018 2\" width=\"300\" height=\"200\" srcset=\"https:\/\/sentiers05.fr\/wp-content\/uploads\/2018\/11\/RFI-2018-2-300x200.png 300w, https:\/\/sentiers05.fr\/wp-content\/uploads\/2018\/11\/RFI-2018-2-584x390.png 584w, https:\/\/sentiers05.fr\/wp-content\/uploads\/2018\/11\/RFI-2018-2.png 1024w\" sizes=\"auto, (max-width: 300px) 85vw, 300px\" \/><!--more--><\/p>\n<p>Comme chaque ann\u00e9e, ce fut une belle journ\u00e9e de partage et de convivialit\u00e9 avec nos amis Italiens. L&rsquo;itin\u00e9raire a permis d&rsquo;avoir des points de vue remarquables sur le magnifique vallon des Thures et sur la g\u00e9ologie particuli\u00e8re des chemin\u00e9es de f\u00e9es et de l&rsquo;Aiguille Rouge (d\u00e9part de Roubion)<\/p>\n<p><a href=\"https:\/\/sentiers05.fr\/wp-content\/uploads\/2018\/11\/RFI-2018-21.png\"><img loading=\"lazy\" decoding=\"async\" class=\"aligncenter size-large wp-image-4083\" src=\"https:\/\/sentiers05.fr\/wp-content\/uploads\/2018\/11\/RFI-2018-21-584x438.png\" alt=\"RFI 2018 21\" width=\"584\" height=\"438\" srcset=\"https:\/\/sentiers05.fr\/wp-content\/uploads\/2018\/11\/RFI-2018-21-584x438.png 584w, https:\/\/sentiers05.fr\/wp-content\/uploads\/2018\/11\/RFI-2018-21-300x225.png 300w, https:\/\/sentiers05.fr\/wp-content\/uploads\/2018\/11\/RFI-2018-21.png 1024w\" sizes=\"auto, (max-width: 584px) 85vw, 584px\" \/><\/a><\/p>\n<p>Le pique nique toujours aussi copieux a laiss\u00e9 place \u00e0 une apr\u00e8s midi festive agr\u00e9ment\u00e9e de chants en hommage \u00e0 l&rsquo;op\u00e9ra Nabucco de Verdi, entonn\u00e9s par tous les m\u00e9lomanes et sublim\u00e9s par la pr\u00e9sence des trois Rei Maggi.<\/p>\n<p><a href=\"https:\/\/sentiers05.fr\/wp-content\/uploads\/2018\/11\/RFI-2018-61.png\"><img loading=\"lazy\" decoding=\"async\" class=\"aligncenter size-large wp-image-4084\" src=\"https:\/\/sentiers05.fr\/wp-content\/uploads\/2018\/11\/RFI-2018-61-584x390.png\" alt=\"RFI 2018 61\" width=\"584\" height=\"390\" srcset=\"https:\/\/sentiers05.fr\/wp-content\/uploads\/2018\/11\/RFI-2018-61-584x390.png 584w, https:\/\/sentiers05.fr\/wp-content\/uploads\/2018\/11\/RFI-2018-61-300x200.png 300w, https:\/\/sentiers05.fr\/wp-content\/uploads\/2018\/11\/RFI-2018-61.png 1024w\" sizes=\"auto, (max-width: 584px) 85vw, 584px\" \/><\/a><\/p>\n<p>Une rencontre haute en couleurs et toujours tr\u00e8s appr\u00e9ci\u00e9e.<\/p>\n<p>C&rsquo;est avec beaucoup d&rsquo;\u00e9motion que nous avons retrouv\u00e9 nos amis endeuill\u00e9s par la trag\u00e9die du pont de G\u00eanes et nous leur avons exprim\u00e9 notre solidarit\u00e9.<\/p>\n<p>Nous ne manquerons pas d&rsquo;\u00eatre pr\u00e9sents l&rsquo;ann\u00e9e prochaine pour une autre belle journ\u00e9e ensemble !<\/p>\n<p>&nbsp;<\/p>\n<p>Jacqueline<\/p>\n","protected":false},"excerpt":{"rendered":"<p>Le 2 septembre au col des Thures, vall\u00e9e de la Clar\u00e9e&#8230;<\/p>\n","protected":false},"author":11,"featured_media":0,"comment_status":"closed","ping_status":"open","sticky":false,"template":"","format":"standard","meta":{"footnotes":""},"categories":[3],"tags":[],"class_list":["post-4081","post","type-post","status-publish","format-standard","hentry","category-randonnee-pedestre"],"_links":{"self":[{"href":"https:\/\/sentiers05.fr\/index.php\/wp-json\/wp\/v2\/posts\/4081","targetHints":{"allow":["GET"]}}],"collection":[{"href":"https:\/\/sentiers05.fr\/index.php\/wp-json\/wp\/v2\/posts"}],"about":[{"href":"https:\/\/sentiers05.fr\/index.php\/wp-json\/wp\/v2\/types\/post"}],"author":[{"embeddable":true,"href":"https:\/\/sentiers05.fr\/index.php\/wp-json\/wp\/v2\/users\/11"}],"replies":[{"embeddable":true,"href":"https:\/\/sentiers05.fr\/index.php\/wp-json\/wp\/v2\/comments?post=4081"}],"version-history":[{"count":4,"href":"https:\/\/sentiers05.fr\/index.php\/wp-json\/wp\/v2\/posts\/4081\/revisions"}],"predecessor-version":[{"id":4089,"href":"https:\/\/sentiers05.fr\/index.php\/wp-json\/wp\/v2\/posts\/4081\/revisions\/4089"}],"wp:attachment":[{"href":"https:\/\/sentiers05.fr\/index.php\/wp-json\/wp\/v2\/media?parent=4081"}],"wp:term":[{"taxonomy":"category","embeddable":true,"href":"https:\/\/sentiers05.fr\/index.php\/wp-json\/wp\/v2\/categories?post=4081"},{"taxonomy":"post_tag","embeddable":true,"href":"https:\/\/sentiers05.fr\/index.php\/wp-json\/wp\/v2\/tags?post=4081"}],"curies":[{"name":"wp","href":"https:\/\/api.w.org\/{rel}","templated":true}]}}