{"id":4024,"date":"2018-07-19T22:53:04","date_gmt":"2018-07-19T22:53:04","guid":{"rendered":"http:\/\/sentiers05.fr\/?p=4024"},"modified":"2018-07-26T17:03:23","modified_gmt":"2018-07-26T17:03:23","slug":"lacs-de-souliers-et-de-roue","status":"publish","type":"post","link":"https:\/\/sentiers05.fr\/index.php\/2018\/07\/19\/lacs-de-souliers-et-de-roue\/","title":{"rendered":"Lacs de Souliers et de Roue"},"content":{"rendered":"<p><a href=\"https:\/\/sentiers05.fr\/wp-content\/uploads\/2018\/07\/DSC07625-e1532611321593.jpg\"><br \/>\n<img loading=\"lazy\" decoding=\"async\" class=\"aligncenter size-thumbnail wp-image-4027\" src=\"https:\/\/sentiers05.fr\/wp-content\/uploads\/2018\/07\/DSC07625-200x200.jpg\" alt=\"DSC07625\" width=\"200\" height=\"200\" \/><\/a>C\u2019est aux alentours de 9h ce jeudi 19 juillet que nous arrivons \u00e0 Brunissard. Nous sommes 11 participants pr\u00eats \u00e0 affronter une journ\u00e9e qui devrait \u00eatre ensoleill\u00e9e. Patricia prend la t\u00eate accompagn\u00e9e de Nicole, Yvonne, Bernadette, Simone, Josyane, Jean-Paul, Chantal et Robert tandis que Fabio et moi-m\u00eame partons mettre une voiture au hameau \u00ab\u00a0Les Maisons\u00a0\u00bb au-dessus d\u2019Arvieux.<br \/>\n<!--more--><\/p>\n<p>Lorsque nous revenons \u00e0 Brunissard, nous avons la bonne surprise de voir Robert et Jean-Paul qui nous attendaient. Nous partons tous les 4 sur les traces de l\u2019ancien \u00a0GR 58 longeant le torrent de l\u2019Izoard dans un cadre tr\u00e8s min\u00e9ral pour rejoindre le belv\u00e9d\u00e8re de la Casse D\u00e9serte situ\u00e9 sur la route qui m\u00e8ne au col d\u2019Izoard o\u00f9 le premier groupe doit nous attendre.<\/p>\n<p><a href=\"https:\/\/sentiers05.fr\/wp-content\/uploads\/2018\/07\/DSC07624.jpg\"><img loading=\"lazy\" decoding=\"async\" class=\"alignright size-medium wp-image-4028\" src=\"https:\/\/sentiers05.fr\/wp-content\/uploads\/2018\/07\/DSC07624-300x200.jpg\" alt=\"DSC07624\" width=\"300\" height=\"200\" srcset=\"https:\/\/sentiers05.fr\/wp-content\/uploads\/2018\/07\/DSC07624-300x200.jpg 300w, https:\/\/sentiers05.fr\/wp-content\/uploads\/2018\/07\/DSC07624-584x389.jpg 584w, https:\/\/sentiers05.fr\/wp-content\/uploads\/2018\/07\/DSC07624-1200x800.jpg 1200w, https:\/\/sentiers05.fr\/wp-content\/uploads\/2018\/07\/DSC07624.jpg 1399w\" sizes=\"auto, (max-width: 300px) 85vw, 300px\" \/><\/a><\/p>\n<p>&nbsp;<\/p>\n<p>Petite collation avant de reprendre le sentier en direction du Lac de Souliers.<\/p>\n<p>&nbsp;<\/p>\n<p><a href=\"https:\/\/sentiers05.fr\/wp-content\/uploads\/2018\/07\/DSC07626.jpg\"><img loading=\"lazy\" decoding=\"async\" class=\"alignleft size-medium wp-image-4029\" src=\"https:\/\/sentiers05.fr\/wp-content\/uploads\/2018\/07\/DSC07626-300x200.jpg\" alt=\"DSC07626\" width=\"300\" height=\"200\" srcset=\"https:\/\/sentiers05.fr\/wp-content\/uploads\/2018\/07\/DSC07626-300x200.jpg 300w, https:\/\/sentiers05.fr\/wp-content\/uploads\/2018\/07\/DSC07626-584x389.jpg 584w, https:\/\/sentiers05.fr\/wp-content\/uploads\/2018\/07\/DSC07626-1200x800.jpg 1200w, https:\/\/sentiers05.fr\/wp-content\/uploads\/2018\/07\/DSC07626.jpg 1399w\" sizes=\"auto, (max-width: 300px) 85vw, 300px\" \/><\/a>30 minutes plus tard, nous arrivons \u00e0 la bifurcation qui permet soit de rejoindre le Hameau de Souliers via le col du Tronchet\u00a0ou de monter au lac de Souliers.<\/p>\n<p>Il est environ midi lorsque nous arrivons au lac et c\u2019est avant d\u2019entamer le pique-nique que nous d\u00e9cidons de nous attaquer, en ordre dispers\u00e9, au petit sommet qui domine le lac 100 m plus haut et nous permet d\u2019avoir un panorama \u00e0 360\u00b0<\/p>\n<div id='gallery-1' class='gallery galleryid-4024 gallery-columns-3 gallery-size-medium'><figure class='gallery-item'>\n\t\t\t<div class='gallery-icon landscape'>\n\t\t\t\t<a href='https:\/\/sentiers05.fr\/wp-content\/uploads\/2018\/07\/DSC07627.jpg'><img loading=\"lazy\" decoding=\"async\" width=\"300\" height=\"200\" src=\"https:\/\/sentiers05.fr\/wp-content\/uploads\/2018\/07\/DSC07627-300x200.jpg\" class=\"attachment-medium size-medium\" alt=\"\" srcset=\"https:\/\/sentiers05.fr\/wp-content\/uploads\/2018\/07\/DSC07627-300x200.jpg 300w, https:\/\/sentiers05.fr\/wp-content\/uploads\/2018\/07\/DSC07627-584x389.jpg 584w, https:\/\/sentiers05.fr\/wp-content\/uploads\/2018\/07\/DSC07627-1200x800.jpg 1200w, https:\/\/sentiers05.fr\/wp-content\/uploads\/2018\/07\/DSC07627.jpg 1399w\" sizes=\"auto, (max-width: 300px) 85vw, 300px\" \/><\/a>\n\t\t\t<\/div><\/figure><figure class='gallery-item'>\n\t\t\t<div class='gallery-icon landscape'>\n\t\t\t\t<a href='https:\/\/sentiers05.fr\/wp-content\/uploads\/2018\/07\/DSC07629.jpg'><img loading=\"lazy\" decoding=\"async\" width=\"300\" height=\"200\" src=\"https:\/\/sentiers05.fr\/wp-content\/uploads\/2018\/07\/DSC07629-300x200.jpg\" class=\"attachment-medium size-medium\" alt=\"\" srcset=\"https:\/\/sentiers05.fr\/wp-content\/uploads\/2018\/07\/DSC07629-300x200.jpg 300w, https:\/\/sentiers05.fr\/wp-content\/uploads\/2018\/07\/DSC07629-584x389.jpg 584w, https:\/\/sentiers05.fr\/wp-content\/uploads\/2018\/07\/DSC07629-1200x800.jpg 1200w, https:\/\/sentiers05.fr\/wp-content\/uploads\/2018\/07\/DSC07629.jpg 1399w\" sizes=\"auto, (max-width: 300px) 85vw, 300px\" \/><\/a>\n\t\t\t<\/div><\/figure><figure class='gallery-item'>\n\t\t\t<div class='gallery-icon landscape'>\n\t\t\t\t<a href='https:\/\/sentiers05.fr\/wp-content\/uploads\/2018\/07\/DSC07630.jpg'><img loading=\"lazy\" decoding=\"async\" width=\"300\" height=\"200\" src=\"https:\/\/sentiers05.fr\/wp-content\/uploads\/2018\/07\/DSC07630-300x200.jpg\" class=\"attachment-medium size-medium\" alt=\"\" srcset=\"https:\/\/sentiers05.fr\/wp-content\/uploads\/2018\/07\/DSC07630-300x200.jpg 300w, https:\/\/sentiers05.fr\/wp-content\/uploads\/2018\/07\/DSC07630-584x389.jpg 584w, https:\/\/sentiers05.fr\/wp-content\/uploads\/2018\/07\/DSC07630-1200x800.jpg 1200w, https:\/\/sentiers05.fr\/wp-content\/uploads\/2018\/07\/DSC07630.jpg 1399w\" sizes=\"auto, (max-width: 300px) 85vw, 300px\" \/><\/a>\n\t\t\t<\/div><\/figure>\n\t\t<\/div>\n\n<p>Apr\u00e8s en avoir pris plein les yeux, nous en prenons plein l\u2019estomac avec un repas bien m\u00e9rit\u00e9 sans compter l\u2019ap\u00e9ro de Simone, le vin de Robert ainsi que les biscuits, croquants et chocolats \u00e0 profusion\u00a0! \u00e0 peine le temps de dig\u00e9rer, un vilain nuage pointe son nez et je crois entendre quelques supplications pour d\u00e9guerpir au plus vite\u00a0!<\/p>\n<p><a href=\"https:\/\/sentiers05.fr\/wp-content\/uploads\/2018\/07\/DSC07634.jpg\"><img loading=\"lazy\" decoding=\"async\" class=\"alignright size-medium wp-image-4034\" src=\"https:\/\/sentiers05.fr\/wp-content\/uploads\/2018\/07\/DSC07634-300x200.jpg\" alt=\"DSC07634\" width=\"300\" height=\"200\" srcset=\"https:\/\/sentiers05.fr\/wp-content\/uploads\/2018\/07\/DSC07634-300x200.jpg 300w, https:\/\/sentiers05.fr\/wp-content\/uploads\/2018\/07\/DSC07634-584x389.jpg 584w, https:\/\/sentiers05.fr\/wp-content\/uploads\/2018\/07\/DSC07634-1200x800.jpg 1200w, https:\/\/sentiers05.fr\/wp-content\/uploads\/2018\/07\/DSC07634.jpg 1399w\" sizes=\"auto, (max-width: 300px) 85vw, 300px\" \/><\/a><\/p>\n<p>Nous redescendons donc en direction du hameau de Souliers avec \u00e0 mi-chemin une petite descente raide et glissante car tr\u00e8s caillouteuse, puis nous arrivons \u00e0 la bergerie o\u00f9 chacun va pouvoir se rafra\u00eechir un peu.<\/p>\n<div id='gallery-2' class='gallery galleryid-4024 gallery-columns-2 gallery-size-medium'><figure class='gallery-item'>\n\t\t\t<div class='gallery-icon landscape'>\n\t\t\t\t<a href='https:\/\/sentiers05.fr\/wp-content\/uploads\/2018\/07\/DSC07636.jpg'><img loading=\"lazy\" decoding=\"async\" width=\"300\" height=\"200\" src=\"https:\/\/sentiers05.fr\/wp-content\/uploads\/2018\/07\/DSC07636-300x200.jpg\" class=\"attachment-medium size-medium\" alt=\"\" srcset=\"https:\/\/sentiers05.fr\/wp-content\/uploads\/2018\/07\/DSC07636-300x200.jpg 300w, https:\/\/sentiers05.fr\/wp-content\/uploads\/2018\/07\/DSC07636-584x389.jpg 584w, https:\/\/sentiers05.fr\/wp-content\/uploads\/2018\/07\/DSC07636-1200x800.jpg 1200w, https:\/\/sentiers05.fr\/wp-content\/uploads\/2018\/07\/DSC07636.jpg 1399w\" sizes=\"auto, (max-width: 300px) 85vw, 300px\" \/><\/a>\n\t\t\t<\/div><\/figure><figure class='gallery-item'>\n\t\t\t<div class='gallery-icon landscape'>\n\t\t\t\t<a href='https:\/\/sentiers05.fr\/wp-content\/uploads\/2018\/07\/DSC07637.jpg'><img loading=\"lazy\" decoding=\"async\" width=\"300\" height=\"200\" src=\"https:\/\/sentiers05.fr\/wp-content\/uploads\/2018\/07\/DSC07637-300x200.jpg\" class=\"attachment-medium size-medium\" alt=\"\" srcset=\"https:\/\/sentiers05.fr\/wp-content\/uploads\/2018\/07\/DSC07637-300x200.jpg 300w, https:\/\/sentiers05.fr\/wp-content\/uploads\/2018\/07\/DSC07637-584x389.jpg 584w, https:\/\/sentiers05.fr\/wp-content\/uploads\/2018\/07\/DSC07637-1200x800.jpg 1200w, https:\/\/sentiers05.fr\/wp-content\/uploads\/2018\/07\/DSC07637.jpg 1399w\" sizes=\"auto, (max-width: 300px) 85vw, 300px\" \/><\/a>\n\t\t\t<\/div><\/figure>\n\t\t<\/div>\n\n<p>Arriv\u00e9s \u00e0 la chapelle \u00e0 l\u2019entr\u00e9e de Souliers, nous prenons \u00e0 droite pour rejoindre la piste qui remonte vers le lac de Roue dont nous faisons le tour en admirant quelques linaigrettes ainsi que les reflets.<\/p>\n<div id='gallery-3' class='gallery galleryid-4024 gallery-columns-2 gallery-size-medium'><figure class='gallery-item'>\n\t\t\t<div class='gallery-icon landscape'>\n\t\t\t\t<a href='https:\/\/sentiers05.fr\/wp-content\/uploads\/2018\/07\/DSC07639.jpg'><img loading=\"lazy\" decoding=\"async\" width=\"300\" height=\"200\" src=\"https:\/\/sentiers05.fr\/wp-content\/uploads\/2018\/07\/DSC07639-300x200.jpg\" class=\"attachment-medium size-medium\" alt=\"\" srcset=\"https:\/\/sentiers05.fr\/wp-content\/uploads\/2018\/07\/DSC07639-300x200.jpg 300w, https:\/\/sentiers05.fr\/wp-content\/uploads\/2018\/07\/DSC07639-584x389.jpg 584w, https:\/\/sentiers05.fr\/wp-content\/uploads\/2018\/07\/DSC07639-1200x800.jpg 1200w, https:\/\/sentiers05.fr\/wp-content\/uploads\/2018\/07\/DSC07639.jpg 1399w\" sizes=\"auto, (max-width: 300px) 85vw, 300px\" \/><\/a>\n\t\t\t<\/div><\/figure><figure class='gallery-item'>\n\t\t\t<div class='gallery-icon landscape'>\n\t\t\t\t<a href='https:\/\/sentiers05.fr\/wp-content\/uploads\/2018\/07\/DSC07643.jpg'><img loading=\"lazy\" decoding=\"async\" width=\"300\" height=\"200\" src=\"https:\/\/sentiers05.fr\/wp-content\/uploads\/2018\/07\/DSC07643-300x200.jpg\" class=\"attachment-medium size-medium\" alt=\"\" srcset=\"https:\/\/sentiers05.fr\/wp-content\/uploads\/2018\/07\/DSC07643-300x200.jpg 300w, https:\/\/sentiers05.fr\/wp-content\/uploads\/2018\/07\/DSC07643-584x389.jpg 584w, https:\/\/sentiers05.fr\/wp-content\/uploads\/2018\/07\/DSC07643-1200x800.jpg 1200w, https:\/\/sentiers05.fr\/wp-content\/uploads\/2018\/07\/DSC07643.jpg 1399w\" sizes=\"auto, (max-width: 300px) 85vw, 300px\" \/><\/a>\n\t\t\t<\/div><\/figure>\n\t\t<\/div>\n\n<p><a href=\"https:\/\/sentiers05.fr\/wp-content\/uploads\/2018\/07\/DSC07642.jpg\"><img loading=\"lazy\" decoding=\"async\" class=\"aligncenter size-large wp-image-4038\" src=\"https:\/\/sentiers05.fr\/wp-content\/uploads\/2018\/07\/DSC07642-584x389.jpg\" alt=\"DSC07642\" width=\"584\" height=\"389\" srcset=\"https:\/\/sentiers05.fr\/wp-content\/uploads\/2018\/07\/DSC07642-584x389.jpg 584w, https:\/\/sentiers05.fr\/wp-content\/uploads\/2018\/07\/DSC07642-300x200.jpg 300w, https:\/\/sentiers05.fr\/wp-content\/uploads\/2018\/07\/DSC07642-1200x800.jpg 1200w, https:\/\/sentiers05.fr\/wp-content\/uploads\/2018\/07\/DSC07642.jpg 1399w\" sizes=\"auto, (max-width: 584px) 85vw, 584px\" \/><\/a><\/p>\n<p>Tout le monde semble partants pour pousser jusqu\u2019au belv\u00e9d\u00e8re (un petit A&amp;R d\u20191 Km)\u00a0avec une belle vue sur la vall\u00e9e d\u2019Arvieux, Villargaudin, nous pensons m\u00eame apercevoir au loin les derniers chalets de Bramousse\u00a0! Nous repartons vers le lac puis entamons la derni\u00e8re descente sur le GR 5 pour rejoindre la voiture. Il ne reste plus qu\u2019\u00e0 r\u00e9cup\u00e9rer les 2 voitures se trouvant \u00e0 Brunissard. Il est environ 17h20 et le soleil toujours chaud\u00a0; plut\u00f4t que d\u2019attendre le retour des voitures en plein soleil, je propose \u00e0 ceux qui en ont envie de descendre par la petite route jusqu\u2019\u00e0 Arvieux et de nous retrouver autour d\u2019un pot pour cl\u00f4re cette journ\u00e9e\u00a0; c\u2019est accept\u00e9 par tous\u00a0!<\/p>\n<p>Nous nous retrouvons 20 minutes plus tard pour nous d\u00e9salt\u00e9rer au bar de la Casse d\u00e9serte \u00e0 Arvieux.<\/p>\n<p><a href=\"https:\/\/sentiers05.fr\/wp-content\/uploads\/2018\/07\/Rando_18-07-2018.jpg\"><img loading=\"lazy\" decoding=\"async\" class=\"alignright size-medium wp-image-4040\" src=\"https:\/\/sentiers05.fr\/wp-content\/uploads\/2018\/07\/Rando_18-07-2018-194x300.jpg\" alt=\"Rando_18-07-2018\" width=\"194\" height=\"300\" srcset=\"https:\/\/sentiers05.fr\/wp-content\/uploads\/2018\/07\/Rando_18-07-2018-194x300.jpg 194w, https:\/\/sentiers05.fr\/wp-content\/uploads\/2018\/07\/Rando_18-07-2018-378x584.jpg 378w, https:\/\/sentiers05.fr\/wp-content\/uploads\/2018\/07\/Rando_18-07-2018.jpg 478w\" sizes=\"auto, (max-width: 194px) 85vw, 194px\" \/><\/a><\/p>\n<p>&nbsp;<\/p>\n<p>Nous avons parcouru 16,5 Km avec un d\u00e9nivel\u00e9 de + 880 m \/ &#8211; 1050 m (18Km et &#8211; 1150 m pour les plus courageux, \u00e0 savoir tout le monde sauf les chauffeurs\u00a0!)<\/p>\n<p>&nbsp;<\/p>\n<p>&nbsp;<\/p>\n","protected":false},"excerpt":{"rendered":"<p>C\u2019est aux alentours de 9h ce jeudi 19 juillet que nous arrivons \u00e0 Brunissard. Nous sommes 11 participants pr\u00eats \u00e0 affronter une journ\u00e9e qui devrait \u00eatre ensoleill\u00e9e. Patricia prend la t\u00eate accompagn\u00e9e de Nicole, Yvonne, Bernadette, Simone, Josyane, Jean-Paul, Chantal et Robert tandis que Fabio et moi-m\u00eame partons mettre une voiture au hameau \u00ab\u00a0Les Maisons\u00a0\u00bb &hellip; <a href=\"https:\/\/sentiers05.fr\/index.php\/2018\/07\/19\/lacs-de-souliers-et-de-roue\/\" class=\"more-link\">Continuer la lecture<span class=\"screen-reader-text\"> de &laquo;&nbsp;Lacs de Souliers et de Roue&nbsp;&raquo;<\/span><\/a><\/p>\n","protected":false},"author":1,"featured_media":0,"comment_status":"closed","ping_status":"open","sticky":false,"template":"","format":"standard","meta":{"footnotes":""},"categories":[3],"tags":[],"class_list":["post-4024","post","type-post","status-publish","format-standard","hentry","category-randonnee-pedestre"],"_links":{"self":[{"href":"https:\/\/sentiers05.fr\/index.php\/wp-json\/wp\/v2\/posts\/4024","targetHints":{"allow":["GET"]}}],"collection":[{"href":"https:\/\/sentiers05.fr\/index.php\/wp-json\/wp\/v2\/posts"}],"about":[{"href":"https:\/\/sentiers05.fr\/index.php\/wp-json\/wp\/v2\/types\/post"}],"author":[{"embeddable":true,"href":"https:\/\/sentiers05.fr\/index.php\/wp-json\/wp\/v2\/users\/1"}],"replies":[{"embeddable":true,"href":"https:\/\/sentiers05.fr\/index.php\/wp-json\/wp\/v2\/comments?post=4024"}],"version-history":[{"count":26,"href":"https:\/\/sentiers05.fr\/index.php\/wp-json\/wp\/v2\/posts\/4024\/revisions"}],"predecessor-version":[{"id":4064,"href":"https:\/\/sentiers05.fr\/index.php\/wp-json\/wp\/v2\/posts\/4024\/revisions\/4064"}],"wp:attachment":[{"href":"https:\/\/sentiers05.fr\/index.php\/wp-json\/wp\/v2\/media?parent=4024"}],"wp:term":[{"taxonomy":"category","embeddable":true,"href":"https:\/\/sentiers05.fr\/index.php\/wp-json\/wp\/v2\/categories?post=4024"},{"taxonomy":"post_tag","embeddable":true,"href":"https:\/\/sentiers05.fr\/index.php\/wp-json\/wp\/v2\/tags?post=4024"}],"curies":[{"name":"wp","href":"https:\/\/api.w.org\/{rel}","templated":true}]}}