{"id":3916,"date":"2018-05-21T22:56:45","date_gmt":"2018-05-21T22:56:45","guid":{"rendered":"http:\/\/sentiers05.fr\/?p=3916"},"modified":"2018-06-04T14:41:00","modified_gmt":"2018-06-04T14:41:00","slug":"la-croix-de-lalpe","status":"publish","type":"post","link":"https:\/\/sentiers05.fr\/index.php\/2018\/05\/21\/la-croix-de-lalpe\/","title":{"rendered":"La Croix de l&rsquo;Alpe"},"content":{"rendered":"<p>Ce 21 mai, lundi de Pentec\u00f4te nous avions programm\u00e9 l&rsquo;ascension de la Croix de l&rsquo;Alpe (2605 m).<\/p>\n<p>Sept randonneurs au d\u00e9part (Josyane, Ghislaine, Simone, Bernadette, Marie, Pascal et Serge) et autant \u00e0 l&rsquo;arriv\u00e9e se sont donn\u00e9 rendez-vous \u00e0 7 h 30 pour des premiers pas \u00e0 8 h 45.<br \/>\n<!--more-->Le d\u00e9but s&rsquo;effectue sur une piste bien marqu\u00e9e qui nous donne confiance pour la suite.<\/p>\n<p><img loading=\"lazy\" decoding=\"async\" class=\"alignnone size-medium wp-image-3923 aligncenter\" src=\"https:\/\/sentiers05.fr\/wp-content\/uploads\/2018\/05\/01-4-281x300.jpg\" alt=\"01\" width=\"281\" height=\"300\" \/><\/p>\n<p>H\u00e9las, il\u00a0 faut bien vite d\u00e9chanter et se rendre \u00e0 l&rsquo;\u00e9vidence : difficile d&rsquo;atteindre le but. Trop de passages enneig\u00e9s qui ralentissent notre progression et nous dissuadent de continuer.<\/p>\n<div id='gallery-1' class='gallery galleryid-3916 gallery-columns-2 gallery-size-thumbnail'><figure class='gallery-item'>\n\t\t\t<div class='gallery-icon portrait'>\n\t\t\t\t<a href='https:\/\/sentiers05.fr\/index.php\/2018\/05\/21\/la-croix-de-lalpe\/02-5\/'><img loading=\"lazy\" decoding=\"async\" width=\"200\" height=\"200\" src=\"https:\/\/sentiers05.fr\/wp-content\/uploads\/2018\/05\/02-1-200x200.jpg\" class=\"attachment-thumbnail size-thumbnail\" alt=\"\" \/><\/a>\n\t\t\t<\/div><\/figure><figure class='gallery-item'>\n\t\t\t<div class='gallery-icon portrait'>\n\t\t\t\t<a href='https:\/\/sentiers05.fr\/index.php\/2018\/05\/21\/la-croix-de-lalpe\/03-7\/'><img loading=\"lazy\" decoding=\"async\" width=\"200\" height=\"200\" src=\"https:\/\/sentiers05.fr\/wp-content\/uploads\/2018\/05\/03-3-200x200.jpg\" class=\"attachment-thumbnail size-thumbnail\" alt=\"\" \/><\/a>\n\t\t\t<\/div><\/figure>\n\t\t<\/div>\n\n<p>Heureusement, la pause d\u00e9jeuner se fait dans un lieu confortable, on doit le reconna\u00eetre. Nous sommes install\u00e9s sur la terrasse du restaurant d&rsquo;altitude \u00e0 2100 m.<\/p>\n<div id='gallery-2' class='gallery galleryid-3916 gallery-columns-2 gallery-size-thumbnail'><figure class='gallery-item'>\n\t\t\t<div class='gallery-icon landscape'>\n\t\t\t\t<a href='https:\/\/sentiers05.fr\/index.php\/2018\/05\/21\/la-croix-de-lalpe\/05-6\/'><img loading=\"lazy\" decoding=\"async\" width=\"200\" height=\"200\" src=\"https:\/\/sentiers05.fr\/wp-content\/uploads\/2018\/05\/05-2-200x200.jpg\" class=\"attachment-thumbnail size-thumbnail\" alt=\"\" \/><\/a>\n\t\t\t<\/div><\/figure><figure class='gallery-item'>\n\t\t\t<div class='gallery-icon landscape'>\n\t\t\t\t<a href='https:\/\/sentiers05.fr\/index.php\/2018\/05\/21\/la-croix-de-lalpe\/04-4\/'><img loading=\"lazy\" decoding=\"async\" width=\"200\" height=\"200\" src=\"https:\/\/sentiers05.fr\/wp-content\/uploads\/2018\/05\/04-1-200x200.jpg\" class=\"attachment-thumbnail size-thumbnail\" alt=\"\" \/><\/a>\n\t\t\t<\/div><\/figure>\n\t\t<\/div>\n\n<p>Notre aventure prend fin vers 14 h 45 quand nous retrouvons nos v\u00e9hicules.<\/p>\n<p>Un peu d\u00e9\u00e7us de ne pas avoir atteint l&rsquo;objectif<\/p>\n<p><img loading=\"lazy\" decoding=\"async\" class=\"size-medium wp-image-3928 aligncenter\" src=\"https:\/\/sentiers05.fr\/wp-content\/uploads\/2018\/05\/06-2-e1527007716688-225x300.jpg\" alt=\"06\" width=\"225\" height=\"300\" srcset=\"https:\/\/sentiers05.fr\/wp-content\/uploads\/2018\/05\/06-2-e1527007716688-225x300.jpg 225w, https:\/\/sentiers05.fr\/wp-content\/uploads\/2018\/05\/06-2-e1527007716688-438x584.jpg 438w, https:\/\/sentiers05.fr\/wp-content\/uploads\/2018\/05\/06-2-e1527007716688.jpg 1050w\" sizes=\"auto, (max-width: 225px) 85vw, 225px\" \/><\/p>\n<p>mais cependant tr\u00e8s satisfaits de cette journ\u00e9e en plein air.<\/p>\n<p>Ce n&rsquo;est que partie remise.<\/p>\n","protected":false},"excerpt":{"rendered":"<p>Ce 21 mai, lundi de Pentec\u00f4te nous avions programm\u00e9 l&rsquo;ascension de la Croix de l&rsquo;Alpe (2605 m). Sept randonneurs au d\u00e9part (Josyane, Ghislaine, Simone, Bernadette, Marie, Pascal et Serge) et autant \u00e0 l&rsquo;arriv\u00e9e se sont donn\u00e9 rendez-vous \u00e0 7 h 30 pour des premiers pas \u00e0 8 h 45.<\/p>\n","protected":false},"author":8,"featured_media":0,"comment_status":"closed","ping_status":"open","sticky":false,"template":"","format":"standard","meta":{"footnotes":""},"categories":[3],"tags":[],"class_list":["post-3916","post","type-post","status-publish","format-standard","hentry","category-randonnee-pedestre"],"_links":{"self":[{"href":"https:\/\/sentiers05.fr\/index.php\/wp-json\/wp\/v2\/posts\/3916","targetHints":{"allow":["GET"]}}],"collection":[{"href":"https:\/\/sentiers05.fr\/index.php\/wp-json\/wp\/v2\/posts"}],"about":[{"href":"https:\/\/sentiers05.fr\/index.php\/wp-json\/wp\/v2\/types\/post"}],"author":[{"embeddable":true,"href":"https:\/\/sentiers05.fr\/index.php\/wp-json\/wp\/v2\/users\/8"}],"replies":[{"embeddable":true,"href":"https:\/\/sentiers05.fr\/index.php\/wp-json\/wp\/v2\/comments?post=3916"}],"version-history":[{"count":16,"href":"https:\/\/sentiers05.fr\/index.php\/wp-json\/wp\/v2\/posts\/3916\/revisions"}],"predecessor-version":[{"id":3947,"href":"https:\/\/sentiers05.fr\/index.php\/wp-json\/wp\/v2\/posts\/3916\/revisions\/3947"}],"wp:attachment":[{"href":"https:\/\/sentiers05.fr\/index.php\/wp-json\/wp\/v2\/media?parent=3916"}],"wp:term":[{"taxonomy":"category","embeddable":true,"href":"https:\/\/sentiers05.fr\/index.php\/wp-json\/wp\/v2\/categories?post=3916"},{"taxonomy":"post_tag","embeddable":true,"href":"https:\/\/sentiers05.fr\/index.php\/wp-json\/wp\/v2\/tags?post=3916"}],"curies":[{"name":"wp","href":"https:\/\/api.w.org\/{rel}","templated":true}]}}