{"id":3385,"date":"2017-07-27T08:56:55","date_gmt":"2017-07-27T08:56:55","guid":{"rendered":"http:\/\/sentiers05.fr\/?p=3385"},"modified":"2017-09-11T14:56:57","modified_gmt":"2017-09-11T14:56:57","slug":"tour-de-la-tete-des-toilies","status":"publish","type":"post","link":"https:\/\/sentiers05.fr\/index.php\/2017\/07\/27\/tour-de-la-tete-des-toilies\/","title":{"rendered":"Tour de la t\u00eate des Toilies"},"content":{"rendered":"<p>&nbsp;<\/p>\n<p>Le 27-07 2017 avec: Bernadette , Simone , Josiane , Marie et Serge , Chantal et Robert , Jacqueline et Alain<\/p>\n<p><a href=\"https:\/\/sentiers05.fr\/wp-content\/uploads\/2017\/09\/20170727_135845_RichtoneHDR-e1504973269444.jpg\"><img loading=\"lazy\" decoding=\"async\" class=\"alignright size-thumbnail wp-image-3395\" src=\"https:\/\/sentiers05.fr\/wp-content\/uploads\/2017\/09\/20170727_135845_RichtoneHDR-200x200.jpg\" alt=\"20170727_135845_Richtone(HDR)\" width=\"200\" height=\"200\" \/><br \/>\n<\/a><\/p>\n<p>&nbsp;<\/p>\n<p>D\u00e9part dela Chapelle de Clausis:( navette \u00e0 Saint V\u00e9ran )\u00a0: 2399m<\/p>\n<p>Direction le refuge de la Blanche \u00e0 2499 m.<\/p>\n<p><!--more--><\/p>\n<p><a href=\"https:\/\/sentiers05.fr\/wp-content\/uploads\/2017\/09\/20170727_113704-1-e1505032743681.jpg\"><img loading=\"lazy\" decoding=\"async\" class=\"aligncenter size-medium wp-image-3399\" src=\"https:\/\/sentiers05.fr\/wp-content\/uploads\/2017\/09\/20170727_113704-1-169x300.jpg\" alt=\"20170727_113704\" width=\"169\" height=\"300\" \/><\/a><\/p>\n<p>On quitte le GR 58 un peu avant le refuge pour atteindre le col de la Noire:2955 m par une mont\u00e9e assez raide.<\/p>\n<p>Descente sur le lac d\u2019une belle couleur turquoise.<\/p>\n<p><a href=\"https:\/\/sentiers05.fr\/wp-content\/uploads\/2017\/09\/20170727_115000-e1505032968102.jpg\"><img loading=\"lazy\" decoding=\"async\" class=\"aligncenter size-large wp-image-3391\" src=\"https:\/\/sentiers05.fr\/wp-content\/uploads\/2017\/09\/20170727_115000-584x329.jpg\" alt=\"20170727_115000\" width=\"584\" height=\"329\" \/><\/a><\/p>\n<p>et on oblique en direction du Lac de Longet puis du col\u00a0. Il faut laisser la direction \u00e0 droite qui m\u00e8ne \u00e0 Maljasset\u00a0: le GRP\u00a0.<\/p>\n<p>On atteint le Col de Longet ( 2640 m ) par une longue travers\u00e9e en balcon.<\/p>\n<p><a href=\"https:\/\/sentiers05.fr\/wp-content\/uploads\/2017\/09\/20170727_121035_RichtoneHDR-e1505033108512.jpg\"><img loading=\"lazy\" decoding=\"async\" class=\"aligncenter size-medium wp-image-3392\" src=\"https:\/\/sentiers05.fr\/wp-content\/uploads\/2017\/09\/20170727_121035_RichtoneHDR-300x169.jpg\" alt=\"20170727_121035_Richtone(HDR)\" width=\"300\" height=\"169\" \/><\/a><\/p>\n<p>Le cheminement est agr\u00e9able et arr\u00eat pour le picnic.<\/p>\n<p><a href=\"https:\/\/sentiers05.fr\/wp-content\/uploads\/2017\/09\/20170727_130151_RichtoneHDR-e1505033227308.jpg\"><img loading=\"lazy\" decoding=\"async\" class=\"aligncenter size-large wp-image-3394\" src=\"https:\/\/sentiers05.fr\/wp-content\/uploads\/2017\/09\/20170727_130151_RichtoneHDR-584x329.jpg\" alt=\"20170727_130151_Richtone(HDR)\" width=\"584\" height=\"329\" \/><\/a><\/p>\n<p>Le Viso a l\u2019\u00e9l\u00e9gance de s\u2019 offrir sans partage \u00e0 notre vue .<\/p>\n<p><a href=\"https:\/\/sentiers05.fr\/wp-content\/uploads\/2017\/09\/20170727_140145-e1505033323870.jpg\"><img loading=\"lazy\" decoding=\"async\" class=\"aligncenter size-medium wp-image-3396\" src=\"https:\/\/sentiers05.fr\/wp-content\/uploads\/2017\/09\/20170727_140145-300x169.jpg\" alt=\"20170727_140145\" width=\"300\" height=\"169\" \/><\/a><\/p>\n<p>Dans ce secteur, s\u00e9rie de plusieurs lacs. Nous atteignons la fronti\u00e8re italienne avec en contre bas les lacs Bleu et Nera\u00a0 qui conduisent au ravissant village de Chianale. A voir une prochaine fois\u00a0!<\/p>\n<p>Descente encore et remont\u00e9e ( apr\u00e8s le repas)\u00a0! Vers le col Blanchet:2897m<\/p>\n<p><a href=\"https:\/\/sentiers05.fr\/wp-content\/uploads\/2017\/09\/20170727_141538_RichtoneHDR-1-e1505033416980.jpg\"><img loading=\"lazy\" decoding=\"async\" class=\"aligncenter size-medium wp-image-3400\" src=\"https:\/\/sentiers05.fr\/wp-content\/uploads\/2017\/09\/20170727_141538_RichtoneHDR-1-300x169.jpg\" alt=\"20170727_141538_Richtone(HDR)\" width=\"300\" height=\"169\" \/><\/a><\/p>\n<p>Nous apercevons le refuge de la Blanche et n\u2019 avons plus qu\u2019\u00e0 le rejoindre pour achever notre p\u00e9riple \u00e0 la chapelle ou la navette nous ram\u00e8nera .<\/p>\n<p>Tr\u00e8s beau circuit sans difficult\u00e9 particuli\u00e8re, en cotoyant toutefois des cols avoisinant les 3000 m\u00a0!<\/p>\n<p>D\u00e9nivel\u00e9 cumul\u00e9:900m<\/p>\n<p>Temps de\u00a0 marche\u00a0: 5h30\u00a0.<\/p>\n","protected":false},"excerpt":{"rendered":"<p>&nbsp; Le 27-07 2017 avec: Bernadette , Simone , Josiane , Marie et Serge , Chantal et Robert , Jacqueline et Alain &nbsp; D\u00e9part dela Chapelle de Clausis:( navette \u00e0 Saint V\u00e9ran )\u00a0: 2399m Direction le refuge de la Blanche \u00e0 2499 m.<\/p>\n","protected":false},"author":11,"featured_media":0,"comment_status":"closed","ping_status":"open","sticky":false,"template":"","format":"standard","meta":{"footnotes":""},"categories":[3],"tags":[],"class_list":["post-3385","post","type-post","status-publish","format-standard","hentry","category-randonnee-pedestre"],"_links":{"self":[{"href":"https:\/\/sentiers05.fr\/index.php\/wp-json\/wp\/v2\/posts\/3385","targetHints":{"allow":["GET"]}}],"collection":[{"href":"https:\/\/sentiers05.fr\/index.php\/wp-json\/wp\/v2\/posts"}],"about":[{"href":"https:\/\/sentiers05.fr\/index.php\/wp-json\/wp\/v2\/types\/post"}],"author":[{"embeddable":true,"href":"https:\/\/sentiers05.fr\/index.php\/wp-json\/wp\/v2\/users\/11"}],"replies":[{"embeddable":true,"href":"https:\/\/sentiers05.fr\/index.php\/wp-json\/wp\/v2\/comments?post=3385"}],"version-history":[{"count":4,"href":"https:\/\/sentiers05.fr\/index.php\/wp-json\/wp\/v2\/posts\/3385\/revisions"}],"predecessor-version":[{"id":3422,"href":"https:\/\/sentiers05.fr\/index.php\/wp-json\/wp\/v2\/posts\/3385\/revisions\/3422"}],"wp:attachment":[{"href":"https:\/\/sentiers05.fr\/index.php\/wp-json\/wp\/v2\/media?parent=3385"}],"wp:term":[{"taxonomy":"category","embeddable":true,"href":"https:\/\/sentiers05.fr\/index.php\/wp-json\/wp\/v2\/categories?post=3385"},{"taxonomy":"post_tag","embeddable":true,"href":"https:\/\/sentiers05.fr\/index.php\/wp-json\/wp\/v2\/tags?post=3385"}],"curies":[{"name":"wp","href":"https:\/\/api.w.org\/{rel}","templated":true}]}}