{"id":3365,"date":"2017-08-18T15:23:03","date_gmt":"2017-08-18T15:23:03","guid":{"rendered":"http:\/\/sentiers05.fr\/?p=3365"},"modified":"2017-09-11T14:53:40","modified_gmt":"2017-09-11T14:53:40","slug":"sejour-des-17-et-18-aout-2017-dans-le-queyras","status":"publish","type":"post","link":"https:\/\/sentiers05.fr\/index.php\/2017\/08\/18\/sejour-des-17-et-18-aout-2017-dans-le-queyras\/","title":{"rendered":"S\u00e9jour des 17 et 18 ao\u00fbt 2017 dans le Queyras"},"content":{"rendered":"<p>S\u00e9jour anim\u00e9 par Alain Benoit avec Jacqueline et Alain D., Anne-Claude, Marie, Serge, Simone, Fabienne et Patricia.<\/p>\n<p><img loading=\"lazy\" decoding=\"async\" class=\"aligncenter size-medium wp-image-3367\" src=\"https:\/\/sentiers05.fr\/wp-content\/uploads\/2017\/09\/20170817_102553-300x169.jpg\" alt=\"20170817_102553\" width=\"300\" height=\"169\" \/>\u00a0<!--more--><\/p>\n<p>Jour 1\u00a0: d\u00e9part de l\u2019Echalp ( apr\u00e8s Ristolas) et mont\u00e9e tr\u00e8s agr\u00e9able au col Lacroix (+ 620 m) ,par un sentier ombrag\u00e9 en sous bois. A l\u2019arriv\u00e9e, on aper\u00e7oit au loin le Mont Viso encore bien d\u00e9gag\u00e9. On est \u00e0 la fronti\u00e8re avec l\u2019Italie.<\/p>\n<p><a href=\"https:\/\/sentiers05.fr\/wp-content\/uploads\/2017\/09\/20170817_103845-e1504793832710.jpg\"><img loading=\"lazy\" decoding=\"async\" class=\"aligncenter size-large wp-image-3369\" src=\"https:\/\/sentiers05.fr\/wp-content\/uploads\/2017\/09\/20170817_103845-584x329.jpg\" alt=\"20170817_103845\" width=\"584\" height=\"329\" \/><\/a><\/p>\n<p>Descente sur la vall\u00e9e du Fellice (- 600m) et passage devant une ferme aux toits de lauzes, dans la plus pure tradition italienne:(Partia d\u2019Amunt ).<\/p>\n<p>Picnic avant la mont\u00e9e au refuge. C\u2019est raide et il fait chaud!( +600 m) .<\/p>\n<p><a href=\"https:\/\/sentiers05.fr\/wp-content\/uploads\/2017\/09\/20170817_132750-e1504794208845.jpg\"><img loading=\"lazy\" decoding=\"async\" class=\"aligncenter size-medium wp-image-3370\" src=\"https:\/\/sentiers05.fr\/wp-content\/uploads\/2017\/09\/20170817_132750-300x169.jpg\" alt=\"20170817_132750\" width=\"300\" height=\"169\" \/><\/a><\/p>\n<p>On n\u2019 est pas m\u00e9contents d\u2019arriver au refuge Graneiro ( 2377 m).Le paysage qui se d\u00e9ploie \u00e0 nos yeux nous r\u00e9compense de nos efforts. C\u2019 est une ambiance haute montagne .Le refuge est coquet et accueillant ainsi que son gardien venu \u00e0 notre rencontre.<\/p>\n<p><a href=\"https:\/\/sentiers05.fr\/wp-content\/uploads\/2017\/09\/20170817_160333-e1504794534306.jpg\"><img loading=\"lazy\" decoding=\"async\" class=\"aligncenter size-medium wp-image-3372\" src=\"https:\/\/sentiers05.fr\/wp-content\/uploads\/2017\/09\/20170817_160333-300x169.jpg\" alt=\"20170817_160333\" width=\"300\" height=\"169\" \/><\/a><\/p>\n<div id='gallery-1' class='gallery galleryid-3365 gallery-columns-2 gallery-size-medium'><figure class='gallery-item'>\n\t\t\t<div class='gallery-icon landscape'>\n\t\t\t\t<a href='https:\/\/sentiers05.fr\/index.php\/2017\/08\/18\/sejour-des-17-et-18-aout-2017-dans-le-queyras\/20170817_171355\/'><img loading=\"lazy\" decoding=\"async\" width=\"300\" height=\"169\" src=\"https:\/\/sentiers05.fr\/wp-content\/uploads\/2017\/09\/20170817_171355-300x169.jpg\" class=\"attachment-medium size-medium\" alt=\"\" srcset=\"https:\/\/sentiers05.fr\/wp-content\/uploads\/2017\/09\/20170817_171355-300x169.jpg 300w, https:\/\/sentiers05.fr\/wp-content\/uploads\/2017\/09\/20170817_171355-584x329.jpg 584w, https:\/\/sentiers05.fr\/wp-content\/uploads\/2017\/09\/20170817_171355-1200x675.jpg 1200w\" sizes=\"auto, (max-width: 300px) 85vw, 300px\" \/><\/a>\n\t\t\t<\/div><\/figure><figure class='gallery-item'>\n\t\t\t<div class='gallery-icon landscape'>\n\t\t\t\t<a href='https:\/\/sentiers05.fr\/index.php\/2017\/08\/18\/sejour-des-17-et-18-aout-2017-dans-le-queyras\/20170817_160324\/'><img loading=\"lazy\" decoding=\"async\" width=\"300\" height=\"169\" src=\"https:\/\/sentiers05.fr\/wp-content\/uploads\/2017\/09\/20170817_160324-300x169.jpg\" class=\"attachment-medium size-medium\" alt=\"\" srcset=\"https:\/\/sentiers05.fr\/wp-content\/uploads\/2017\/09\/20170817_160324-300x169.jpg 300w, https:\/\/sentiers05.fr\/wp-content\/uploads\/2017\/09\/20170817_160324-584x329.jpg 584w, https:\/\/sentiers05.fr\/wp-content\/uploads\/2017\/09\/20170817_160324-1200x675.jpg 1200w\" sizes=\"auto, (max-width: 300px) 85vw, 300px\" \/><\/a>\n\t\t\t<\/div><\/figure>\n\t\t<\/div>\n\n<p>Mais voila qu\u2019il nous annonce\u00a0: pas d\u2019eau, pas de douche, s\u00e9cheresse oblige\u00a0! Tant pis, notre petite d\u00e9ception est vite oubli\u00e9e devant l\u2019installation sur la terrasse avec des boissons fraiches et un d\u00e9cor somptueux.<\/p>\n<p><a href=\"https:\/\/sentiers05.fr\/wp-content\/uploads\/2017\/09\/20170817_181438_RichtoneHDR-e1504795037217.jpg\"><img loading=\"lazy\" decoding=\"async\" class=\"aligncenter size-medium wp-image-3374\" src=\"https:\/\/sentiers05.fr\/wp-content\/uploads\/2017\/09\/20170817_181438_RichtoneHDR-300x169.jpg\" alt=\"20170817_181438_Richtone(HDR)\" width=\"300\" height=\"169\" \/><\/a><\/p>\n<p>Nous irons jusqu\u2019au lac pour de sommaires ablutions .<\/p>\n<p>Le dortoir collectif est confortable et la biens\u00e9ance de mise,le menu du soir local et copieux, afin de recharger les \u00e9nergies pour le lendemain. Soir\u00e9e tr\u00e8s douce sous le ciel \u00e9toil\u00e9.<\/p>\n<p>Jour 2\u00a0: Petit d\u00e9jeuner et d\u00e9part matinal.<\/p>\n<p>On commence par une courte descente sur le Lago Longo qui a vu nos ablutions de la veille. Sans plus d\u2019\u00e9chauffement, il faut attaquer de grand coeur la mont\u00e9e vers le Pas du Sall\u00e9ro (2924 m).<\/p>\n<p>Quelques arr\u00eats pour admirer le reflet des sommets sur le lac<\/p>\n<p><a href=\"https:\/\/sentiers05.fr\/wp-content\/uploads\/2017\/09\/20170818_081023_RichtoneHDR-e1504795281620.jpg\"><img loading=\"lazy\" decoding=\"async\" class=\"aligncenter size-large wp-image-3376\" src=\"https:\/\/sentiers05.fr\/wp-content\/uploads\/2017\/09\/20170818_081023_RichtoneHDR-584x329.jpg\" alt=\"20170818_081023_Richtone(HDR)\" width=\"584\" height=\"329\" \/><\/a><\/p>\n<p>Le sentier tr\u00e8s rocheux exige parfois l\u2019aide des mains pour franchir les grandes marches qui le jalonnent<\/p>\n<p>Mais premi\u00e8re r\u00e9compense\u00a0: le point de vue dans la magique lumi\u00e8re matinale.<\/p>\n<p><a href=\"https:\/\/sentiers05.fr\/wp-content\/uploads\/2017\/09\/20170818_091354_RichtoneHDR-e1504795583200.jpg\"><img loading=\"lazy\" decoding=\"async\" class=\"aligncenter size-medium wp-image-3377\" src=\"https:\/\/sentiers05.fr\/wp-content\/uploads\/2017\/09\/20170818_091354_RichtoneHDR-300x169.jpg\" alt=\"20170818_091354_Richtone(HDR)\" width=\"300\" height=\"169\" \/><\/a>On continue notre ascension et oh\u00a0! Surprise , un petit groupe de bouquetins nous observe du haut de la cr\u00eate\u00a0:<\/p>\n<p><img loading=\"lazy\" decoding=\"async\" class=\"aligncenter size-medium wp-image-3380\" src=\"https:\/\/sentiers05.fr\/wp-content\/uploads\/2017\/09\/20170818_101831_RichtoneHDR-1-300x159.jpg\" alt=\"20170818_101831_Richtone(HDR)-1\" width=\"300\" height=\"159\" srcset=\"https:\/\/sentiers05.fr\/wp-content\/uploads\/2017\/09\/20170818_101831_RichtoneHDR-1-300x159.jpg 300w, https:\/\/sentiers05.fr\/wp-content\/uploads\/2017\/09\/20170818_101831_RichtoneHDR-1-584x309.jpg 584w, https:\/\/sentiers05.fr\/wp-content\/uploads\/2017\/09\/20170818_101831_RichtoneHDR-1-1200x635.jpg 1200w, https:\/\/sentiers05.fr\/wp-content\/uploads\/2017\/09\/20170818_101831_RichtoneHDR-1.jpg 1957w\" sizes=\"auto, (max-width: 300px) 85vw, 300px\" \/><\/p>\n<p>Arriv\u00e9s au pas de Sellaro nous le quittons \u00e0 regret et entamons la descente sportive. Puis nous empruntons le sentier qui nous conduit au tunnel de la Traversette que nous visitons avec \u00e9motion.<\/p>\n<p><a href=\"https:\/\/sentiers05.fr\/wp-content\/uploads\/2017\/09\/20170818_111853-e1504797061331.jpg\"><img loading=\"lazy\" decoding=\"async\" class=\"aligncenter size-large wp-image-3382\" src=\"https:\/\/sentiers05.fr\/wp-content\/uploads\/2017\/09\/20170818_111853-584x329.jpg\" alt=\"20170818_111853\" width=\"584\" height=\"329\" \/><\/a><\/p>\n<p>C\u00f4t\u00e9 fran\u00e7ais&#8230;<\/p>\n<p><a href=\"https:\/\/sentiers05.fr\/wp-content\/uploads\/2017\/09\/20170818_112540-e1504797017624.jpg\"><img loading=\"lazy\" decoding=\"async\" class=\"aligncenter size-large wp-image-3383\" src=\"https:\/\/sentiers05.fr\/wp-content\/uploads\/2017\/09\/20170818_112540-584x329.jpg\" alt=\"20170818_112540\" width=\"584\" height=\"329\" \/><\/a><\/p>\n<p>versant italien!<\/p>\n<p>Il ne nous reste plus qu&rsquo;\u00e0 savourer notre sandwich pr\u00e9par\u00e9 par le refuge et entamer notre retour pour le belv\u00e9d\u00e8re du Viso et la Roche \u00e9croul\u00e9e.<\/p>\n<p>En treize heures de marche et un d\u00e9nivel\u00e9 positif de 2000 m, par un temps magnifique et\u00a0de bonne humeur ces deux jours resteront un bon souvenir.<\/p>\n<p>Merci Alain Benoit!<\/p>\n","protected":false},"excerpt":{"rendered":"<p>S\u00e9jour anim\u00e9 par Alain Benoit avec Jacqueline et Alain D., Anne-Claude, Marie, Serge, Simone, Fabienne et Patricia. \u00a0<\/p>\n","protected":false},"author":11,"featured_media":0,"comment_status":"closed","ping_status":"open","sticky":false,"template":"","format":"standard","meta":{"footnotes":""},"categories":[3],"tags":[],"class_list":["post-3365","post","type-post","status-publish","format-standard","hentry","category-randonnee-pedestre"],"_links":{"self":[{"href":"https:\/\/sentiers05.fr\/index.php\/wp-json\/wp\/v2\/posts\/3365","targetHints":{"allow":["GET"]}}],"collection":[{"href":"https:\/\/sentiers05.fr\/index.php\/wp-json\/wp\/v2\/posts"}],"about":[{"href":"https:\/\/sentiers05.fr\/index.php\/wp-json\/wp\/v2\/types\/post"}],"author":[{"embeddable":true,"href":"https:\/\/sentiers05.fr\/index.php\/wp-json\/wp\/v2\/users\/11"}],"replies":[{"embeddable":true,"href":"https:\/\/sentiers05.fr\/index.php\/wp-json\/wp\/v2\/comments?post=3365"}],"version-history":[{"count":6,"href":"https:\/\/sentiers05.fr\/index.php\/wp-json\/wp\/v2\/posts\/3365\/revisions"}],"predecessor-version":[{"id":3421,"href":"https:\/\/sentiers05.fr\/index.php\/wp-json\/wp\/v2\/posts\/3365\/revisions\/3421"}],"wp:attachment":[{"href":"https:\/\/sentiers05.fr\/index.php\/wp-json\/wp\/v2\/media?parent=3365"}],"wp:term":[{"taxonomy":"category","embeddable":true,"href":"https:\/\/sentiers05.fr\/index.php\/wp-json\/wp\/v2\/categories?post=3365"},{"taxonomy":"post_tag","embeddable":true,"href":"https:\/\/sentiers05.fr\/index.php\/wp-json\/wp\/v2\/tags?post=3365"}],"curies":[{"name":"wp","href":"https:\/\/api.w.org\/{rel}","templated":true}]}}