{"id":3318,"date":"2017-07-06T22:11:10","date_gmt":"2017-07-06T22:11:10","guid":{"rendered":"http:\/\/sentiers05.fr\/?p=3318"},"modified":"2017-07-15T16:08:39","modified_gmt":"2017-07-15T16:08:39","slug":"les-lacs-du-col-bas","status":"publish","type":"post","link":"https:\/\/sentiers05.fr\/index.php\/2017\/07\/06\/les-lacs-du-col-bas\/","title":{"rendered":"Les lacs du Col Bas"},"content":{"rendered":"<p style=\"text-align: justify;\"><strong><a href=\"https:\/\/sentiers05.fr\/wp-content\/uploads\/2017\/07\/IMG_5303-10-e1500128570969.jpg\"><img loading=\"lazy\" decoding=\"async\" class=\"aligncenter size-thumbnail wp-image-3330\" src=\"https:\/\/sentiers05.fr\/wp-content\/uploads\/2017\/07\/IMG_5303-10-200x200.jpg\" alt=\"IMG_5303 (10)\" width=\"200\" height=\"200\" \/><\/a>Rando du 06 juillet 2017 men\u00e9e par Simone Espinasse <\/strong>avec Patricia, Josiane , Fran\u00e7oise et Serge.\u00a0\u00a0\u00a0\u00a0 <!--more--><\/p>\n<p style=\"text-align: justify;\">7h RV parking G\u00e9ant direction le village \u00ab\u00a0Lauzet Ubaye\u00a0\u00bb (04). Juste avant l&rsquo;entr\u00e9e du village, nous tournons \u00e0 droite \u00ab\u00a0Le Villard\u00a0\u00bb (4,5 km).<br \/>\nD\u00e9part de la rando \u00e0 8h10 du parking de ce hameau (1230 m)<br \/>\nLa mont\u00e9e s&rsquo;effectue sur un agr\u00e9able sentier, PR balis\u00e9, qui s&rsquo;\u00e9l\u00e8ve rapidement en serpentant dans une for\u00eat de m\u00e9l\u00e8zes et de pins pour rejoindre la piste foresti\u00e8re que nous suivons pendant 200 m environ. Il fait chaud et Josiane \u00e9vite de justesse un serpent qui se dore sur la route. Brr&#8230;.<br \/>\nNous reprenons sur la droite un sentier en lacets serr\u00e9s au d\u00e9but, puis plus facile, pour d\u00e9boucher sur une large prairie et le lac de la Cabane, ass\u00e9ch\u00e9 en partie \u00e0 cette p\u00e9riode de l&rsquo;ann\u00e9e mais entour\u00e9 de nombreux massifs d&rsquo;oeillets roses.<\/p>\n<div id='gallery-1' class='gallery galleryid-3318 gallery-columns-2 gallery-size-medium'><figure class='gallery-item'>\n\t\t\t<div class='gallery-icon landscape'>\n\t\t\t\t<a href='https:\/\/sentiers05.fr\/wp-content\/uploads\/2017\/07\/IMG_5284-r-e1500131213645.jpg'><img loading=\"lazy\" decoding=\"async\" width=\"300\" height=\"223\" src=\"https:\/\/sentiers05.fr\/wp-content\/uploads\/2017\/07\/IMG_5284-r-300x223.jpg\" class=\"attachment-medium size-medium\" alt=\"\" srcset=\"https:\/\/sentiers05.fr\/wp-content\/uploads\/2017\/07\/IMG_5284-r-300x223.jpg 300w, https:\/\/sentiers05.fr\/wp-content\/uploads\/2017\/07\/IMG_5284-r-584x433.jpg 584w, https:\/\/sentiers05.fr\/wp-content\/uploads\/2017\/07\/IMG_5284-r-e1500131213645.jpg 1200w\" sizes=\"auto, (max-width: 300px) 85vw, 300px\" \/><\/a>\n\t\t\t<\/div><\/figure><figure class='gallery-item'>\n\t\t\t<div class='gallery-icon landscape'>\n\t\t\t\t<a href='https:\/\/sentiers05.fr\/wp-content\/uploads\/2017\/07\/IMG_5316-e1500128813149.jpg'><img loading=\"lazy\" decoding=\"async\" width=\"300\" height=\"224\" src=\"https:\/\/sentiers05.fr\/wp-content\/uploads\/2017\/07\/IMG_5316-300x224.jpg\" class=\"attachment-medium size-medium\" alt=\"\" srcset=\"https:\/\/sentiers05.fr\/wp-content\/uploads\/2017\/07\/IMG_5316-300x224.jpg 300w, https:\/\/sentiers05.fr\/wp-content\/uploads\/2017\/07\/IMG_5316-584x436.jpg 584w, https:\/\/sentiers05.fr\/wp-content\/uploads\/2017\/07\/IMG_5316-e1500128813149.jpg 1200w\" sizes=\"auto, (max-width: 300px) 85vw, 300px\" \/><\/a>\n\t\t\t<\/div><\/figure>\n\t\t<\/div>\n\n<p style=\"text-align: justify;\">Nous faisons l\u00e0 une pause pr\u00e8s d&rsquo;un b\u00e2timent servant de bergerie l&rsquo;\u00e9t\u00e9 et de restaurant d&rsquo;altitude l&rsquo;hiver pour la station de St Jean de Montclar-le-Lauzet.<br \/>\nLes moustiques sont nombreux et vindicatifs !<br \/>\nNous poursuivons la mont\u00e9e jusqu&rsquo;au lac du Milieu que nous contournons par la gauche.<a href=\"https:\/\/sentiers05.fr\/wp-content\/uploads\/2017\/07\/IMG_5293-8-e1500128996177.jpg\"><img loading=\"lazy\" decoding=\"async\" class=\"aligncenter size-large wp-image-3327\" src=\"https:\/\/sentiers05.fr\/wp-content\/uploads\/2017\/07\/IMG_5293-8-584x436.jpg\" alt=\"IMG_5293 (8)\" width=\"584\" height=\"436\" \/><\/a><\/p>\n<p><a href=\"https:\/\/sentiers05.fr\/wp-content\/uploads\/2017\/07\/IMG_5296-10-e1500132285181.jpg\"><img loading=\"lazy\" decoding=\"async\" class=\"alignright size-medium wp-image-3328\" src=\"https:\/\/sentiers05.fr\/wp-content\/uploads\/2017\/07\/IMG_5296-10-300x224.jpg\" alt=\"IMG_5296 (10)\" width=\"300\" height=\"224\" \/><\/a><\/p>\n<p>&nbsp;<\/p>\n<p style=\"text-align: justify;\">Le terrain est mar\u00e9cageux, nous cueillons quelques brins d&rsquo;ail sauvage en fleurs et avons l&rsquo;agr\u00e9able surprise de voir surgir un renard.<\/p>\n<p>&nbsp;<\/p>\n<p><a href=\"https:\/\/sentiers05.fr\/wp-content\/uploads\/2017\/07\/IMG_5302-10-e1500132400561.jpg\"><img loading=\"lazy\" decoding=\"async\" class=\"alignleft size-medium wp-image-3329\" src=\"https:\/\/sentiers05.fr\/wp-content\/uploads\/2017\/07\/IMG_5302-10-300x224.jpg\" alt=\"IMG_5302 (10)\" width=\"300\" height=\"224\" \/><\/a><\/p>\n<p>&nbsp;<\/p>\n<p style=\"text-align: justify;\">Nous passons sous les remont\u00e9es m\u00e9caniques pour atteindre le lac Noir (2124 m) que nous contournons par la droite.<\/p>\n<p>&nbsp;<\/p>\n<p>&nbsp;<\/p>\n<p style=\"text-align: justify;\">Nous montons \u00e0 vue jusqu&rsquo;au t\u00e9l\u00e9si\u00e8ge de la Br\u00e8che.Au sommet nous avons une belle vue d\u00e9gag\u00e9e sur la vall\u00e9e.<a href=\"https:\/\/sentiers05.fr\/wp-content\/uploads\/2017\/07\/IMG_5306-3-e1500129091109.jpg\"><img loading=\"lazy\" decoding=\"async\" class=\"aligncenter size-large wp-image-3331\" src=\"https:\/\/sentiers05.fr\/wp-content\/uploads\/2017\/07\/IMG_5306-3-584x436.jpg\" alt=\"IMG_5306 (3)\" width=\"584\" height=\"436\" \/><\/a><a href=\"https:\/\/sentiers05.fr\/wp-content\/uploads\/2017\/07\/IMG_5307-4-e1500129352415.jpg\"><img loading=\"lazy\" decoding=\"async\" class=\"alignright size-medium wp-image-3332\" src=\"https:\/\/sentiers05.fr\/wp-content\/uploads\/2017\/07\/IMG_5307-4-300x224.jpg\" alt=\"IMG_5307 (4)\" width=\"300\" height=\"224\" \/><\/a><\/p>\n<p style=\"text-align: justify;\">Nous continuons \u00e0 marcher sur la cr\u00eate vers la droite et pendant que nous admirons l&rsquo;autre vall\u00e9e qui s&rsquo;offre \u00e0 nous, avec petit aper\u00e7u du lac de Serre-Pon\u00e7on, un aigle fait majestueusement la ronde au-dessus de nos t\u00eates.<\/p>\n<p>&nbsp;<\/p>\n<p style=\"text-align: justify;\">Il est midi et nous d\u00e9cidons de pique-niquer l\u00e0, non loin d&rsquo;une cabane d&rsquo;arriv\u00e9e des remont\u00e9es m\u00e9caniques (2305 m). A 12h 40 nous retournons sur nos pas jusqu&rsquo;au t\u00e9l\u00e9si\u00e8ge \u00a0mais cette fois nous basculons de l&rsquo;autre c\u00f4t\u00e9 pour rejoindre un PR qui nous ram\u00e8ne au lac du Milieu.<a href=\"https:\/\/sentiers05.fr\/wp-content\/uploads\/2017\/07\/IMG_5315-7-e1500129515383.jpg\"><img loading=\"lazy\" decoding=\"async\" class=\"aligncenter size-large wp-image-3334\" src=\"https:\/\/sentiers05.fr\/wp-content\/uploads\/2017\/07\/IMG_5315-7-584x436.jpg\" alt=\"IMG_5315 (7)\" width=\"584\" height=\"436\" \/><\/a><a href=\"https:\/\/sentiers05.fr\/wp-content\/uploads\/2017\/07\/IMG_5314-3-e1500129631257.jpg\"><img loading=\"lazy\" decoding=\"async\" class=\"alignleft size-medium wp-image-3333\" src=\"https:\/\/sentiers05.fr\/wp-content\/uploads\/2017\/07\/IMG_5314-3-300x224.jpg\" alt=\"IMG_5314 (3)\" width=\"300\" height=\"224\" \/><\/a><\/p>\n<p>&nbsp;<\/p>\n<p style=\"text-align: justify;\">Le seul p\u00eacheur que nous rencontrons \u00e0 toutes ses chances, au regard des quantit\u00e9s de truites que nous observons \u00e0 fleur de l&rsquo;eau !<\/p>\n<p>&nbsp;<\/p>\n<p style=\"text-align: justify;\">Le retour se fait en empruntant le m\u00eame chemin qu&rsquo;\u00e0 l&rsquo;aller jusqu&rsquo;au lac de la Cabane.<br \/>\nContrairement \u00e0 ce matin, nous prenons le sentier de gauche qui surplombe vite le lac et parvenons \u00e0 une piste foresti\u00e8re que nous suivons un bon moment avant de retrouver le sentier. La descente est longue, parfois tr\u00e8s raide mais heureusement bien ombrag\u00e9e .<br \/>\nRetour aux voitures \u00e0 15h 40.<\/p>\n<p style=\"text-align: justify;\">Denivel\u00e9e cumul\u00e9e de\u00a01100 m, 16 km, 3h 30 de mont\u00e9e et 3h de descente<br \/>\nTemps ensoleill\u00e9, belle rando.<\/p>\n","protected":false},"excerpt":{"rendered":"<p>Rando du 06 juillet 2017 men\u00e9e par Simone Espinasse avec Patricia, Josiane , Fran\u00e7oise et Serge.\u00a0\u00a0\u00a0\u00a0<\/p>\n","protected":false},"author":6,"featured_media":0,"comment_status":"closed","ping_status":"open","sticky":false,"template":"","format":"standard","meta":{"footnotes":""},"categories":[3],"tags":[],"class_list":["post-3318","post","type-post","status-publish","format-standard","hentry","category-randonnee-pedestre"],"_links":{"self":[{"href":"https:\/\/sentiers05.fr\/index.php\/wp-json\/wp\/v2\/posts\/3318","targetHints":{"allow":["GET"]}}],"collection":[{"href":"https:\/\/sentiers05.fr\/index.php\/wp-json\/wp\/v2\/posts"}],"about":[{"href":"https:\/\/sentiers05.fr\/index.php\/wp-json\/wp\/v2\/types\/post"}],"author":[{"embeddable":true,"href":"https:\/\/sentiers05.fr\/index.php\/wp-json\/wp\/v2\/users\/6"}],"replies":[{"embeddable":true,"href":"https:\/\/sentiers05.fr\/index.php\/wp-json\/wp\/v2\/comments?post=3318"}],"version-history":[{"count":22,"href":"https:\/\/sentiers05.fr\/index.php\/wp-json\/wp\/v2\/posts\/3318\/revisions"}],"predecessor-version":[{"id":3356,"href":"https:\/\/sentiers05.fr\/index.php\/wp-json\/wp\/v2\/posts\/3318\/revisions\/3356"}],"wp:attachment":[{"href":"https:\/\/sentiers05.fr\/index.php\/wp-json\/wp\/v2\/media?parent=3318"}],"wp:term":[{"taxonomy":"category","embeddable":true,"href":"https:\/\/sentiers05.fr\/index.php\/wp-json\/wp\/v2\/categories?post=3318"},{"taxonomy":"post_tag","embeddable":true,"href":"https:\/\/sentiers05.fr\/index.php\/wp-json\/wp\/v2\/tags?post=3318"}],"curies":[{"name":"wp","href":"https:\/\/api.w.org\/{rel}","templated":true}]}}