{"id":2795,"date":"2017-01-21T21:29:24","date_gmt":"2017-01-21T21:29:24","guid":{"rendered":"http:\/\/sentiers05.fr\/?p=2795"},"modified":"2017-02-01T10:31:38","modified_gmt":"2017-02-01T10:31:38","slug":"fete-de-la-raquette-dans-le-champsaur-21-janvier-2017","status":"publish","type":"post","link":"https:\/\/sentiers05.fr\/index.php\/2017\/01\/21\/fete-de-la-raquette-dans-le-champsaur-21-janvier-2017\/","title":{"rendered":"F\u00eate de la raquette dans le Champsaur  21 janvier 2017"},"content":{"rendered":"<p>F\u00eate de la Raquette\u00a0: 21 -01-2017 dans le Champsaur. Sous l&rsquo;\u00e9gide du Comit\u00e9 D\u00e9partemental de la FFRP<\/p>\n<p><a href=\"https:\/\/sentiers05.fr\/wp-content\/uploads\/2017\/01\/20170121_125124-e1485785985433.jpg\"><img loading=\"lazy\" decoding=\"async\" class=\"aligncenter size-medium wp-image-2796\" src=\"https:\/\/sentiers05.fr\/wp-content\/uploads\/2017\/01\/20170121_125124-300x169.jpg\" alt=\"20170121_125124\" width=\"300\" height=\"169\" \/><\/a><\/p>\n<p><!--more--><\/p>\n<p>&nbsp;<\/p>\n<p>C\u2019est sans raquettes que nous avons pu profiter d\u2019un soleil radieux et d\u2019une ambiance tr\u00e8s sympathique.Des 6 circuits pr\u00e9vus, nous sommes pass\u00e9s \u00e0 3 , \u00e0 cause du manque de neige\u00a0!<\/p>\n<p>Cela n\u2019a pas g\u00e2ch\u00e9 la bonne humeur g\u00e9n\u00e9rale ni l\u2019 accueil chaleureux prodigu\u00e9 par les organisateurs de l\u2019AN Rando.<\/p>\n<p>La journ\u00e9e s\u2019est achev\u00e9e par la d\u00e9gustation des tartes du Champsaur et d\u2019un vin chaud bien appr\u00e9ci\u00e9 malgr\u00e9 la temp\u00e9rature cl\u00e9mente.<\/p>\n<p>Nous nous sommes quitt\u00e9s en faisant le v\u0153u d\u2019un meilleur enneigement l\u2019 ann\u00e9e prochaine.<\/p>\n<p>110 participants avaient r\u00e9pondu \u00e0 l\u2019 invitation du comit\u00e9 d\u00e9partemental,\u00a0dont 10 de Sentiers 05.<\/p>\n<p>Un grand merci \u00e0 tous.<\/p>\n","protected":false},"excerpt":{"rendered":"<p>F\u00eate de la Raquette\u00a0: 21 -01-2017 dans le Champsaur. Sous l&rsquo;\u00e9gide du Comit\u00e9 D\u00e9partemental de la FFRP<\/p>\n","protected":false},"author":11,"featured_media":0,"comment_status":"closed","ping_status":"open","sticky":false,"template":"","format":"standard","meta":{"footnotes":""},"categories":[3],"tags":[],"class_list":["post-2795","post","type-post","status-publish","format-standard","hentry","category-randonnee-pedestre"],"_links":{"self":[{"href":"https:\/\/sentiers05.fr\/index.php\/wp-json\/wp\/v2\/posts\/2795","targetHints":{"allow":["GET"]}}],"collection":[{"href":"https:\/\/sentiers05.fr\/index.php\/wp-json\/wp\/v2\/posts"}],"about":[{"href":"https:\/\/sentiers05.fr\/index.php\/wp-json\/wp\/v2\/types\/post"}],"author":[{"embeddable":true,"href":"https:\/\/sentiers05.fr\/index.php\/wp-json\/wp\/v2\/users\/11"}],"replies":[{"embeddable":true,"href":"https:\/\/sentiers05.fr\/index.php\/wp-json\/wp\/v2\/comments?post=2795"}],"version-history":[{"count":1,"href":"https:\/\/sentiers05.fr\/index.php\/wp-json\/wp\/v2\/posts\/2795\/revisions"}],"predecessor-version":[{"id":2797,"href":"https:\/\/sentiers05.fr\/index.php\/wp-json\/wp\/v2\/posts\/2795\/revisions\/2797"}],"wp:attachment":[{"href":"https:\/\/sentiers05.fr\/index.php\/wp-json\/wp\/v2\/media?parent=2795"}],"wp:term":[{"taxonomy":"category","embeddable":true,"href":"https:\/\/sentiers05.fr\/index.php\/wp-json\/wp\/v2\/categories?post=2795"},{"taxonomy":"post_tag","embeddable":true,"href":"https:\/\/sentiers05.fr\/index.php\/wp-json\/wp\/v2\/tags?post=2795"}],"curies":[{"name":"wp","href":"https:\/\/api.w.org\/{rel}","templated":true}]}}