{"id":2779,"date":"2017-01-12T22:05:10","date_gmt":"2017-01-12T22:05:10","guid":{"rendered":"http:\/\/sentiers05.fr\/?p=2779"},"modified":"2017-02-01T10:32:00","modified_gmt":"2017-02-01T10:32:00","slug":"gorges-de-saint-genis-du-plan-deau-du-riou-a-la-porte-sereine","status":"publish","type":"post","link":"https:\/\/sentiers05.fr\/index.php\/2017\/01\/12\/gorges-de-saint-genis-du-plan-deau-du-riou-a-la-porte-sereine\/","title":{"rendered":"Gorges de saint Genis du plan d&rsquo;eau du Riou \u00e0 la Porte Sereine"},"content":{"rendered":"<p><strong><a href=\"https:\/\/sentiers05.fr\/wp-content\/uploads\/2017\/01\/12-Janv_Gorges-de-St-Genis-1.jpg\"><img loading=\"lazy\" decoding=\"async\" class=\"aligncenter size-medium wp-image-2787\" src=\"https:\/\/sentiers05.fr\/wp-content\/uploads\/2017\/01\/12-Janv_Gorges-de-St-Genis-1-300x169.jpg\" alt=\"12 Janv_Gorges de St-Genis (1)\" width=\"300\" height=\"169\" srcset=\"https:\/\/sentiers05.fr\/wp-content\/uploads\/2017\/01\/12-Janv_Gorges-de-St-Genis-1-300x169.jpg 300w, https:\/\/sentiers05.fr\/wp-content\/uploads\/2017\/01\/12-Janv_Gorges-de-St-Genis-1-584x329.jpg 584w, https:\/\/sentiers05.fr\/wp-content\/uploads\/2017\/01\/12-Janv_Gorges-de-St-Genis-1-1200x675.jpg 1200w, https:\/\/sentiers05.fr\/wp-content\/uploads\/2017\/01\/12-Janv_Gorges-de-St-Genis-1.jpg 1440w\" sizes=\"auto, (max-width: 300px) 85vw, 300px\" \/><\/a>Sortie p\u00e9destre du 12 janvier 2017 anim\u00e9e par Max avec Bernadette, Nicole, Fran\u00e7oise B-P., Chantal S., Chantal H., Yvonne, Marie, Marie-Th\u00e9, Josyane, Yves, G\u00e9rard, Serge, Claude et Alain D.<\/strong><\/p>\n<p><!--more--><\/p>\n<p>Nous nous retrouvons au parking du camping du Riou par une belle journ\u00e9e comme janvier 2017 a su prodiguer mais en nous privant de neige!<\/p>\n<p>Nous progressons par une piste au d\u00e9but, en direction de Saint-Genis, en laissant derri\u00e8re nous de jolies vues sur le plan d&rsquo;eau bien rempli. Apr\u00e8s un peu plus de deux kilom\u00e8tres nous arrivons \u00e0 ce beau village, bien \u00e9clair\u00e9 par le soleil.<\/p>\n<div id='gallery-1' class='gallery galleryid-2779 gallery-columns-2 gallery-size-large'><figure class='gallery-item'>\n\t\t\t<div class='gallery-icon portrait'>\n\t\t\t\t<a href='https:\/\/sentiers05.fr\/wp-content\/uploads\/2017\/01\/12-Janv_Gorges-de-St-Genis-3.jpg'><img loading=\"lazy\" decoding=\"async\" width=\"329\" height=\"584\" src=\"https:\/\/sentiers05.fr\/wp-content\/uploads\/2017\/01\/12-Janv_Gorges-de-St-Genis-3-329x584.jpg\" class=\"attachment-large size-large\" alt=\"\" srcset=\"https:\/\/sentiers05.fr\/wp-content\/uploads\/2017\/01\/12-Janv_Gorges-de-St-Genis-3-329x584.jpg 329w, https:\/\/sentiers05.fr\/wp-content\/uploads\/2017\/01\/12-Janv_Gorges-de-St-Genis-3-169x300.jpg 169w, https:\/\/sentiers05.fr\/wp-content\/uploads\/2017\/01\/12-Janv_Gorges-de-St-Genis-3.jpg 810w\" sizes=\"auto, (max-width: 329px) 85vw, 329px\" \/><\/a>\n\t\t\t<\/div><\/figure><figure class='gallery-item'>\n\t\t\t<div class='gallery-icon portrait'>\n\t\t\t\t<a href='https:\/\/sentiers05.fr\/wp-content\/uploads\/2017\/01\/12-Janv_Gorges-de-St-Genis-4.jpg'><img loading=\"lazy\" decoding=\"async\" width=\"329\" height=\"584\" src=\"https:\/\/sentiers05.fr\/wp-content\/uploads\/2017\/01\/12-Janv_Gorges-de-St-Genis-4-329x584.jpg\" class=\"attachment-large size-large\" alt=\"\" srcset=\"https:\/\/sentiers05.fr\/wp-content\/uploads\/2017\/01\/12-Janv_Gorges-de-St-Genis-4-329x584.jpg 329w, https:\/\/sentiers05.fr\/wp-content\/uploads\/2017\/01\/12-Janv_Gorges-de-St-Genis-4-169x300.jpg 169w, https:\/\/sentiers05.fr\/wp-content\/uploads\/2017\/01\/12-Janv_Gorges-de-St-Genis-4.jpg 810w\" sizes=\"auto, (max-width: 329px) 85vw, 329px\" \/><\/a>\n\t\t\t<\/div><\/figure>\n\t\t<\/div>\n\n<p>Apr\u00e8s la travers\u00e9e de Saint-Genis et trois km de marche nous laissons, \u00e0 gauche, le GRP qui conduit \u00e0 Jub\u00e9o pour entamer la d\u00e9couverte, pour beaucoup\u00a0, \u00a0de magnifiques et pittoresques gorges.<\/p>\n<p><a href=\"https:\/\/sentiers05.fr\/wp-content\/uploads\/2017\/01\/12-Janv_Gorges-de-St-Genis-7.jpg\"><img loading=\"lazy\" decoding=\"async\" class=\"aligncenter size-medium wp-image-2790\" src=\"https:\/\/sentiers05.fr\/wp-content\/uploads\/2017\/01\/12-Janv_Gorges-de-St-Genis-7-300x169.jpg\" alt=\"12 Janv_Gorges de St-Genis (7)\" width=\"300\" height=\"169\" srcset=\"https:\/\/sentiers05.fr\/wp-content\/uploads\/2017\/01\/12-Janv_Gorges-de-St-Genis-7-300x169.jpg 300w, https:\/\/sentiers05.fr\/wp-content\/uploads\/2017\/01\/12-Janv_Gorges-de-St-Genis-7-584x329.jpg 584w, https:\/\/sentiers05.fr\/wp-content\/uploads\/2017\/01\/12-Janv_Gorges-de-St-Genis-7-1200x675.jpg 1200w, https:\/\/sentiers05.fr\/wp-content\/uploads\/2017\/01\/12-Janv_Gorges-de-St-Genis-7.jpg 1440w\" sizes=\"auto, (max-width: 300px) 85vw, 300px\" \/><\/a><\/p>\n<p>Nous progressons vers la cr\u00eate de Saint-Genis, puis sur la droite vers Porte Sereine pour un bon casse-croute. Nous redescendons vers le camp du Riou en traversant une belle ch\u00eanaie, truffi\u00e8re \u00e0 ce qu&rsquo;il para\u00eet&#8230;<\/p>\n<p>&nbsp;<\/p>\n<p><a href=\"https:\/\/sentiers05.fr\/wp-content\/uploads\/2017\/01\/12-Janv_Gorges-de-St-Genis-10.jpg\"><img loading=\"lazy\" decoding=\"async\" class=\"aligncenter size-medium wp-image-2791\" src=\"https:\/\/sentiers05.fr\/wp-content\/uploads\/2017\/01\/12-Janv_Gorges-de-St-Genis-10-300x169.jpg\" alt=\"12 Janv_Gorges de St-Genis (10)\" width=\"300\" height=\"169\" srcset=\"https:\/\/sentiers05.fr\/wp-content\/uploads\/2017\/01\/12-Janv_Gorges-de-St-Genis-10-300x169.jpg 300w, https:\/\/sentiers05.fr\/wp-content\/uploads\/2017\/01\/12-Janv_Gorges-de-St-Genis-10-584x329.jpg 584w, https:\/\/sentiers05.fr\/wp-content\/uploads\/2017\/01\/12-Janv_Gorges-de-St-Genis-10-1200x675.jpg 1200w, https:\/\/sentiers05.fr\/wp-content\/uploads\/2017\/01\/12-Janv_Gorges-de-St-Genis-10.jpg 1440w\" sizes=\"auto, (max-width: 300px) 85vw, 300px\" \/><\/a><\/p>\n<p>Il reste \u00e0 admirer le plan d&rsquo;eau qui nous a accueilli pour rejoindre les v\u00e9hicules et\u00a0relever d\u00e9nivel\u00e9 et distance parcourue.<\/p>\n<p><a href=\"https:\/\/sentiers05.fr\/wp-content\/uploads\/2017\/01\/12-Janv_Gorges-de-St-Genis-11.jpg\"><img loading=\"lazy\" decoding=\"async\" class=\"aligncenter size-medium wp-image-2792\" src=\"https:\/\/sentiers05.fr\/wp-content\/uploads\/2017\/01\/12-Janv_Gorges-de-St-Genis-11-300x169.jpg\" alt=\"12 Janv_Gorges de St-Genis (11)\" width=\"300\" height=\"169\" srcset=\"https:\/\/sentiers05.fr\/wp-content\/uploads\/2017\/01\/12-Janv_Gorges-de-St-Genis-11-300x169.jpg 300w, https:\/\/sentiers05.fr\/wp-content\/uploads\/2017\/01\/12-Janv_Gorges-de-St-Genis-11-584x329.jpg 584w, https:\/\/sentiers05.fr\/wp-content\/uploads\/2017\/01\/12-Janv_Gorges-de-St-Genis-11-1200x675.jpg 1200w, https:\/\/sentiers05.fr\/wp-content\/uploads\/2017\/01\/12-Janv_Gorges-de-St-Genis-11.jpg 1440w\" sizes=\"auto, (max-width: 300px) 85vw, 300px\" \/><\/a><\/p>\n<p>&nbsp;<\/p>\n<p><a href=\"https:\/\/sentiers05.fr\/wp-content\/uploads\/2017\/01\/12-Janv_trace-12.jpg\"><img loading=\"lazy\" decoding=\"async\" class=\"aligncenter size-large wp-image-2793\" src=\"https:\/\/sentiers05.fr\/wp-content\/uploads\/2017\/01\/12-Janv_trace-12-584x423.jpg\" alt=\"12 Janv_trace (12)\" width=\"584\" height=\"423\" srcset=\"https:\/\/sentiers05.fr\/wp-content\/uploads\/2017\/01\/12-Janv_trace-12-584x423.jpg 584w, https:\/\/sentiers05.fr\/wp-content\/uploads\/2017\/01\/12-Janv_trace-12-300x217.jpg 300w, https:\/\/sentiers05.fr\/wp-content\/uploads\/2017\/01\/12-Janv_trace-12.jpg 1014w\" sizes=\"auto, (max-width: 584px) 85vw, 584px\" \/><\/a><\/p>\n<p>Photos et trace d&rsquo;Yves<\/p>\n","protected":false},"excerpt":{"rendered":"<p>Sortie p\u00e9destre du 12 janvier 2017 anim\u00e9e par Max avec Bernadette, Nicole, Fran\u00e7oise B-P., Chantal S., Chantal H., Yvonne, Marie, Marie-Th\u00e9, Josyane, Yves, G\u00e9rard, Serge, Claude et Alain D.<\/p>\n","protected":false},"author":11,"featured_media":0,"comment_status":"closed","ping_status":"open","sticky":false,"template":"","format":"standard","meta":{"footnotes":""},"categories":[3],"tags":[],"class_list":["post-2779","post","type-post","status-publish","format-standard","hentry","category-randonnee-pedestre"],"_links":{"self":[{"href":"https:\/\/sentiers05.fr\/index.php\/wp-json\/wp\/v2\/posts\/2779","targetHints":{"allow":["GET"]}}],"collection":[{"href":"https:\/\/sentiers05.fr\/index.php\/wp-json\/wp\/v2\/posts"}],"about":[{"href":"https:\/\/sentiers05.fr\/index.php\/wp-json\/wp\/v2\/types\/post"}],"author":[{"embeddable":true,"href":"https:\/\/sentiers05.fr\/index.php\/wp-json\/wp\/v2\/users\/11"}],"replies":[{"embeddable":true,"href":"https:\/\/sentiers05.fr\/index.php\/wp-json\/wp\/v2\/comments?post=2779"}],"version-history":[{"count":4,"href":"https:\/\/sentiers05.fr\/index.php\/wp-json\/wp\/v2\/posts\/2779\/revisions"}],"predecessor-version":[{"id":2794,"href":"https:\/\/sentiers05.fr\/index.php\/wp-json\/wp\/v2\/posts\/2779\/revisions\/2794"}],"wp:attachment":[{"href":"https:\/\/sentiers05.fr\/index.php\/wp-json\/wp\/v2\/media?parent=2779"}],"wp:term":[{"taxonomy":"category","embeddable":true,"href":"https:\/\/sentiers05.fr\/index.php\/wp-json\/wp\/v2\/categories?post=2779"},{"taxonomy":"post_tag","embeddable":true,"href":"https:\/\/sentiers05.fr\/index.php\/wp-json\/wp\/v2\/tags?post=2779"}],"curies":[{"name":"wp","href":"https:\/\/api.w.org\/{rel}","templated":true}]}}