{"id":2759,"date":"2017-01-05T22:00:47","date_gmt":"2017-01-05T22:00:47","guid":{"rendered":"http:\/\/sentiers05.fr\/?p=2759"},"modified":"2017-01-08T17:35:08","modified_gmt":"2017-01-08T17:35:08","slug":"les-balcons-du-laragnais","status":"publish","type":"post","link":"https:\/\/sentiers05.fr\/index.php\/2017\/01\/05\/les-balcons-du-laragnais\/","title":{"rendered":"Les Balcons du Laragnais"},"content":{"rendered":"<p style=\"text-align: justify;\"><strong><span style=\"margin: 0px; color: black; font-family: 'Calibri','sans-serif'; font-size: 14pt;\"><a href=\"https:\/\/sentiers05.fr\/wp-content\/uploads\/2017\/01\/IMG_4098-1-e1483873822862.jpg\"><img loading=\"lazy\" decoding=\"async\" class=\"aligncenter size-thumbnail wp-image-2763\" src=\"https:\/\/sentiers05.fr\/wp-content\/uploads\/2017\/01\/IMG_4098-1-200x200.jpg\" alt=\"img_4098-1\" width=\"200\" height=\"200\" \/><\/a>Sortie p\u00e9destre du 05 janvier 2017 anim\u00e9e par Max Giraud-Telme\u00a0\u00a0\u00a0\u00a0\u00a0\u00a0\u00a0\u00a0\u00a0\u00a0\u00a0\u00a0\u00a0\u00a0\u00a0 <\/span><\/strong><span style=\"margin: 0px; color: black; font-family: 'Calibri','sans-serif';\"><span style=\"margin: 0px; color: black; line-height: 115%; font-family: 'Calibri','sans-serif'; font-size: 14pt;\">avec Bernadette, Chantal H, Chantal S, Claude, Elisabeth, Fran\u00e7oise, G\u00e9rard, Jacqueline, Jacques, Marie-Th\u00e9, Maryse, Nicole, Patricia et Simone.<\/span><\/span><!--more--><\/p>\n<p><span style=\"margin: 0px; color: black; font-family: 'Arial','sans-serif';\">D\u00e9part 9h 30 au lieu-dit \u00ab\u00a0les Logis d&rsquo;Arzeliers\u00a0\u00bb \u00a0alt 640\u00a0m. <\/span><span style=\"margin: 0px; color: black; font-family: 'Arial','sans-serif';\">Le ciel est bleu,\u00a0de temps en temps un vent froid nous fait appr\u00e9cier gants et bonnets.<\/span><\/p>\n<p style=\"text-align: justify;\"><span style=\"margin: 0px; color: black; font-family: 'Arial','sans-serif';\">Nous suivons les balcons du Laragnais en passant\u00a0par le ch\u00e2teau d&rsquo;Arzeliers. Le chemin est large et\u00a0bien balis\u00e9.\u00a0<\/span><span style=\"margin: 0px; color: black; font-family: 'Arial','sans-serif';\">Certains visitent les ruines des\u00a0habitations et\u00a0du ch\u00e2teau datant du 12 \u00e8me si\u00e8cle. Un panneau indique la dangerosit\u00e9 du lieu.<a href=\"https:\/\/sentiers05.fr\/wp-content\/uploads\/2017\/01\/IMG_4100-1-e1483874191318.jpg\"><img loading=\"lazy\" decoding=\"async\" class=\"aligncenter size-large wp-image-2764\" src=\"https:\/\/sentiers05.fr\/wp-content\/uploads\/2017\/01\/IMG_4100-1-584x436.jpg\" alt=\"img_4100-1\" width=\"584\" height=\"436\" \/><\/a><\/span><\/p>\n<p style=\"text-align: justify;\"><span style=\"margin: 0px; color: black; font-family: 'Arial','sans-serif';\">Ensuite nous suivons un sentier sur la cr\u00eate<a href=\"https:\/\/sentiers05.fr\/wp-content\/uploads\/2017\/01\/IMG_4105-e1483874583350.jpg\"><img loading=\"lazy\" decoding=\"async\" class=\"aligncenter size-large wp-image-2765\" src=\"https:\/\/sentiers05.fr\/wp-content\/uploads\/2017\/01\/IMG_4105-584x436.jpg\" alt=\"img_4105\" width=\"584\" height=\"436\" \/><\/a><\/span><\/p>\n<p><span style=\"font-family: Arial;\">et nous arr\u00eatons \u00e0 midi \u00a0pour pique-niquer dans les gen\u00eats \u00e0 l&rsquo;abri du vent.<\/span><span style=\"margin: 0px; color: black; font-family: 'Arial','sans-serif';\"><a href=\"https:\/\/sentiers05.fr\/wp-content\/uploads\/2017\/01\/IMG_4107-e1483874730516.jpg\"><img loading=\"lazy\" decoding=\"async\" class=\"aligncenter size-large wp-image-2767\" src=\"https:\/\/sentiers05.fr\/wp-content\/uploads\/2017\/01\/IMG_4107-584x436.jpg\" alt=\"img_4107\" width=\"584\" height=\"436\" \/><\/a><\/span><\/p>\n<p style=\"text-align: justify;\"><span style=\"margin: 0px; color: black; line-height: 115%; font-family: 'Calibri','sans-serif'; font-size: 14pt;\">A 13 h nous continuons jusqu&rsquo;au Pas de Jubi.\u00a0 Le retour s&rsquo;effectue \u00a0par la d\u00e9partementale. En chemin nous admirons \u00a0des \u00e2nes et un cheval \u00e0 qui nous donnons quelques morceaux de pain.<\/span><span style=\"margin: 0px; color: black; font-family: 'Arial','sans-serif';\"><a href=\"https:\/\/sentiers05.fr\/wp-content\/uploads\/2017\/01\/IMG_4111-e1483874110149.jpg\"><img loading=\"lazy\" decoding=\"async\" class=\"aligncenter size-large wp-image-2768\" src=\"https:\/\/sentiers05.fr\/wp-content\/uploads\/2017\/01\/IMG_4111-584x436.jpg\" alt=\"img_4111\" width=\"584\" height=\"436\" \/><\/a><\/span><\/p>\n<p style=\"text-align: justify;\"><span style=\"margin: 0px; color: black; font-family: 'Arial','sans-serif';\">Il est 14h 15 quand nous arrivons aux voitures, nous avons parcouru <\/span><span style=\"margin: 0px; color: black; font-family: 'Calibri','sans-serif';\"><span style=\"margin: 0px; color: black; line-height: 115%; font-family: 'Arial','sans-serif'; font-size: 12pt;\">11 kms avec 250 m de d\u00e9nivel\u00e9.<\/span><\/span><\/p>\n<p>&nbsp;<\/p>\n<p>&nbsp;<\/p>\n<p><span style=\"margin: 0px; color: black; font-family: 'Calibri','sans-serif';\">\u00a0<\/span><\/p>\n","protected":false},"excerpt":{"rendered":"<p>Sortie p\u00e9destre du 05 janvier 2017 anim\u00e9e par Max Giraud-Telme\u00a0\u00a0\u00a0\u00a0\u00a0\u00a0\u00a0\u00a0\u00a0\u00a0\u00a0\u00a0\u00a0\u00a0\u00a0 avec Bernadette, Chantal H, Chantal S, Claude, Elisabeth, Fran\u00e7oise, G\u00e9rard, Jacqueline, Jacques, Marie-Th\u00e9, Maryse, Nicole, Patricia et Simone.<\/p>\n","protected":false},"author":6,"featured_media":0,"comment_status":"closed","ping_status":"open","sticky":false,"template":"","format":"standard","meta":{"footnotes":""},"categories":[3],"tags":[],"class_list":["post-2759","post","type-post","status-publish","format-standard","hentry","category-randonnee-pedestre"],"_links":{"self":[{"href":"https:\/\/sentiers05.fr\/index.php\/wp-json\/wp\/v2\/posts\/2759","targetHints":{"allow":["GET"]}}],"collection":[{"href":"https:\/\/sentiers05.fr\/index.php\/wp-json\/wp\/v2\/posts"}],"about":[{"href":"https:\/\/sentiers05.fr\/index.php\/wp-json\/wp\/v2\/types\/post"}],"author":[{"embeddable":true,"href":"https:\/\/sentiers05.fr\/index.php\/wp-json\/wp\/v2\/users\/6"}],"replies":[{"embeddable":true,"href":"https:\/\/sentiers05.fr\/index.php\/wp-json\/wp\/v2\/comments?post=2759"}],"version-history":[{"count":12,"href":"https:\/\/sentiers05.fr\/index.php\/wp-json\/wp\/v2\/posts\/2759\/revisions"}],"predecessor-version":[{"id":2774,"href":"https:\/\/sentiers05.fr\/index.php\/wp-json\/wp\/v2\/posts\/2759\/revisions\/2774"}],"wp:attachment":[{"href":"https:\/\/sentiers05.fr\/index.php\/wp-json\/wp\/v2\/media?parent=2759"}],"wp:term":[{"taxonomy":"category","embeddable":true,"href":"https:\/\/sentiers05.fr\/index.php\/wp-json\/wp\/v2\/categories?post=2759"},{"taxonomy":"post_tag","embeddable":true,"href":"https:\/\/sentiers05.fr\/index.php\/wp-json\/wp\/v2\/tags?post=2759"}],"curies":[{"name":"wp","href":"https:\/\/api.w.org\/{rel}","templated":true}]}}