{"id":2721,"date":"2016-12-15T22:13:42","date_gmt":"2016-12-15T22:13:42","guid":{"rendered":"http:\/\/sentiers05.fr\/?p=2721"},"modified":"2016-12-22T16:21:48","modified_gmt":"2016-12-22T16:21:48","slug":"le-saint-philippe","status":"publish","type":"post","link":"https:\/\/sentiers05.fr\/index.php\/2016\/12\/15\/le-saint-philippe\/","title":{"rendered":"Le Saint Philippe"},"content":{"rendered":"<p><span style=\"margin: 0px; font-family: 'Calibri','sans-serif'; font-size: 14pt;\"><span style=\"color: #000000;\"><a href=\"https:\/\/sentiers05.fr\/wp-content\/uploads\/2016\/12\/15-D\u00e9c_Croix-St-Philippe-8.jpg\"><img loading=\"lazy\" decoding=\"async\" class=\"aligncenter size-thumbnail wp-image-2728\" src=\"https:\/\/sentiers05.fr\/wp-content\/uploads\/2016\/12\/15-D\u00e9c_Croix-St-Philippe-8-200x200.jpg\" alt=\"15-dec_croix-st-philippe-8\" width=\"200\" height=\"200\" \/><\/a>avec\u00a0Bernadette, Genevi\u00e8ve ,Marit\u00e9 ,Max, Paul, Patricia et Yves <strong>sous la conduite de Jacqueline<\/strong>.<\/span><\/span><!--more--><\/p>\n<p><span style=\"margin: 0px; font-family: 'Calibri','sans-serif'; font-size: 14pt;\">\u00a0<\/span><span style=\"margin: 0px; font-family: 'Calibri','sans-serif'; font-size: 14pt;\"><span style=\"color: #000000;\">\u00a0\u00a0\u00a0\u00a0Nous \u00e9tions 8 au d\u00e9part du Collet d\u2019Ancelle mais un nouveau compagnon sympathique vient, sans \u00eatre invit\u00e9, s\u2019interposer gaiement et nous suivra tout au long du parcours. <\/span><\/span><span style=\"margin: 0px; font-family: 'Calibri','sans-serif'; font-size: 14pt;\"><span style=\"color: #000000;\">Joueur, il nous sollicite sans cesse \u00e0 lui lancer un b\u00e2ton qu\u2019il r\u00e9cup\u00e8re en gambadant jusqu\u2019\u00e0 ce qu\u2019on le lui relance \u00e0 nouveau. <\/span><\/span><span style=\"margin: 0px; font-family: 'Calibri','sans-serif'; font-size: 14pt;\"><span style=\"color: #000000;\">Insatiable\u00a0!<a href=\"https:\/\/sentiers05.fr\/wp-content\/uploads\/2016\/12\/15-D\u00e9c_Croix-St-Philippe-1.jpg\"><img loading=\"lazy\" decoding=\"async\" class=\"aligncenter size-large wp-image-2725\" src=\"https:\/\/sentiers05.fr\/wp-content\/uploads\/2016\/12\/15-D\u00e9c_Croix-St-Philippe-1-584x329.jpg\" alt=\"15-dec_croix-st-philippe-1\" width=\"584\" height=\"329\" srcset=\"https:\/\/sentiers05.fr\/wp-content\/uploads\/2016\/12\/15-D\u00e9c_Croix-St-Philippe-1-584x329.jpg 584w, https:\/\/sentiers05.fr\/wp-content\/uploads\/2016\/12\/15-D\u00e9c_Croix-St-Philippe-1-300x169.jpg 300w, https:\/\/sentiers05.fr\/wp-content\/uploads\/2016\/12\/15-D\u00e9c_Croix-St-Philippe-1-1200x675.jpg 1200w, https:\/\/sentiers05.fr\/wp-content\/uploads\/2016\/12\/15-D\u00e9c_Croix-St-Philippe-1.jpg 1440w\" sizes=\"auto, (max-width: 584px) 85vw, 584px\" \/><\/a><\/span><\/span><\/p>\n<p style=\"text-align: justify;\"><span style=\"margin: 0px; font-family: 'Calibri','sans-serif'; font-size: 14pt;\"><span style=\"color: #000000;\">\u00a0\u00a0\u00a0\u00a0\u00a0La route foresti\u00e8re chemine en balcon, nous offrant de beaux points de vue tout au long du parcours ; il fait bon et l\u2019exposition nous incite \u00e0 savourer les bienfaits d\u2019un soleil g\u00e9n\u00e9reux. <\/span><\/span><span style=\"margin: 0px; font-family: 'Calibri','sans-serif'; font-size: 14pt;\"><span style=\"color: #000000;\">Apr\u00e8s 2 heures de marche, nous obliquons vers le col de Moissi\u00e8res o\u00f9 dominent le Piolit, les Aiguilles de Chabri\u00e8res, ainsi que l&rsquo;Arche d\u2019Ancelle.<a href=\"https:\/\/sentiers05.fr\/wp-content\/uploads\/2016\/12\/15-D\u00e9c_Croix-St-Philippe-3a.jpg\"><img loading=\"lazy\" decoding=\"async\" class=\"aligncenter size-large wp-image-2733\" src=\"https:\/\/sentiers05.fr\/wp-content\/uploads\/2016\/12\/15-D\u00e9c_Croix-St-Philippe-3a-584x329.jpg\" alt=\"15-dec_croix-st-philippe-3a\" width=\"584\" height=\"329\" srcset=\"https:\/\/sentiers05.fr\/wp-content\/uploads\/2016\/12\/15-D\u00e9c_Croix-St-Philippe-3a-584x329.jpg 584w, https:\/\/sentiers05.fr\/wp-content\/uploads\/2016\/12\/15-D\u00e9c_Croix-St-Philippe-3a-300x169.jpg 300w, https:\/\/sentiers05.fr\/wp-content\/uploads\/2016\/12\/15-D\u00e9c_Croix-St-Philippe-3a-1200x675.jpg 1200w, https:\/\/sentiers05.fr\/wp-content\/uploads\/2016\/12\/15-D\u00e9c_Croix-St-Philippe-3a.jpg 1440w\" sizes=\"auto, (max-width: 584px) 85vw, 584px\" \/><\/a><\/span><\/span><\/p>\n<p><span style=\"margin: 0px; font-family: 'Calibri','sans-serif'; font-size: 14pt;\"><span style=\"color: #000000;\">\u00a0\u00a0\u00a0\u00a0\u00a0Dans la mont\u00e9e vers la cr\u00eate des Aur\u00e9ous, en contre bas, appara\u00eet le lac de Faudon recouvert de glace. Il est petit mais fait figure d\u2019 un scintillant joyau au c\u0153ur de l\u2019hiver qui approche.<img loading=\"lazy\" decoding=\"async\" class=\"aligncenter size-large wp-image-2726\" src=\"https:\/\/sentiers05.fr\/wp-content\/uploads\/2016\/12\/15-D\u00e9c_Croix-St-Philippe-4-584x329.jpg\" alt=\"15-dec_croix-st-philippe-4\" width=\"584\" height=\"329\" srcset=\"https:\/\/sentiers05.fr\/wp-content\/uploads\/2016\/12\/15-D\u00e9c_Croix-St-Philippe-4-584x329.jpg 584w, https:\/\/sentiers05.fr\/wp-content\/uploads\/2016\/12\/15-D\u00e9c_Croix-St-Philippe-4-300x169.jpg 300w, https:\/\/sentiers05.fr\/wp-content\/uploads\/2016\/12\/15-D\u00e9c_Croix-St-Philippe-4-1200x675.jpg 1200w, https:\/\/sentiers05.fr\/wp-content\/uploads\/2016\/12\/15-D\u00e9c_Croix-St-Philippe-4.jpg 1440w\" sizes=\"auto, (max-width: 584px) 85vw, 584px\" \/><\/span><\/span><span style=\"margin: 0px; font-family: 'Calibri','sans-serif'; font-size: 14pt;\"><span style=\"color: #000000;\">\u00a0\u00a0\u00a0\u00a0\u00a0<\/span><\/span><span style=\"margin: 0px; font-family: 'Calibri','sans-serif'; font-size: 14pt;\"><span style=\"color: #000000;\">Picnic\u00a0 au dessous du sommet du Saint Philippe dans une petite combe abrit\u00e9e. Notre compagnon du jour n\u2019a de cesse de qu\u00e9mander gentiment du regard une part bien m\u00e9rit\u00e9e de notre casse cro\u00fbte. C\u2019est qu\u2019il en a fait du chemin\u00a0! Plus que nous, \u00e0 sa mani\u00e8re chien, allers et retours incessants\u00a0! Quelle vitalit\u00e9\u00a0! Pourrions nous en faire autant\u00a0?<a href=\"https:\/\/sentiers05.fr\/wp-content\/uploads\/2016\/12\/15-D\u00e9c_Croix-St-Philippe-11.jpg\"><img loading=\"lazy\" decoding=\"async\" class=\"aligncenter size-large wp-image-2730\" src=\"https:\/\/sentiers05.fr\/wp-content\/uploads\/2016\/12\/15-D\u00e9c_Croix-St-Philippe-11-584x329.jpg\" alt=\"15-dec_croix-st-philippe-11\" width=\"584\" height=\"329\" srcset=\"https:\/\/sentiers05.fr\/wp-content\/uploads\/2016\/12\/15-D\u00e9c_Croix-St-Philippe-11-584x329.jpg 584w, https:\/\/sentiers05.fr\/wp-content\/uploads\/2016\/12\/15-D\u00e9c_Croix-St-Philippe-11-300x169.jpg 300w, https:\/\/sentiers05.fr\/wp-content\/uploads\/2016\/12\/15-D\u00e9c_Croix-St-Philippe-11-1200x675.jpg 1200w, https:\/\/sentiers05.fr\/wp-content\/uploads\/2016\/12\/15-D\u00e9c_Croix-St-Philippe-11.jpg 1440w\" sizes=\"auto, (max-width: 584px) 85vw, 584px\" \/><\/a><\/span><\/span><\/p>\n<p style=\"text-align: justify;\"><span style=\"margin: 0px; font-family: 'Calibri','sans-serif'; font-size: 14pt;\"><span style=\"color: #000000;\">\u00a0<\/span><\/span><span style=\"margin: 0px; font-family: 'Calibri','sans-serif'; font-size: 14pt;\"><span style=\"color: #000000;\">\u00a0\u00a0 Derni\u00e8re ascension jusqu\u2019\u00e0 la Croix<a href=\"https:\/\/sentiers05.fr\/wp-content\/uploads\/2016\/12\/15-D\u00e9c_Croix-St-Philippe-6.jpg\"><img loading=\"lazy\" decoding=\"async\" class=\"aligncenter size-large wp-image-2727\" src=\"https:\/\/sentiers05.fr\/wp-content\/uploads\/2016\/12\/15-D\u00e9c_Croix-St-Philippe-6-584x329.jpg\" alt=\"15-dec_croix-st-philippe-6\" width=\"584\" height=\"329\" srcset=\"https:\/\/sentiers05.fr\/wp-content\/uploads\/2016\/12\/15-D\u00e9c_Croix-St-Philippe-6-584x329.jpg 584w, https:\/\/sentiers05.fr\/wp-content\/uploads\/2016\/12\/15-D\u00e9c_Croix-St-Philippe-6-300x169.jpg 300w, https:\/\/sentiers05.fr\/wp-content\/uploads\/2016\/12\/15-D\u00e9c_Croix-St-Philippe-6-1200x675.jpg 1200w, https:\/\/sentiers05.fr\/wp-content\/uploads\/2016\/12\/15-D\u00e9c_Croix-St-Philippe-6.jpg 1440w\" sizes=\"auto, (max-width: 584px) 85vw, 584px\" \/><\/a>\u00a0\u00a0 d\u2019o\u00f9 une vue magnifique \u00e0 360 degr\u00e9s nous ravit.<a href=\"https:\/\/sentiers05.fr\/wp-content\/uploads\/2016\/12\/15-D\u00e9c_Croix-St-Philippe-10.jpg\"><img loading=\"lazy\" decoding=\"async\" class=\"aligncenter size-large wp-image-2729\" src=\"https:\/\/sentiers05.fr\/wp-content\/uploads\/2016\/12\/15-D\u00e9c_Croix-St-Philippe-10-584x166.jpg\" alt=\"15-dec_croix-st-philippe-10\" width=\"584\" height=\"166\" srcset=\"https:\/\/sentiers05.fr\/wp-content\/uploads\/2016\/12\/15-D\u00e9c_Croix-St-Philippe-10-584x166.jpg 584w, https:\/\/sentiers05.fr\/wp-content\/uploads\/2016\/12\/15-D\u00e9c_Croix-St-Philippe-10-300x85.jpg 300w, https:\/\/sentiers05.fr\/wp-content\/uploads\/2016\/12\/15-D\u00e9c_Croix-St-Philippe-10-1200x342.jpg 1200w, https:\/\/sentiers05.fr\/wp-content\/uploads\/2016\/12\/15-D\u00e9c_Croix-St-Philippe-10.jpg 1440w\" sizes=\"auto, (max-width: 584px) 85vw, 584px\" \/><\/a><\/span><\/span><\/p>\n<p><span style=\"margin: 0px; font-family: 'Calibri','sans-serif'; font-size: 14pt;\"><span style=\"color: #000000;\">\u00a0\u00a0\u00a0\u00a0 Le retour est bien plus court et nous ram\u00e8ne au Collet. Nous nous s\u00e9parons \u00e0 regret de notre ami apr\u00e8s maintes caresses. Peut- \u00eatre le reverrons nous lors d\u2019 un prochain passage en\u00a0 raquettes\u2026<a href=\"https:\/\/sentiers05.fr\/wp-content\/uploads\/2016\/12\/15-D\u00e9c_Croix-St-Philippe-12.jpg\"><img loading=\"lazy\" decoding=\"async\" class=\"aligncenter size-large wp-image-2731\" src=\"https:\/\/sentiers05.fr\/wp-content\/uploads\/2016\/12\/15-D\u00e9c_Croix-St-Philippe-12-584x329.jpg\" alt=\"15-dec_croix-st-philippe-12\" width=\"584\" height=\"329\" srcset=\"https:\/\/sentiers05.fr\/wp-content\/uploads\/2016\/12\/15-D\u00e9c_Croix-St-Philippe-12-584x329.jpg 584w, https:\/\/sentiers05.fr\/wp-content\/uploads\/2016\/12\/15-D\u00e9c_Croix-St-Philippe-12-300x169.jpg 300w, https:\/\/sentiers05.fr\/wp-content\/uploads\/2016\/12\/15-D\u00e9c_Croix-St-Philippe-12-1200x675.jpg 1200w, https:\/\/sentiers05.fr\/wp-content\/uploads\/2016\/12\/15-D\u00e9c_Croix-St-Philippe-12.jpg 1440w\" sizes=\"auto, (max-width: 584px) 85vw, 584px\" \/><\/a><\/span><\/span><\/p>\n<p><span style=\"margin: 0px; font-family: 'Calibri','sans-serif'; font-size: 14pt;\"><span style=\"color: #000000;\">\u00a0\u00a0\u00a0\u00a0\u00a0 <\/span><\/span><span style=\"margin: 0px; font-family: 'Calibri','sans-serif'; font-size: 14pt;\"><span style=\"color: #000000;\">Notre circuit de 4h 15 :<\/span><\/span><\/p>\n<p><span style=\"margin: 0px; font-family: 'Calibri','sans-serif'; font-size: 14pt;\"><span style=\"color: #000000;\"><a href=\"https:\/\/sentiers05.fr\/wp-content\/uploads\/2016\/12\/15-D\u00e9c_Croix-St-Philippe-13.jpg\"><img loading=\"lazy\" decoding=\"async\" class=\"aligncenter size-large wp-image-2732\" src=\"https:\/\/sentiers05.fr\/wp-content\/uploads\/2016\/12\/15-D\u00e9c_Croix-St-Philippe-13-584x370.jpg\" alt=\"15-dec_croix-st-philippe-13\" width=\"584\" height=\"370\" srcset=\"https:\/\/sentiers05.fr\/wp-content\/uploads\/2016\/12\/15-D\u00e9c_Croix-St-Philippe-13-584x370.jpg 584w, https:\/\/sentiers05.fr\/wp-content\/uploads\/2016\/12\/15-D\u00e9c_Croix-St-Philippe-13-300x190.jpg 300w, https:\/\/sentiers05.fr\/wp-content\/uploads\/2016\/12\/15-D\u00e9c_Croix-St-Philippe-13.jpg 976w\" sizes=\"auto, (max-width: 584px) 85vw, 584px\" \/><\/a><\/span><\/span><\/p>\n","protected":false},"excerpt":{"rendered":"<p>avec\u00a0Bernadette, Genevi\u00e8ve ,Marit\u00e9 ,Max, Paul, Patricia et Yves sous la conduite de Jacqueline.<\/p>\n","protected":false},"author":11,"featured_media":0,"comment_status":"closed","ping_status":"open","sticky":false,"template":"","format":"standard","meta":{"footnotes":""},"categories":[3],"tags":[],"class_list":["post-2721","post","type-post","status-publish","format-standard","hentry","category-randonnee-pedestre"],"_links":{"self":[{"href":"https:\/\/sentiers05.fr\/index.php\/wp-json\/wp\/v2\/posts\/2721","targetHints":{"allow":["GET"]}}],"collection":[{"href":"https:\/\/sentiers05.fr\/index.php\/wp-json\/wp\/v2\/posts"}],"about":[{"href":"https:\/\/sentiers05.fr\/index.php\/wp-json\/wp\/v2\/types\/post"}],"author":[{"embeddable":true,"href":"https:\/\/sentiers05.fr\/index.php\/wp-json\/wp\/v2\/users\/11"}],"replies":[{"embeddable":true,"href":"https:\/\/sentiers05.fr\/index.php\/wp-json\/wp\/v2\/comments?post=2721"}],"version-history":[{"count":19,"href":"https:\/\/sentiers05.fr\/index.php\/wp-json\/wp\/v2\/posts\/2721\/revisions"}],"predecessor-version":[{"id":2751,"href":"https:\/\/sentiers05.fr\/index.php\/wp-json\/wp\/v2\/posts\/2721\/revisions\/2751"}],"wp:attachment":[{"href":"https:\/\/sentiers05.fr\/index.php\/wp-json\/wp\/v2\/media?parent=2721"}],"wp:term":[{"taxonomy":"category","embeddable":true,"href":"https:\/\/sentiers05.fr\/index.php\/wp-json\/wp\/v2\/categories?post=2721"},{"taxonomy":"post_tag","embeddable":true,"href":"https:\/\/sentiers05.fr\/index.php\/wp-json\/wp\/v2\/tags?post=2721"}],"curies":[{"name":"wp","href":"https:\/\/api.w.org\/{rel}","templated":true}]}}