{"id":2692,"date":"2016-12-14T21:00:11","date_gmt":"2016-12-14T21:00:11","guid":{"rendered":"http:\/\/sentiers05.fr\/?p=2692"},"modified":"2016-12-18T22:11:49","modified_gmt":"2016-12-18T22:11:49","slug":"une-sortie-en-prealable-des-raquettes","status":"publish","type":"post","link":"https:\/\/sentiers05.fr\/index.php\/2016\/12\/14\/une-sortie-en-prealable-des-raquettes\/","title":{"rendered":"Une sortie en pr\u00e9alable des  raquettes"},"content":{"rendered":"<p><span style=\"color: #000000; font-family: Times New Roman;\">\u00a0<\/span><span style=\"margin: 0px; font-family: 'Calibri','sans-serif'; font-size: 14pt;\"><span style=\"color: #000000;\">Le 14 d\u00e9cembre, 11 adh\u00e9rents\u00a0 ont pu s\u2019initier au maniement du \u00a0DVA, lors d\u2019une journ\u00e9e Formation neige, organis\u00e9e au col de Vars et conduite avec un grand professionnalisme par un\u00a0 guide de haute montagne. <\/span><\/span><!--more--><\/p>\n<p><span style=\"margin: 0px; font-family: 'Calibri','sans-serif'; font-size: 14pt;\"><span style=\"color: #000000;\">Chaque participant \u00e9tait \u00e9quip\u00e9 de tout le mat\u00e9riel n\u00e9cessaire\u00a0(appareil, pelle et sonde) et a suivi avec beaucoup d\u2019int\u00e9r\u00eat les conseils prodigu\u00e9s\u00a0:\u00a0<\/span><\/span><\/p>\n<p><span style=\"margin: 0px; font-family: 'Calibri','sans-serif'; font-size: 14pt;\"><span style=\"color: #000000;\">\u00a0\u00a0\u00a0<\/span><\/span><span style=\"margin: 0px; font-family: 'Calibri','sans-serif'; font-size: 14pt;\"><span style=\"color: #000000;\">&#8211; informations th\u00e9oriques au pr\u00e9alable,<a href=\"https:\/\/sentiers05.fr\/wp-content\/uploads\/2016\/12\/14-D\u00e9c_Formation-DVA-2.jpg\"><img loading=\"lazy\" decoding=\"async\" class=\"aligncenter size-large wp-image-2713\" src=\"https:\/\/sentiers05.fr\/wp-content\/uploads\/2016\/12\/14-D\u00e9c_Formation-DVA-2-584x329.jpg\" alt=\"14-dec_formation-dva-2\" width=\"584\" height=\"329\" srcset=\"https:\/\/sentiers05.fr\/wp-content\/uploads\/2016\/12\/14-D\u00e9c_Formation-DVA-2-584x329.jpg 584w, https:\/\/sentiers05.fr\/wp-content\/uploads\/2016\/12\/14-D\u00e9c_Formation-DVA-2-300x169.jpg 300w, https:\/\/sentiers05.fr\/wp-content\/uploads\/2016\/12\/14-D\u00e9c_Formation-DVA-2-1200x675.jpg 1200w, https:\/\/sentiers05.fr\/wp-content\/uploads\/2016\/12\/14-D\u00e9c_Formation-DVA-2.jpg 1440w\" sizes=\"auto, (max-width: 584px) 85vw, 584px\" \/><\/a>\u00a0\u00a0\u00a0<\/span><\/span><span style=\"margin: 0px; font-family: 'Calibri','sans-serif'; font-size: 14pt;\"><span style=\"color: #000000;\">&#8211; avant de passer \u00e0 l\u2019\u00e9tape pratique sur terrain enneig\u00e9.<a href=\"https:\/\/sentiers05.fr\/wp-content\/uploads\/2016\/12\/14-D\u00e9c_Formation-DVA-3.jpg\"><img loading=\"lazy\" decoding=\"async\" class=\"aligncenter size-large wp-image-2714\" src=\"https:\/\/sentiers05.fr\/wp-content\/uploads\/2016\/12\/14-D\u00e9c_Formation-DVA-3-584x329.jpg\" alt=\"14-dec_formation-dva-3\" width=\"584\" height=\"329\" srcset=\"https:\/\/sentiers05.fr\/wp-content\/uploads\/2016\/12\/14-D\u00e9c_Formation-DVA-3-584x329.jpg 584w, https:\/\/sentiers05.fr\/wp-content\/uploads\/2016\/12\/14-D\u00e9c_Formation-DVA-3-300x169.jpg 300w, https:\/\/sentiers05.fr\/wp-content\/uploads\/2016\/12\/14-D\u00e9c_Formation-DVA-3-1200x675.jpg 1200w, https:\/\/sentiers05.fr\/wp-content\/uploads\/2016\/12\/14-D\u00e9c_Formation-DVA-3.jpg 1440w\" sizes=\"auto, (max-width: 584px) 85vw, 584px\" \/><\/a><\/span><\/span><\/p>\n<p><span style=\"margin: 0px; font-family: 'Calibri','sans-serif'; font-size: 14pt;\"><span style=\"color: #000000;\">A cette occasion, chacun a pu mesurer la n\u00e9cessit\u00e9 de passer \u00a0par cet apprentissage avant d\u2019aborder les sorties raquettes.<\/span><\/span><\/p>\n<p><span style=\"margin: 0px; font-family: 'Calibri','sans-serif'; font-size: 14pt;\"><span style=\"color: #000000;\">Loin de nous inqui\u00e9ter sur les dangers toujours possibles du milieu enneig\u00e9, cette journ\u00e9e devrait nous permettre d\u2019aborder avec plus de sang froid et d\u2019efficacit\u00e9 <\/span><\/span><span style=\"margin: 0px; font-family: 'Calibri','sans-serif'; font-size: 14pt;\"><span style=\"color: #000000;\">un incident toujours possible.<\/span><\/span><\/p>\n<p><span style=\"margin: 0px; font-family: 'Calibri','sans-serif'; font-size: 14pt;\"><span style=\"color: #000000;\">Une formation fortement recommand\u00e9e et enti\u00e8rement prise en charge par l\u2019association.<\/span><\/span><\/p>\n<p><span style=\"margin: 0px; font-family: 'Calibri','sans-serif'; font-size: 14pt;\"><span style=\"color: #000000;\">J.Derancourt<\/span><\/span><\/p>\n<p>&nbsp;<\/p>\n<p>&nbsp;<\/p>\n<p>&nbsp;<\/p>\n<p><span style=\"margin: 0px; font-family: 'Arial','sans-serif'; font-size: 10pt;\">\u00a0<\/span><\/p>\n","protected":false},"excerpt":{"rendered":"<p>\u00a0Le 14 d\u00e9cembre, 11 adh\u00e9rents\u00a0 ont pu s\u2019initier au maniement du \u00a0DVA, lors d\u2019une journ\u00e9e Formation neige, organis\u00e9e au col de Vars et conduite avec un grand professionnalisme par un\u00a0 guide de haute montagne.<\/p>\n","protected":false},"author":11,"featured_media":0,"comment_status":"closed","ping_status":"open","sticky":false,"template":"","format":"standard","meta":{"footnotes":""},"categories":[3],"tags":[],"class_list":["post-2692","post","type-post","status-publish","format-standard","hentry","category-randonnee-pedestre"],"_links":{"self":[{"href":"https:\/\/sentiers05.fr\/index.php\/wp-json\/wp\/v2\/posts\/2692","targetHints":{"allow":["GET"]}}],"collection":[{"href":"https:\/\/sentiers05.fr\/index.php\/wp-json\/wp\/v2\/posts"}],"about":[{"href":"https:\/\/sentiers05.fr\/index.php\/wp-json\/wp\/v2\/types\/post"}],"author":[{"embeddable":true,"href":"https:\/\/sentiers05.fr\/index.php\/wp-json\/wp\/v2\/users\/11"}],"replies":[{"embeddable":true,"href":"https:\/\/sentiers05.fr\/index.php\/wp-json\/wp\/v2\/comments?post=2692"}],"version-history":[{"count":24,"href":"https:\/\/sentiers05.fr\/index.php\/wp-json\/wp\/v2\/posts\/2692\/revisions"}],"predecessor-version":[{"id":2720,"href":"https:\/\/sentiers05.fr\/index.php\/wp-json\/wp\/v2\/posts\/2692\/revisions\/2720"}],"wp:attachment":[{"href":"https:\/\/sentiers05.fr\/index.php\/wp-json\/wp\/v2\/media?parent=2692"}],"wp:term":[{"taxonomy":"category","embeddable":true,"href":"https:\/\/sentiers05.fr\/index.php\/wp-json\/wp\/v2\/categories?post=2692"},{"taxonomy":"post_tag","embeddable":true,"href":"https:\/\/sentiers05.fr\/index.php\/wp-json\/wp\/v2\/tags?post=2692"}],"curies":[{"name":"wp","href":"https:\/\/api.w.org\/{rel}","templated":true}]}}