{"id":2673,"date":"2016-12-08T15:05:21","date_gmt":"2016-12-08T15:05:21","guid":{"rendered":"http:\/\/sentiers05.fr\/?p=2673"},"modified":"2016-12-12T15:11:56","modified_gmt":"2016-12-12T15:11:56","slug":"circuit-lac-de-barbeyroux-maison-de-subeyrannes-belvedere-des-trois-croix","status":"publish","type":"post","link":"https:\/\/sentiers05.fr\/index.php\/2016\/12\/08\/circuit-lac-de-barbeyroux-maison-de-subeyrannes-belvedere-des-trois-croix\/","title":{"rendered":"Circuit: Lac de Barbeyroux, maison de Subeyrannes, belv\u00e9d\u00e8re des Trois Croix"},"content":{"rendered":"<p>Randonn\u00e9e men\u00e9e par Maximilien (dit Max) en compagnie de Marie et Serge, Patricia et Yves, Genevi\u00e8ve et Alain, Jacqueline et Alain, Marit\u00e9, Dominique, Guy, Juliette, le jeudi 8 d\u00e9cembre 2016.<\/p>\n<p><a href=\"https:\/\/sentiers05.fr\/wp-content\/uploads\/2016\/12\/20161208_103621-e1481553843662.jpg\"><img loading=\"lazy\" decoding=\"async\" class=\"aligncenter size-large wp-image-2676\" src=\"https:\/\/sentiers05.fr\/wp-content\/uploads\/2016\/12\/20161208_103621-584x329.jpg\" alt=\"20161208_103621\" width=\"584\" height=\"329\" \/><\/a><\/p>\n<p>&nbsp;<\/p>\n<p><!--more--><\/p>\n<p>Les treize participants sont partis du hameau des Payas par un beau matin frais mais le soleil les a vite r\u00e9chauff\u00e9s. La classique mont\u00e9e au lac de Barbeyroux alterne pr\u00e9s et bois jusqu\u2019au r\u00e9servoir bien gel\u00e9 dominant la vall\u00e9e du Champsaur.<\/p>\n<p><a href=\"https:\/\/sentiers05.fr\/wp-content\/uploads\/2016\/12\/20161208_100428-e1481553927787.jpg\"><img loading=\"lazy\" decoding=\"async\" class=\"aligncenter size-medium wp-image-2674\" src=\"https:\/\/sentiers05.fr\/wp-content\/uploads\/2016\/12\/20161208_100428-300x169.jpg\" alt=\"20161208_100428\" width=\"300\" height=\"169\" \/><\/a><\/p>\n<p>&nbsp;<\/p>\n<p>Les reflets dans l\u2019eau et la glace attirent les photographes tandis que l\u2019\u00e9trange son, court mais strident de la glace qui craque surprend tout le monde.<\/p>\n<p><a href=\"https:\/\/sentiers05.fr\/wp-content\/uploads\/2016\/12\/20161208_100636.jpg\"><img loading=\"lazy\" decoding=\"async\" class=\"aligncenter size-medium wp-image-2675\" src=\"https:\/\/sentiers05.fr\/wp-content\/uploads\/2016\/12\/20161208_100636-300x169.jpg\" alt=\"20161208_100636\" width=\"300\" height=\"169\" srcset=\"https:\/\/sentiers05.fr\/wp-content\/uploads\/2016\/12\/20161208_100636-300x169.jpg 300w, https:\/\/sentiers05.fr\/wp-content\/uploads\/2016\/12\/20161208_100636-584x329.jpg 584w, https:\/\/sentiers05.fr\/wp-content\/uploads\/2016\/12\/20161208_100636-1200x675.jpg 1200w\" sizes=\"auto, (max-width: 300px) 85vw, 300px\" \/><\/a><\/p>\n<p>&nbsp;<\/p>\n<p>Le groupe s\u2019arr\u00eate au panneau de l\u2019ONF pour casser la croute.<\/p>\n<p>La promenade se poursuit, le plus souvent dans la for\u00eat, jusqu\u2019\u00e0 midi et l\u2019arriv\u00e9e \u00e0 la maison foresti\u00e8re de Subeyranne. Tr\u00e8s vite tout le monde s\u2019installe pour le repas\u00a0; autour d\u2019une table pour les plus privil\u00e9gi\u00e9s.<\/p>\n<p><a href=\"https:\/\/sentiers05.fr\/wp-content\/uploads\/2016\/12\/20161208_120224-e1481554184797.jpg\"><img loading=\"lazy\" decoding=\"async\" class=\"aligncenter size-medium wp-image-2677\" src=\"https:\/\/sentiers05.fr\/wp-content\/uploads\/2016\/12\/20161208_120224-300x169.jpg\" alt=\"20161208_120224\" width=\"300\" height=\"169\" \/><\/a><\/p>\n<p>Une heure plus tard nous repartons \u00e0 destination de la chapelle des P\u00e9t\u00eates, class\u00e9e monument historique, avec son autel du XVII\u00e8 si\u00e8cle, que nous apercevons depuis la fen\u00eatre.<\/p>\n<p><a href=\"https:\/\/sentiers05.fr\/wp-content\/uploads\/2016\/12\/20161208_143222-e1481554279659.jpg\"><img loading=\"lazy\" decoding=\"async\" class=\"aligncenter size-medium wp-image-2679\" src=\"https:\/\/sentiers05.fr\/wp-content\/uploads\/2016\/12\/20161208_143222-e1481554279659-169x300.jpg\" alt=\"20161208_143222\" width=\"169\" height=\"300\" srcset=\"https:\/\/sentiers05.fr\/wp-content\/uploads\/2016\/12\/20161208_143222-e1481554279659-169x300.jpg 169w, https:\/\/sentiers05.fr\/wp-content\/uploads\/2016\/12\/20161208_143222-e1481554279659-328x584.jpg 328w, https:\/\/sentiers05.fr\/wp-content\/uploads\/2016\/12\/20161208_143222-e1481554279659.jpg 731w\" sizes=\"auto, (max-width: 169px) 85vw, 169px\" \/><\/a><\/p>\n<p>Les champsaurins du groupe nous en disent plus sur son histoire&#8230; sans se faire prier!<\/p>\n<p><a href=\"https:\/\/sentiers05.fr\/wp-content\/uploads\/2016\/12\/20161208_143304-e1481555018229.jpg\"><img loading=\"lazy\" decoding=\"async\" class=\"aligncenter size-medium wp-image-2680\" src=\"https:\/\/sentiers05.fr\/wp-content\/uploads\/2016\/12\/20161208_143304-e1481555018229-169x300.jpg\" alt=\"20161208_143304\" width=\"169\" height=\"300\" srcset=\"https:\/\/sentiers05.fr\/wp-content\/uploads\/2016\/12\/20161208_143304-e1481555018229-169x300.jpg 169w, https:\/\/sentiers05.fr\/wp-content\/uploads\/2016\/12\/20161208_143304-e1481555018229-328x584.jpg 328w, https:\/\/sentiers05.fr\/wp-content\/uploads\/2016\/12\/20161208_143304-e1481555018229.jpg 731w\" sizes=\"auto, (max-width: 169px) 85vw, 169px\" \/><\/a><\/p>\n<p>&nbsp;<\/p>\n<p>Nous repartons par la route pour rejoindre le belv\u00e9d\u00e8re des Trois croix et admirer une derni\u00e8re fois la vall\u00e9e du Haut Drac apr\u00e8s avoir parcouru 15 km et grimp\u00e9 650 m en cinq heures.<\/p>\n","protected":false},"excerpt":{"rendered":"<p>Randonn\u00e9e men\u00e9e par Maximilien (dit Max) en compagnie de Marie et Serge, Patricia et Yves, Genevi\u00e8ve et Alain, Jacqueline et Alain, Marit\u00e9, Dominique, Guy, Juliette, le jeudi 8 d\u00e9cembre 2016. &nbsp;<\/p>\n","protected":false},"author":11,"featured_media":0,"comment_status":"closed","ping_status":"open","sticky":false,"template":"","format":"standard","meta":{"footnotes":""},"categories":[3],"tags":[],"class_list":["post-2673","post","type-post","status-publish","format-standard","hentry","category-randonnee-pedestre"],"_links":{"self":[{"href":"https:\/\/sentiers05.fr\/index.php\/wp-json\/wp\/v2\/posts\/2673","targetHints":{"allow":["GET"]}}],"collection":[{"href":"https:\/\/sentiers05.fr\/index.php\/wp-json\/wp\/v2\/posts"}],"about":[{"href":"https:\/\/sentiers05.fr\/index.php\/wp-json\/wp\/v2\/types\/post"}],"author":[{"embeddable":true,"href":"https:\/\/sentiers05.fr\/index.php\/wp-json\/wp\/v2\/users\/11"}],"replies":[{"embeddable":true,"href":"https:\/\/sentiers05.fr\/index.php\/wp-json\/wp\/v2\/comments?post=2673"}],"version-history":[{"count":3,"href":"https:\/\/sentiers05.fr\/index.php\/wp-json\/wp\/v2\/posts\/2673\/revisions"}],"predecessor-version":[{"id":2683,"href":"https:\/\/sentiers05.fr\/index.php\/wp-json\/wp\/v2\/posts\/2673\/revisions\/2683"}],"wp:attachment":[{"href":"https:\/\/sentiers05.fr\/index.php\/wp-json\/wp\/v2\/media?parent=2673"}],"wp:term":[{"taxonomy":"category","embeddable":true,"href":"https:\/\/sentiers05.fr\/index.php\/wp-json\/wp\/v2\/categories?post=2673"},{"taxonomy":"post_tag","embeddable":true,"href":"https:\/\/sentiers05.fr\/index.php\/wp-json\/wp\/v2\/tags?post=2673"}],"curies":[{"name":"wp","href":"https:\/\/api.w.org\/{rel}","templated":true}]}}