{"id":1819,"date":"2016-06-25T17:04:40","date_gmt":"2016-06-25T17:04:40","guid":{"rendered":"http:\/\/sentiers05.fr\/?p=1819"},"modified":"2016-07-10T04:16:30","modified_gmt":"2016-07-10T04:16:30","slug":"fete-de-la-rando-cabane-de-moutet","status":"publish","type":"post","link":"https:\/\/sentiers05.fr\/index.php\/2016\/06\/25\/fete-de-la-rando-cabane-de-moutet\/","title":{"rendered":"F\u00eate de la Rando &#8211; Cabane de Moutet"},"content":{"rendered":"<p><a href=\"https:\/\/sentiers05.fr\/wp-content\/uploads\/2016\/07\/3171.jpg\"><img loading=\"lazy\" decoding=\"async\" class=\"aligncenter size-thumbnail wp-image-1844\" src=\"https:\/\/sentiers05.fr\/wp-content\/uploads\/2016\/07\/3171-200x200.jpg\" alt=\"3171\" width=\"200\" height=\"200\" \/><\/a>F\u00eate de la Rando le samedi 25 juin \u00e0 Notre-Dame de Bois Vert, circuit de la Cabane de Moutet.<!--more--><\/p>\n<p>D\u00e9part \u00e0 8h15 de ND de Bois Vert \u00e0 1200m, apr\u00e8s un temps d&rsquo;accueil avec une petite collation.<br \/>\nNous montons par un agr\u00e9able sentier qui serpente dans la for\u00eat de m\u00e9l\u00e8zes, puis nous traversons un passage dans la falaise. Une multitude de fleurs borde le chemin : h\u00e9lianth\u00e8mes, asters,<\/p>\n<div id='gallery-1' class='gallery galleryid-1819 gallery-columns-2 gallery-size-medium'><figure class='gallery-item'>\n\t\t\t<div class='gallery-icon landscape'>\n\t\t\t\t<a href='https:\/\/sentiers05.fr\/wp-content\/uploads\/2016\/07\/3151.jpg'><img loading=\"lazy\" decoding=\"async\" width=\"300\" height=\"224\" src=\"https:\/\/sentiers05.fr\/wp-content\/uploads\/2016\/07\/3151-300x224.jpg\" class=\"attachment-medium size-medium\" alt=\"\" srcset=\"https:\/\/sentiers05.fr\/wp-content\/uploads\/2016\/07\/3151-300x224.jpg 300w, https:\/\/sentiers05.fr\/wp-content\/uploads\/2016\/07\/3151-584x436.jpg 584w, https:\/\/sentiers05.fr\/wp-content\/uploads\/2016\/07\/3151.jpg 1037w\" sizes=\"auto, (max-width: 300px) 85vw, 300px\" \/><\/a>\n\t\t\t<\/div><\/figure><figure class='gallery-item'>\n\t\t\t<div class='gallery-icon landscape'>\n\t\t\t\t<a href='https:\/\/sentiers05.fr\/wp-content\/uploads\/2016\/07\/3150.jpg'><img loading=\"lazy\" decoding=\"async\" width=\"300\" height=\"224\" src=\"https:\/\/sentiers05.fr\/wp-content\/uploads\/2016\/07\/3150-300x224.jpg\" class=\"attachment-medium size-medium\" alt=\"\" srcset=\"https:\/\/sentiers05.fr\/wp-content\/uploads\/2016\/07\/3150-300x224.jpg 300w, https:\/\/sentiers05.fr\/wp-content\/uploads\/2016\/07\/3150-584x436.jpg 584w, https:\/\/sentiers05.fr\/wp-content\/uploads\/2016\/07\/3150.jpg 1037w\" sizes=\"auto, (max-width: 300px) 85vw, 300px\" \/><\/a>\n\t\t\t<\/div><\/figure>\n\t\t<\/div>\n\n<p>lys orang\u00e9, mufliers&#8230;&#8230;&#8230;<\/p>\n<div id='gallery-2' class='gallery galleryid-1819 gallery-columns-2 gallery-size-medium'><figure class='gallery-item'>\n\t\t\t<div class='gallery-icon portrait'>\n\t\t\t\t<a href='https:\/\/sentiers05.fr\/wp-content\/uploads\/2016\/07\/3168.jpg'><img loading=\"lazy\" decoding=\"async\" width=\"224\" height=\"300\" src=\"https:\/\/sentiers05.fr\/wp-content\/uploads\/2016\/07\/3168-224x300.jpg\" class=\"attachment-medium size-medium\" alt=\"\" srcset=\"https:\/\/sentiers05.fr\/wp-content\/uploads\/2016\/07\/3168-224x300.jpg 224w, https:\/\/sentiers05.fr\/wp-content\/uploads\/2016\/07\/3168-437x584.jpg 437w, https:\/\/sentiers05.fr\/wp-content\/uploads\/2016\/07\/3168.jpg 728w\" sizes=\"auto, (max-width: 224px) 85vw, 224px\" \/><\/a>\n\t\t\t<\/div><\/figure><figure class='gallery-item'>\n\t\t\t<div class='gallery-icon portrait'>\n\t\t\t\t<a href='https:\/\/sentiers05.fr\/wp-content\/uploads\/2016\/07\/3169.jpg'><img loading=\"lazy\" decoding=\"async\" width=\"224\" height=\"300\" src=\"https:\/\/sentiers05.fr\/wp-content\/uploads\/2016\/07\/3169-224x300.jpg\" class=\"attachment-medium size-medium\" alt=\"\" srcset=\"https:\/\/sentiers05.fr\/wp-content\/uploads\/2016\/07\/3169-224x300.jpg 224w, https:\/\/sentiers05.fr\/wp-content\/uploads\/2016\/07\/3169-436x584.jpg 436w, https:\/\/sentiers05.fr\/wp-content\/uploads\/2016\/07\/3169.jpg 775w\" sizes=\"auto, (max-width: 224px) 85vw, 224px\" \/><\/a>\n\t\t\t<\/div><\/figure>\n\t\t<\/div>\n\n<p>La vue est d\u00e9gag\u00e9e sur la vall\u00e9e. Nous admirons le magnifique paysage.<a href=\"https:\/\/sentiers05.fr\/wp-content\/uploads\/2016\/07\/3159.jpg\"><img loading=\"lazy\" decoding=\"async\" class=\"aligncenter size-large wp-image-1840\" src=\"https:\/\/sentiers05.fr\/wp-content\/uploads\/2016\/07\/3159-584x436.jpg\" alt=\"3159\" width=\"584\" height=\"436\" srcset=\"https:\/\/sentiers05.fr\/wp-content\/uploads\/2016\/07\/3159-584x436.jpg 584w, https:\/\/sentiers05.fr\/wp-content\/uploads\/2016\/07\/3159-300x224.jpg 300w, https:\/\/sentiers05.fr\/wp-content\/uploads\/2016\/07\/3159.jpg 1037w\" sizes=\"auto, (max-width: 584px) 85vw, 584px\" \/><\/a><a href=\"https:\/\/sentiers05.fr\/wp-content\/uploads\/2016\/07\/3158.jpg\"><img loading=\"lazy\" decoding=\"async\" class=\"aligncenter size-large wp-image-1839\" src=\"https:\/\/sentiers05.fr\/wp-content\/uploads\/2016\/07\/3158-584x436.jpg\" alt=\"3158\" width=\"584\" height=\"436\" srcset=\"https:\/\/sentiers05.fr\/wp-content\/uploads\/2016\/07\/3158-584x436.jpg 584w, https:\/\/sentiers05.fr\/wp-content\/uploads\/2016\/07\/3158-300x224.jpg 300w, https:\/\/sentiers05.fr\/wp-content\/uploads\/2016\/07\/3158.jpg 1037w\" sizes=\"auto, (max-width: 584px) 85vw, 584px\" \/><\/a>Arriv\u00e9s \u00e0 la Cabane de Moutet vers 10h30 (1842m) nous faisons une pause un peu plus haut pour b\u00e9n\u00e9ficier de la vue.<br \/>\nLe retour s&rsquo;effectue par le m\u00eame chemin.<a href=\"https:\/\/sentiers05.fr\/wp-content\/uploads\/2016\/07\/3157.jpg\"><img loading=\"lazy\" decoding=\"async\" class=\"aligncenter size-large wp-image-1838\" src=\"https:\/\/sentiers05.fr\/wp-content\/uploads\/2016\/07\/3157-584x436.jpg\" alt=\"3157\" width=\"584\" height=\"436\" srcset=\"https:\/\/sentiers05.fr\/wp-content\/uploads\/2016\/07\/3157-584x436.jpg 584w, https:\/\/sentiers05.fr\/wp-content\/uploads\/2016\/07\/3157-300x224.jpg 300w, https:\/\/sentiers05.fr\/wp-content\/uploads\/2016\/07\/3157.jpg 1037w\" sizes=\"auto, (max-width: 584px) 85vw, 584px\" \/><\/a><a href=\"https:\/\/sentiers05.fr\/wp-content\/uploads\/2016\/07\/3160.jpg\"><img loading=\"lazy\" decoding=\"async\" class=\"aligncenter size-large wp-image-1841\" src=\"https:\/\/sentiers05.fr\/wp-content\/uploads\/2016\/07\/3160-584x437.jpg\" alt=\"3160\" width=\"584\" height=\"437\" srcset=\"https:\/\/sentiers05.fr\/wp-content\/uploads\/2016\/07\/3160-584x437.jpg 584w, https:\/\/sentiers05.fr\/wp-content\/uploads\/2016\/07\/3160-300x224.jpg 300w, https:\/\/sentiers05.fr\/wp-content\/uploads\/2016\/07\/3160.jpg 1002w\" sizes=\"auto, (max-width: 584px) 85vw, 584px\" \/><\/a>Nous retrouvons les autres groupes \u00e0 midi pour partager un pique-nique amical bien app\u00e9tissant, offert par le CDRP05.<br \/>\nMerci pour cette heureuse initiative qui permet de revoir des amis ou de lier connaissance avec d&rsquo;autres randonneurs adh\u00e9rents \u00e0 des clubs diff\u00e9rents.<\/p>\n","protected":false},"excerpt":{"rendered":"<p>F\u00eate de la Rando le samedi 25 juin \u00e0 Notre-Dame de Bois Vert, circuit de la Cabane de Moutet.<\/p>\n","protected":false},"author":6,"featured_media":0,"comment_status":"closed","ping_status":"open","sticky":false,"template":"","format":"standard","meta":{"footnotes":""},"categories":[3,5],"tags":[],"class_list":["post-1819","post","type-post","status-publish","format-standard","hentry","category-randonnee-pedestre","category-rencontres"],"_links":{"self":[{"href":"https:\/\/sentiers05.fr\/index.php\/wp-json\/wp\/v2\/posts\/1819","targetHints":{"allow":["GET"]}}],"collection":[{"href":"https:\/\/sentiers05.fr\/index.php\/wp-json\/wp\/v2\/posts"}],"about":[{"href":"https:\/\/sentiers05.fr\/index.php\/wp-json\/wp\/v2\/types\/post"}],"author":[{"embeddable":true,"href":"https:\/\/sentiers05.fr\/index.php\/wp-json\/wp\/v2\/users\/6"}],"replies":[{"embeddable":true,"href":"https:\/\/sentiers05.fr\/index.php\/wp-json\/wp\/v2\/comments?post=1819"}],"version-history":[{"count":5,"href":"https:\/\/sentiers05.fr\/index.php\/wp-json\/wp\/v2\/posts\/1819\/revisions"}],"predecessor-version":[{"id":1880,"href":"https:\/\/sentiers05.fr\/index.php\/wp-json\/wp\/v2\/posts\/1819\/revisions\/1880"}],"wp:attachment":[{"href":"https:\/\/sentiers05.fr\/index.php\/wp-json\/wp\/v2\/media?parent=1819"}],"wp:term":[{"taxonomy":"category","embeddable":true,"href":"https:\/\/sentiers05.fr\/index.php\/wp-json\/wp\/v2\/categories?post=1819"},{"taxonomy":"post_tag","embeddable":true,"href":"https:\/\/sentiers05.fr\/index.php\/wp-json\/wp\/v2\/tags?post=1819"}],"curies":[{"name":"wp","href":"https:\/\/api.w.org\/{rel}","templated":true}]}}