{"id":15955,"date":"2026-04-04T01:33:03","date_gmt":"2026-04-03T23:33:03","guid":{"rendered":"https:\/\/sentiers05.fr\/?p=15955"},"modified":"2026-04-14T07:04:12","modified_gmt":"2026-04-14T05:04:12","slug":"la-montagne-daujour-par-villelongue","status":"publish","type":"post","link":"https:\/\/sentiers05.fr\/index.php\/2026\/04\/04\/la-montagne-daujour-par-villelongue\/","title":{"rendered":"La Montagne d&rsquo;Aujour par Villelongue"},"content":{"rendered":"\n<figure class=\"wp-block-image size-large\"><img loading=\"lazy\" decoding=\"async\" width=\"584\" height=\"192\" src=\"https:\/\/sentiers05.fr\/wp-content\/uploads\/2026\/04\/Capture-decran-du-2026-04-06-01-13-21-584x192.png\" alt=\"\" class=\"wp-image-15958\" srcset=\"https:\/\/sentiers05.fr\/wp-content\/uploads\/2026\/04\/Capture-decran-du-2026-04-06-01-13-21-584x192.png 584w, https:\/\/sentiers05.fr\/wp-content\/uploads\/2026\/04\/Capture-decran-du-2026-04-06-01-13-21-300x98.png 300w, https:\/\/sentiers05.fr\/wp-content\/uploads\/2026\/04\/Capture-decran-du-2026-04-06-01-13-21-1200x394.png 1200w, https:\/\/sentiers05.fr\/wp-content\/uploads\/2026\/04\/Capture-decran-du-2026-04-06-01-13-21.png 1295w\" sizes=\"auto, (max-width: 584px) 85vw, 584px\" \/><\/figure>\n\n\n\n<p class=\"has-text-align-center\"><\/p>\n\n\n\n<p>Ce samedi 4 avril, seulement trois randonneurs ont relev\u00e9 le d\u00e9fi de s&rsquo;approcher du sommet de la Montagne d&rsquo;Aujour en partant de Villelongue.  Un jour inhabituel, la veille de P\u00e2ques, pour une rando de niveau 4, avec l&rsquo;objectif de monter jusqu&rsquo;o\u00f9 la neige nous permettra d&rsquo;aller.<\/p>\n\n\n\n<p class=\"has-text-align-center\">Nous arriverons \u00e0 la faille o\u00f9 nous avons rencontr\u00e9 la neige. <\/p>\n\n\n\n<!--more-->\n\n\n\n<p>(14km, d\u00e9nivel\u00e9 cumul\u00e9 1230m, altitude max 1808m, niveau 4, IBP=119)<\/p>\n\n\n\n<figure class=\"wp-block-image size-large\"><img loading=\"lazy\" decoding=\"async\" width=\"584\" height=\"329\" src=\"https:\/\/sentiers05.fr\/wp-content\/uploads\/2026\/04\/20260404_112133-584x329.jpg\" alt=\"\" class=\"wp-image-15963\" srcset=\"https:\/\/sentiers05.fr\/wp-content\/uploads\/2026\/04\/20260404_112133-584x329.jpg 584w, https:\/\/sentiers05.fr\/wp-content\/uploads\/2026\/04\/20260404_112133-300x169.jpg 300w, https:\/\/sentiers05.fr\/wp-content\/uploads\/2026\/04\/20260404_112133-1536x864.jpg 1536w, https:\/\/sentiers05.fr\/wp-content\/uploads\/2026\/04\/20260404_112133-2048x1152.jpg 2048w, https:\/\/sentiers05.fr\/wp-content\/uploads\/2026\/04\/20260404_112133-1200x675.jpg 1200w\" sizes=\"auto, (max-width: 584px) 85vw, 584px\" \/><\/figure>\n\n\n\n<p>Aujourd&rsquo;hui nous mettons le cap sur la montagne d &lsquo;Aujour. Un peu de route nous attend pour rejoindre Villelongue\/Savournon mais nous ne sommes que trois randonneurs motiv\u00e9s ! En plus, nous sommes chanceux, le soleil est au rendez-vous, le ciel bleu et la&nbsp; chaleur nous tendent les bras. La premi\u00e8re \u00e9tape de notre randonn\u00e9e se fait au d\u00e9part de l \u00e9glise. La mont\u00e9e&nbsp; est caillouteuse jusqu&rsquo;au col de l &lsquo;Armande avec des vues de cartes postales sur le Mont Ventoux et le Pic de Bure,c&rsquo;est le&nbsp; bon moment pour faire une petite pose bien m\u00e9rit\u00e9e et reprendre quelques&nbsp; forces. <\/p>\n\n\n\n<div class=\"wp-block-columns is-layout-flex wp-container-core-columns-is-layout-9d6595d7 wp-block-columns-is-layout-flex\">\n<div class=\"wp-block-column is-layout-flow wp-block-column-is-layout-flow\">\n<figure class=\"wp-block-image size-large\"><img loading=\"lazy\" decoding=\"async\" width=\"329\" height=\"584\" src=\"https:\/\/sentiers05.fr\/wp-content\/uploads\/2026\/04\/20260404_094408-329x584.jpg\" alt=\"\" class=\"wp-image-15977\" srcset=\"https:\/\/sentiers05.fr\/wp-content\/uploads\/2026\/04\/20260404_094408-329x584.jpg 329w, https:\/\/sentiers05.fr\/wp-content\/uploads\/2026\/04\/20260404_094408-169x300.jpg 169w, https:\/\/sentiers05.fr\/wp-content\/uploads\/2026\/04\/20260404_094408-864x1536.jpg 864w, https:\/\/sentiers05.fr\/wp-content\/uploads\/2026\/04\/20260404_094408-1152x2048.jpg 1152w, https:\/\/sentiers05.fr\/wp-content\/uploads\/2026\/04\/20260404_094408-1200x2133.jpg 1200w, https:\/\/sentiers05.fr\/wp-content\/uploads\/2026\/04\/20260404_094408-scaled.jpg 1440w\" sizes=\"auto, (max-width: 329px) 85vw, 329px\" \/><\/figure>\n<\/div>\n\n\n\n<div class=\"wp-block-column is-layout-flow wp-block-column-is-layout-flow\">\n<figure class=\"wp-block-image size-large\"><img loading=\"lazy\" decoding=\"async\" width=\"329\" height=\"584\" src=\"https:\/\/sentiers05.fr\/wp-content\/uploads\/2026\/04\/20260404_114207-329x584.jpg\" alt=\"\" class=\"wp-image-15979\" srcset=\"https:\/\/sentiers05.fr\/wp-content\/uploads\/2026\/04\/20260404_114207-329x584.jpg 329w, https:\/\/sentiers05.fr\/wp-content\/uploads\/2026\/04\/20260404_114207-169x300.jpg 169w, https:\/\/sentiers05.fr\/wp-content\/uploads\/2026\/04\/20260404_114207-864x1536.jpg 864w, https:\/\/sentiers05.fr\/wp-content\/uploads\/2026\/04\/20260404_114207-1152x2048.jpg 1152w, https:\/\/sentiers05.fr\/wp-content\/uploads\/2026\/04\/20260404_114207-1200x2133.jpg 1200w, https:\/\/sentiers05.fr\/wp-content\/uploads\/2026\/04\/20260404_114207-scaled.jpg 1440w\" sizes=\"auto, (max-width: 329px) 85vw, 329px\" \/><\/figure>\n<\/div>\n<\/div>\n\n\n\n<div class=\"wp-block-columns is-layout-flex wp-container-core-columns-is-layout-9d6595d7 wp-block-columns-is-layout-flex\">\n<div class=\"wp-block-column is-layout-flow wp-block-column-is-layout-flow\">\n<p>\u00c7a y est,&nbsp; il est d\u00e9j\u00e0 temps d&rsquo;attaquer la deuxi\u00e8me ascension : la montagne d&rsquo; Aujour et sa magnifique br\u00e8che. Une mont\u00e9e l\u00e9g\u00e8rement moins abrupte que la premi\u00e8re. Les paysages sont magnifiques et les sommets s&rsquo;\u00e9talent \u00e0 perte de vue. <\/p>\n<\/div>\n\n\n\n<div class=\"wp-block-column is-layout-flow wp-block-column-is-layout-flow\">\n<figure class=\"wp-block-image size-large\"><img loading=\"lazy\" decoding=\"async\" width=\"584\" height=\"329\" src=\"https:\/\/sentiers05.fr\/wp-content\/uploads\/2026\/04\/20260404_113523-584x329.jpg\" alt=\"\" class=\"wp-image-15980\" srcset=\"https:\/\/sentiers05.fr\/wp-content\/uploads\/2026\/04\/20260404_113523-584x329.jpg 584w, https:\/\/sentiers05.fr\/wp-content\/uploads\/2026\/04\/20260404_113523-300x169.jpg 300w, https:\/\/sentiers05.fr\/wp-content\/uploads\/2026\/04\/20260404_113523-1536x864.jpg 1536w, https:\/\/sentiers05.fr\/wp-content\/uploads\/2026\/04\/20260404_113523-2048x1152.jpg 2048w, https:\/\/sentiers05.fr\/wp-content\/uploads\/2026\/04\/20260404_113523-1200x675.jpg 1200w\" sizes=\"auto, (max-width: 584px) 85vw, 584px\" \/><\/figure>\n<\/div>\n<\/div>\n\n\n\n<figure class=\"wp-block-image size-large\"><img loading=\"lazy\" decoding=\"async\" width=\"584\" height=\"329\" src=\"https:\/\/sentiers05.fr\/wp-content\/uploads\/2026\/04\/20260404_121451-584x329.jpg\" alt=\"\" class=\"wp-image-15960\" srcset=\"https:\/\/sentiers05.fr\/wp-content\/uploads\/2026\/04\/20260404_121451-584x329.jpg 584w, https:\/\/sentiers05.fr\/wp-content\/uploads\/2026\/04\/20260404_121451-300x169.jpg 300w, https:\/\/sentiers05.fr\/wp-content\/uploads\/2026\/04\/20260404_121451-1536x864.jpg 1536w, https:\/\/sentiers05.fr\/wp-content\/uploads\/2026\/04\/20260404_121451-2048x1152.jpg 2048w, https:\/\/sentiers05.fr\/wp-content\/uploads\/2026\/04\/20260404_121451-1200x675.jpg 1200w\" sizes=\"auto, (max-width: 584px) 85vw, 584px\" \/><\/figure>\n\n\n\n<p>En fin de matin\u00e9e nous nous d\u00e9cidons a prendre le chemin du retour afin&nbsp; de trouver un endroit ensoleill\u00e9 pour d\u00e9jeuner, notre ventre commence \u00e0 crier famine apr\u00e8s&nbsp; toutes ces calories d\u00e9pens\u00e9es. <\/p>\n\n\n\n<div class=\"wp-block-columns is-layout-flex wp-container-core-columns-is-layout-9d6595d7 wp-block-columns-is-layout-flex\">\n<div class=\"wp-block-column is-layout-flow wp-block-column-is-layout-flow\">\n<figure class=\"wp-block-image size-large\"><img loading=\"lazy\" decoding=\"async\" width=\"329\" height=\"584\" src=\"https:\/\/sentiers05.fr\/wp-content\/uploads\/2026\/04\/20260404_121443-329x584.jpg\" alt=\"\" class=\"wp-image-15981\" srcset=\"https:\/\/sentiers05.fr\/wp-content\/uploads\/2026\/04\/20260404_121443-329x584.jpg 329w, https:\/\/sentiers05.fr\/wp-content\/uploads\/2026\/04\/20260404_121443-169x300.jpg 169w, https:\/\/sentiers05.fr\/wp-content\/uploads\/2026\/04\/20260404_121443-864x1536.jpg 864w, https:\/\/sentiers05.fr\/wp-content\/uploads\/2026\/04\/20260404_121443-1152x2048.jpg 1152w, https:\/\/sentiers05.fr\/wp-content\/uploads\/2026\/04\/20260404_121443-1200x2133.jpg 1200w, https:\/\/sentiers05.fr\/wp-content\/uploads\/2026\/04\/20260404_121443-scaled.jpg 1440w\" sizes=\"auto, (max-width: 329px) 85vw, 329px\" \/><\/figure>\n<\/div>\n\n\n\n<div class=\"wp-block-column is-layout-flow wp-block-column-is-layout-flow\">\n<figure class=\"wp-block-image size-large\"><img loading=\"lazy\" decoding=\"async\" width=\"329\" height=\"584\" src=\"https:\/\/sentiers05.fr\/wp-content\/uploads\/2026\/04\/20260404_121626-329x584.jpg\" alt=\"\" class=\"wp-image-15982\" srcset=\"https:\/\/sentiers05.fr\/wp-content\/uploads\/2026\/04\/20260404_121626-329x584.jpg 329w, https:\/\/sentiers05.fr\/wp-content\/uploads\/2026\/04\/20260404_121626-169x300.jpg 169w, https:\/\/sentiers05.fr\/wp-content\/uploads\/2026\/04\/20260404_121626-864x1536.jpg 864w, https:\/\/sentiers05.fr\/wp-content\/uploads\/2026\/04\/20260404_121626-1152x2048.jpg 1152w, https:\/\/sentiers05.fr\/wp-content\/uploads\/2026\/04\/20260404_121626-1200x2133.jpg 1200w, https:\/\/sentiers05.fr\/wp-content\/uploads\/2026\/04\/20260404_121626-scaled.jpg 1440w\" sizes=\"auto, (max-width: 329px) 85vw, 329px\" \/><\/figure>\n<\/div>\n<\/div>\n\n\n\n<p>Nous avons de la compagnie, deux planeurs blancs survolent les environs en basse altitude et font&nbsp; des cercles dans le ciel bleu au-dessus de nos t\u00eates. Il est temps de reprendre notre descente un peu laborieuse jusqu&rsquo;au village qui se rapproche&nbsp; lentement. Nous terminons fatigu\u00e9s mais la t\u00eate remplie de belles images.&nbsp;<\/p>\n\n\n\n<p>En r\u00e9sum\u00e9, une excellente randonn\u00e9e.&nbsp;<\/p>\n\n\n\n<p>Texte : Jean Luc   Photos les trois participants<\/p>\n\n\n\n<div class=\"wp-block-columns is-layout-flex wp-container-core-columns-is-layout-9d6595d7 wp-block-columns-is-layout-flex\">\n<div class=\"wp-block-column is-layout-flow wp-block-column-is-layout-flow\">\n<figure class=\"wp-block-image size-large\"><img loading=\"lazy\" decoding=\"async\" width=\"438\" height=\"584\" src=\"https:\/\/sentiers05.fr\/wp-content\/uploads\/2026\/04\/IMG-20260404-WA0007-438x584.jpg\" alt=\"\" class=\"wp-image-15985\" srcset=\"https:\/\/sentiers05.fr\/wp-content\/uploads\/2026\/04\/IMG-20260404-WA0007-438x584.jpg 438w, https:\/\/sentiers05.fr\/wp-content\/uploads\/2026\/04\/IMG-20260404-WA0007-225x300.jpg 225w, https:\/\/sentiers05.fr\/wp-content\/uploads\/2026\/04\/IMG-20260404-WA0007-1152x1536.jpg 1152w, https:\/\/sentiers05.fr\/wp-content\/uploads\/2026\/04\/IMG-20260404-WA0007.jpg 1200w\" sizes=\"auto, (max-width: 438px) 85vw, 438px\" \/><\/figure>\n<\/div>\n\n\n\n<div class=\"wp-block-column is-layout-flow wp-block-column-is-layout-flow\">\n<figure class=\"wp-block-image size-large\"><img loading=\"lazy\" decoding=\"async\" width=\"438\" height=\"584\" src=\"https:\/\/sentiers05.fr\/wp-content\/uploads\/2026\/04\/IMG-20260404-WA0000-438x584.jpg\" alt=\"\" class=\"wp-image-15986\" srcset=\"https:\/\/sentiers05.fr\/wp-content\/uploads\/2026\/04\/IMG-20260404-WA0000-438x584.jpg 438w, https:\/\/sentiers05.fr\/wp-content\/uploads\/2026\/04\/IMG-20260404-WA0000-225x300.jpg 225w, https:\/\/sentiers05.fr\/wp-content\/uploads\/2026\/04\/IMG-20260404-WA0000-1152x1536.jpg 1152w, https:\/\/sentiers05.fr\/wp-content\/uploads\/2026\/04\/IMG-20260404-WA0000.jpg 1200w\" sizes=\"auto, (max-width: 438px) 85vw, 438px\" \/><\/figure>\n<\/div>\n<\/div>\n","protected":false},"excerpt":{"rendered":"<p>Ce samedi 4 avril, seulement trois randonneurs ont relev\u00e9 le d\u00e9fi de s&rsquo;approcher du sommet de la Montagne d&rsquo;Aujour en partant de Villelongue. Un jour inhabituel, la veille de P\u00e2ques, pour une rando de niveau 4, avec l&rsquo;objectif de monter jusqu&rsquo;o\u00f9 la neige nous permettra d&rsquo;aller. Nous arriverons \u00e0 la faille o\u00f9 nous avons rencontr\u00e9 &hellip; <a href=\"https:\/\/sentiers05.fr\/index.php\/2026\/04\/04\/la-montagne-daujour-par-villelongue\/\" class=\"more-link\">Continuer la lecture<span class=\"screen-reader-text\"> de &laquo;&nbsp;La Montagne d&rsquo;Aujour par Villelongue&nbsp;&raquo;<\/span><\/a><\/p>\n","protected":false},"author":20,"featured_media":0,"comment_status":"closed","ping_status":"open","sticky":false,"template":"","format":"standard","meta":{"footnotes":""},"categories":[3],"tags":[],"class_list":["post-15955","post","type-post","status-publish","format-standard","hentry","category-randonnee-pedestre"],"_links":{"self":[{"href":"https:\/\/sentiers05.fr\/index.php\/wp-json\/wp\/v2\/posts\/15955","targetHints":{"allow":["GET"]}}],"collection":[{"href":"https:\/\/sentiers05.fr\/index.php\/wp-json\/wp\/v2\/posts"}],"about":[{"href":"https:\/\/sentiers05.fr\/index.php\/wp-json\/wp\/v2\/types\/post"}],"author":[{"embeddable":true,"href":"https:\/\/sentiers05.fr\/index.php\/wp-json\/wp\/v2\/users\/20"}],"replies":[{"embeddable":true,"href":"https:\/\/sentiers05.fr\/index.php\/wp-json\/wp\/v2\/comments?post=15955"}],"version-history":[{"count":12,"href":"https:\/\/sentiers05.fr\/index.php\/wp-json\/wp\/v2\/posts\/15955\/revisions"}],"predecessor-version":[{"id":16034,"href":"https:\/\/sentiers05.fr\/index.php\/wp-json\/wp\/v2\/posts\/15955\/revisions\/16034"}],"wp:attachment":[{"href":"https:\/\/sentiers05.fr\/index.php\/wp-json\/wp\/v2\/media?parent=15955"}],"wp:term":[{"taxonomy":"category","embeddable":true,"href":"https:\/\/sentiers05.fr\/index.php\/wp-json\/wp\/v2\/categories?post=15955"},{"taxonomy":"post_tag","embeddable":true,"href":"https:\/\/sentiers05.fr\/index.php\/wp-json\/wp\/v2\/tags?post=15955"}],"curies":[{"name":"wp","href":"https:\/\/api.w.org\/{rel}","templated":true}]}}