{"id":15585,"date":"2026-03-05T18:58:00","date_gmt":"2026-03-05T17:58:00","guid":{"rendered":"https:\/\/sentiers05.fr\/?p=15585"},"modified":"2026-03-16T19:03:06","modified_gmt":"2026-03-16T18:03:06","slug":"la-joue-du-loup-2","status":"publish","type":"post","link":"https:\/\/sentiers05.fr\/index.php\/2026\/03\/05\/la-joue-du-loup-2\/","title":{"rendered":"LA  JOUE  DU  LOUP"},"content":{"rendered":"\n<p>Nous sommes 13 au d\u00e9part de cette sortie raquettes.<\/p>\n\n\n\n<p>D\u00e8s l&rsquo;arriv\u00e9e \u00e0 la station, il faut chausser celles-ci car la neige est tomb\u00e9e abondamment et malgr\u00e9 l&rsquo;exposition de la station, \u00e0 cette heure-l\u00e0, elle est encore bien ferme sous nos pas.<\/p>\n\n\n<div class=\"wp-block-image\">\n<figure class=\"aligncenter size-large\"><img loading=\"lazy\" decoding=\"async\" width=\"440\" height=\"584\" src=\"https:\/\/sentiers05.fr\/wp-content\/uploads\/2026\/03\/01-1-440x584.jpg\" alt=\"\" class=\"wp-image-15616\" srcset=\"https:\/\/sentiers05.fr\/wp-content\/uploads\/2026\/03\/01-1-440x584.jpg 440w, https:\/\/sentiers05.fr\/wp-content\/uploads\/2026\/03\/01-1-226x300.jpg 226w, https:\/\/sentiers05.fr\/wp-content\/uploads\/2026\/03\/01-1-1157x1536.jpg 1157w, https:\/\/sentiers05.fr\/wp-content\/uploads\/2026\/03\/01-1-1542x2048.jpg 1542w, https:\/\/sentiers05.fr\/wp-content\/uploads\/2026\/03\/01-1-1200x1594.jpg 1200w, https:\/\/sentiers05.fr\/wp-content\/uploads\/2026\/03\/01-1-scaled.jpg 1928w\" sizes=\"auto, (max-width: 440px) 85vw, 440px\" \/><\/figure>\n<\/div>\n\n\n<!--more-->\n\n\n\n<p>La colonne monte lentement le long du tapis r\u00e9serv\u00e9 aux petits apprentis skieurs qui sont nombreux, avant de s&rsquo;enfoncer dans un sentier plus ombrag\u00e9. Parisiens et autres vacanciers ont envahi la station.<\/p>\n\n\n\n<figure class=\"wp-block-gallery has-nested-images columns-default is-cropped wp-block-gallery-1 is-layout-flex wp-block-gallery-is-layout-flex\">\n<figure class=\"wp-block-image size-large\"><img loading=\"lazy\" decoding=\"async\" width=\"584\" height=\"440\" data-id=\"15614\" src=\"https:\/\/sentiers05.fr\/wp-content\/uploads\/2026\/03\/02-1-584x440.jpg\" alt=\"\" class=\"wp-image-15614\" srcset=\"https:\/\/sentiers05.fr\/wp-content\/uploads\/2026\/03\/02-1-584x440.jpg 584w, https:\/\/sentiers05.fr\/wp-content\/uploads\/2026\/03\/02-1-300x226.jpg 300w, https:\/\/sentiers05.fr\/wp-content\/uploads\/2026\/03\/02-1-1536x1157.jpg 1536w\" sizes=\"auto, (max-width: 584px) 85vw, 584px\" \/><\/figure>\n\n\n\n<figure class=\"wp-block-image size-large\"><img loading=\"lazy\" decoding=\"async\" width=\"584\" height=\"440\" data-id=\"15605\" src=\"https:\/\/sentiers05.fr\/wp-content\/uploads\/2026\/03\/33-584x440.jpg\" alt=\"\" class=\"wp-image-15605\" srcset=\"https:\/\/sentiers05.fr\/wp-content\/uploads\/2026\/03\/33-584x440.jpg 584w, https:\/\/sentiers05.fr\/wp-content\/uploads\/2026\/03\/33-300x226.jpg 300w, https:\/\/sentiers05.fr\/wp-content\/uploads\/2026\/03\/33-1536x1157.jpg 1536w, https:\/\/sentiers05.fr\/wp-content\/uploads\/2026\/03\/33-2048x1542.jpg 2048w, https:\/\/sentiers05.fr\/wp-content\/uploads\/2026\/03\/33-1200x904.jpg 1200w\" sizes=\"auto, (max-width: 584px) 85vw, 584px\" \/><\/figure>\n<\/figure>\n\n\n\n<p><\/p>\n\n\n\n<p>Notre groupe marque quelques arr\u00eats tant pour d\u00e9couvrir le paysage environnant que pour r\u00e9cup\u00e9rer du souffle.<\/p>\n\n\n\n<figure class=\"wp-block-gallery has-nested-images columns-default is-cropped wp-block-gallery-2 is-layout-flex wp-block-gallery-is-layout-flex\">\n<figure class=\"wp-block-image size-large\"><img loading=\"lazy\" decoding=\"async\" width=\"584\" height=\"440\" data-id=\"15618\" src=\"https:\/\/sentiers05.fr\/wp-content\/uploads\/2026\/03\/PXL_20260305_095543931-584x440.jpg\" alt=\"\" class=\"wp-image-15618\" srcset=\"https:\/\/sentiers05.fr\/wp-content\/uploads\/2026\/03\/PXL_20260305_095543931-584x440.jpg 584w, https:\/\/sentiers05.fr\/wp-content\/uploads\/2026\/03\/PXL_20260305_095543931-300x226.jpg 300w, https:\/\/sentiers05.fr\/wp-content\/uploads\/2026\/03\/PXL_20260305_095543931-1536x1157.jpg 1536w, https:\/\/sentiers05.fr\/wp-content\/uploads\/2026\/03\/PXL_20260305_095543931-2048x1542.jpg 2048w\" sizes=\"auto, (max-width: 584px) 85vw, 584px\" \/><\/figure>\n\n\n\n<figure class=\"wp-block-image size-large\"><img loading=\"lazy\" decoding=\"async\" width=\"510\" height=\"584\" data-id=\"15602\" src=\"https:\/\/sentiers05.fr\/wp-content\/uploads\/2026\/03\/06-1-510x584.jpg\" alt=\"\" class=\"wp-image-15602\" srcset=\"https:\/\/sentiers05.fr\/wp-content\/uploads\/2026\/03\/06-1-510x584.jpg 510w, https:\/\/sentiers05.fr\/wp-content\/uploads\/2026\/03\/06-1-262x300.jpg 262w, https:\/\/sentiers05.fr\/wp-content\/uploads\/2026\/03\/06-1-1341x1536.jpg 1341w, https:\/\/sentiers05.fr\/wp-content\/uploads\/2026\/03\/06-1-1788x2048.jpg 1788w, https:\/\/sentiers05.fr\/wp-content\/uploads\/2026\/03\/06-1-1200x1375.jpg 1200w\" sizes=\"auto, (max-width: 510px) 85vw, 510px\" \/><figcaption class=\"wp-element-caption\">smart<\/figcaption><\/figure>\n<\/figure>\n\n\n\n<p>Il va en falloir car nous partons pour 550 m de d\u00e9nivel\u00e9e, pente douce mais ensoleill\u00e9e o\u00f9 chacun trouve son rythme.<\/p>\n\n\n\n<figure class=\"wp-block-gallery has-nested-images columns-default is-cropped wp-block-gallery-3 is-layout-flex wp-block-gallery-is-layout-flex\">\n<figure class=\"wp-block-image size-large\"><img loading=\"lazy\" decoding=\"async\" width=\"584\" height=\"557\" data-id=\"15600\" src=\"https:\/\/sentiers05.fr\/wp-content\/uploads\/2026\/03\/05-2-584x557.jpg\" alt=\"\" class=\"wp-image-15600\" srcset=\"https:\/\/sentiers05.fr\/wp-content\/uploads\/2026\/03\/05-2-584x557.jpg 584w, https:\/\/sentiers05.fr\/wp-content\/uploads\/2026\/03\/05-2-300x286.jpg 300w, https:\/\/sentiers05.fr\/wp-content\/uploads\/2026\/03\/05-2-1536x1465.jpg 1536w, https:\/\/sentiers05.fr\/wp-content\/uploads\/2026\/03\/05-2-2048x1954.jpg 2048w, https:\/\/sentiers05.fr\/wp-content\/uploads\/2026\/03\/05-2-1200x1145.jpg 1200w\" sizes=\"auto, (max-width: 584px) 85vw, 584px\" \/><figcaption class=\"wp-element-caption\">smart<\/figcaption><\/figure>\n\n\n\n<figure class=\"wp-block-image size-large\"><img loading=\"lazy\" decoding=\"async\" width=\"554\" height=\"584\" data-id=\"15599\" src=\"https:\/\/sentiers05.fr\/wp-content\/uploads\/2026\/03\/14-1-554x584.jpg\" alt=\"\" class=\"wp-image-15599\" srcset=\"https:\/\/sentiers05.fr\/wp-content\/uploads\/2026\/03\/14-1-554x584.jpg 554w, https:\/\/sentiers05.fr\/wp-content\/uploads\/2026\/03\/14-1-285x300.jpg 285w, https:\/\/sentiers05.fr\/wp-content\/uploads\/2026\/03\/14-1-1458x1536.jpg 1458w, https:\/\/sentiers05.fr\/wp-content\/uploads\/2026\/03\/14-1-1944x2048.jpg 1944w, https:\/\/sentiers05.fr\/wp-content\/uploads\/2026\/03\/14-1-1200x1264.jpg 1200w\" sizes=\"auto, (max-width: 554px) 85vw, 554px\" \/><figcaption class=\"wp-element-caption\">smart<\/figcaption><\/figure>\n<\/figure>\n\n\n\n<p><\/p>\n\n\n\n<p>Rapidement, les moins frileux quittent la premi\u00e8re couche, certains  se prot\u00e8gent en \u00e9talant de la cr\u00e8me solaire tandis que d&rsquo;autres passent leur bonnet pour abriter les cr\u00e2nes d\u00e9garnis.<\/p>\n\n\n\n<figure class=\"wp-block-gallery has-nested-images columns-default is-cropped wp-block-gallery-4 is-layout-flex wp-block-gallery-is-layout-flex\">\n<figure class=\"wp-block-image size-large\"><img loading=\"lazy\" decoding=\"async\" width=\"584\" height=\"438\" data-id=\"15608\" src=\"https:\/\/sentiers05.fr\/wp-content\/uploads\/2026\/03\/32-584x438.jpg\" alt=\"\" class=\"wp-image-15608\" srcset=\"https:\/\/sentiers05.fr\/wp-content\/uploads\/2026\/03\/32-584x438.jpg 584w, https:\/\/sentiers05.fr\/wp-content\/uploads\/2026\/03\/32-300x225.jpg 300w, https:\/\/sentiers05.fr\/wp-content\/uploads\/2026\/03\/32-1536x1152.jpg 1536w\" sizes=\"auto, (max-width: 584px) 85vw, 584px\" \/><figcaption class=\"wp-element-caption\">smart<\/figcaption><\/figure>\n\n\n\n<figure class=\"wp-block-image size-large\"><img loading=\"lazy\" decoding=\"async\" width=\"584\" height=\"438\" data-id=\"15607\" src=\"https:\/\/sentiers05.fr\/wp-content\/uploads\/2026\/03\/31-584x438.jpg\" alt=\"\" class=\"wp-image-15607\" srcset=\"https:\/\/sentiers05.fr\/wp-content\/uploads\/2026\/03\/31-584x438.jpg 584w, https:\/\/sentiers05.fr\/wp-content\/uploads\/2026\/03\/31-300x225.jpg 300w, https:\/\/sentiers05.fr\/wp-content\/uploads\/2026\/03\/31-1536x1152.jpg 1536w, https:\/\/sentiers05.fr\/wp-content\/uploads\/2026\/03\/31-2048x1536.jpg 2048w, https:\/\/sentiers05.fr\/wp-content\/uploads\/2026\/03\/31-1200x900.jpg 1200w\" sizes=\"auto, (max-width: 584px) 85vw, 584px\" \/><figcaption class=\"wp-element-caption\">smart<\/figcaption><\/figure>\n<\/figure>\n\n\n\n<p><\/p>\n\n\n\n<p>Nous traversons des espaces silencieux, \u00e9loign\u00e9s des pistes. Quelques sapins \u00e9mergent de l&rsquo;\u00e9paisse couche de neige \u00e9tincelante. On suit la trace laiss\u00e9e par nos pr\u00e9d\u00e9cesseurs. Les sables qui ont travers\u00e9 la M\u00e9diterran\u00e9e ces derniers jours donnent aux paysages une allure fantasmagorique et une lumi\u00e8re tamis\u00e9e, \u00e9trange.<\/p>\n\n\n\n<figure class=\"wp-block-gallery has-nested-images columns-default is-cropped wp-block-gallery-5 is-layout-flex wp-block-gallery-is-layout-flex\">\n<figure class=\"wp-block-image size-large\"><img loading=\"lazy\" decoding=\"async\" width=\"584\" height=\"329\" data-id=\"15597\" src=\"https:\/\/sentiers05.fr\/wp-content\/uploads\/2026\/03\/03-1-584x329.jpg\" alt=\"\" class=\"wp-image-15597\" srcset=\"https:\/\/sentiers05.fr\/wp-content\/uploads\/2026\/03\/03-1-584x329.jpg 584w, https:\/\/sentiers05.fr\/wp-content\/uploads\/2026\/03\/03-1-300x169.jpg 300w, https:\/\/sentiers05.fr\/wp-content\/uploads\/2026\/03\/03-1.jpg 798w\" sizes=\"auto, (max-width: 584px) 85vw, 584px\" \/><\/figure>\n\n\n\n<figure class=\"wp-block-image size-large\"><img loading=\"lazy\" decoding=\"async\" width=\"584\" height=\"329\" data-id=\"15598\" src=\"https:\/\/sentiers05.fr\/wp-content\/uploads\/2026\/03\/30-584x329.jpg\" alt=\"\" class=\"wp-image-15598\" srcset=\"https:\/\/sentiers05.fr\/wp-content\/uploads\/2026\/03\/30-584x329.jpg 584w, https:\/\/sentiers05.fr\/wp-content\/uploads\/2026\/03\/30-300x169.jpg 300w, https:\/\/sentiers05.fr\/wp-content\/uploads\/2026\/03\/30-1536x864.jpg 1536w, https:\/\/sentiers05.fr\/wp-content\/uploads\/2026\/03\/30-1200x675.jpg 1200w, https:\/\/sentiers05.fr\/wp-content\/uploads\/2026\/03\/30.jpg 1600w\" sizes=\"auto, (max-width: 584px) 85vw, 584px\" \/><\/figure>\n<\/figure>\n\n\n\n<p><\/p>\n\n\n\n<p>Le point d&rsquo;arriv\u00e9e se situe pr\u00e8s du restaurant VIP et l&rsquo;arriv\u00e9e des t\u00e9l\u00e9si\u00e8ges qui montent de la Joue du Loup.<\/p>\n\n\n\n<p><\/p>\n\n\n\n<figure class=\"wp-block-gallery has-nested-images columns-default is-cropped wp-block-gallery-6 is-layout-flex wp-block-gallery-is-layout-flex\">\n<figure class=\"wp-block-image size-large\"><img loading=\"lazy\" decoding=\"async\" width=\"440\" height=\"584\" data-id=\"15604\" src=\"https:\/\/sentiers05.fr\/wp-content\/uploads\/2026\/03\/19-440x584.jpg\" alt=\"\" class=\"wp-image-15604\" srcset=\"https:\/\/sentiers05.fr\/wp-content\/uploads\/2026\/03\/19-440x584.jpg 440w, https:\/\/sentiers05.fr\/wp-content\/uploads\/2026\/03\/19-226x300.jpg 226w, https:\/\/sentiers05.fr\/wp-content\/uploads\/2026\/03\/19-1157x1536.jpg 1157w, https:\/\/sentiers05.fr\/wp-content\/uploads\/2026\/03\/19-1542x2048.jpg 1542w, https:\/\/sentiers05.fr\/wp-content\/uploads\/2026\/03\/19-1200x1594.jpg 1200w, https:\/\/sentiers05.fr\/wp-content\/uploads\/2026\/03\/19-scaled.jpg 1928w\" sizes=\"auto, (max-width: 440px) 85vw, 440px\" \/><\/figure>\n<\/figure>\n\n\n\n<p>On a l&rsquo;impression que l&rsquo;on va y arriver rapidement lorsque l&rsquo;on voit l&rsquo;arri\u00e8re du Pic de Bure dans toute sa splendeur et son \u00e9tat brut. Mais non, il faut continuer \u00e0 avancer, \u00e0 monter et \u00eatre attentifs aux chourums. Ce sont des cavit\u00e9s calcaires caract\u00e9ristiques du Massif du D\u00e9voluy appel\u00e9es aussi dolines \u00e0 d&rsquo;autres endroits. Elles se forment par l&rsquo;action conjugu\u00e9e du vent et de l&rsquo;eau dans des roches calcaires. Les eaux se rejoignent et forment des nappes souterraines qui constituent des exurgences telles les Gillardes.<\/p>\n\n\n\n<figure class=\"wp-block-gallery has-nested-images columns-default is-cropped wp-block-gallery-7 is-layout-flex wp-block-gallery-is-layout-flex\">\n<figure class=\"wp-block-image size-large\"><img loading=\"lazy\" decoding=\"async\" width=\"584\" height=\"438\" data-id=\"15608\" src=\"https:\/\/sentiers05.fr\/wp-content\/uploads\/2026\/03\/32-584x438.jpg\" alt=\"\" class=\"wp-image-15608\" srcset=\"https:\/\/sentiers05.fr\/wp-content\/uploads\/2026\/03\/32-584x438.jpg 584w, https:\/\/sentiers05.fr\/wp-content\/uploads\/2026\/03\/32-300x225.jpg 300w, https:\/\/sentiers05.fr\/wp-content\/uploads\/2026\/03\/32-1536x1152.jpg 1536w\" sizes=\"auto, (max-width: 584px) 85vw, 584px\" \/><figcaption class=\"wp-element-caption\">smart<\/figcaption><\/figure>\n<\/figure>\n\n\n\n<p><\/p>\n\n\n\n<p>A l&rsquo;approche de notre pause pique-nique, le volume sonore s&rsquo;est amplifi\u00e9&#8230; Skieurs, musiques rompent le charme du lieu.<\/p>\n\n\n\n<figure class=\"wp-block-image size-large\"><img loading=\"lazy\" decoding=\"async\" width=\"584\" height=\"438\" src=\"https:\/\/sentiers05.fr\/wp-content\/uploads\/2026\/03\/IMG_20260305_125332-584x438.jpg\" alt=\"\" class=\"wp-image-15606\" srcset=\"https:\/\/sentiers05.fr\/wp-content\/uploads\/2026\/03\/IMG_20260305_125332-584x438.jpg 584w, https:\/\/sentiers05.fr\/wp-content\/uploads\/2026\/03\/IMG_20260305_125332-300x225.jpg 300w, https:\/\/sentiers05.fr\/wp-content\/uploads\/2026\/03\/IMG_20260305_125332-1536x1152.jpg 1536w, https:\/\/sentiers05.fr\/wp-content\/uploads\/2026\/03\/IMG_20260305_125332-2048x1536.jpg 2048w, https:\/\/sentiers05.fr\/wp-content\/uploads\/2026\/03\/IMG_20260305_125332-1200x900.jpg 1200w\" sizes=\"auto, (max-width: 584px) 85vw, 584px\" \/><figcaption class=\"wp-element-caption\">smart<\/figcaption><\/figure>\n\n\n\n<p>Heureusement nous parvenons \u00e0 nous \u00e9carter de cet endroit pour profiter \u00e0 la fois des sommets et du calme.<\/p>\n\n\n\n<figure class=\"wp-block-gallery has-nested-images columns-default is-cropped wp-block-gallery-8 is-layout-flex wp-block-gallery-is-layout-flex\">\n<figure class=\"wp-block-image size-large\"><img loading=\"lazy\" decoding=\"async\" width=\"440\" height=\"584\" data-id=\"15611\" src=\"https:\/\/sentiers05.fr\/wp-content\/uploads\/2026\/03\/PXL_20260305_115343450.RAW-01.MP_.COVER_-1-440x584.jpg\" alt=\"\" class=\"wp-image-15611\" srcset=\"https:\/\/sentiers05.fr\/wp-content\/uploads\/2026\/03\/PXL_20260305_115343450.RAW-01.MP_.COVER_-1-440x584.jpg 440w, https:\/\/sentiers05.fr\/wp-content\/uploads\/2026\/03\/PXL_20260305_115343450.RAW-01.MP_.COVER_-1-226x300.jpg 226w, https:\/\/sentiers05.fr\/wp-content\/uploads\/2026\/03\/PXL_20260305_115343450.RAW-01.MP_.COVER_-1-1157x1536.jpg 1157w, https:\/\/sentiers05.fr\/wp-content\/uploads\/2026\/03\/PXL_20260305_115343450.RAW-01.MP_.COVER_-1-scaled.jpg 1928w\" sizes=\"auto, (max-width: 440px) 85vw, 440px\" \/><\/figure>\n<\/figure>\n\n\n\n<p><\/p>\n\n\n\n<p>Assis dans la neige, on se rassasie tout en partageant des douceurs. On ignore que le retour commencera par une grimpette et qu&rsquo;on se dira, une fois de plus, que l&rsquo;on a trop mang\u00e9 !<\/p>\n\n\n\n<p>La signalisation \u00ab\u00a0piste raquettes\u00a0\u00bb a disparu. Serge se renseigne aupr\u00e8s des saisonniers qui s&rsquo;occupent du tire-fesses. On nous indique de suivre la piste bleue emprunt\u00e9e par les skieurs tout en restant bien sur le c\u00f4t\u00e9 et en \u00e9tant vigilant si nous devons traverser.<\/p>\n\n\n\n<figure class=\"wp-block-gallery has-nested-images columns-default is-cropped wp-block-gallery-9 is-layout-flex wp-block-gallery-is-layout-flex\">\n<figure class=\"wp-block-image size-large\"><img loading=\"lazy\" decoding=\"async\" width=\"440\" height=\"584\" data-id=\"15609\" src=\"https:\/\/sentiers05.fr\/wp-content\/uploads\/2026\/03\/PXL_20260305_095636998-440x584.jpg\" alt=\"\" class=\"wp-image-15609\" srcset=\"https:\/\/sentiers05.fr\/wp-content\/uploads\/2026\/03\/PXL_20260305_095636998-440x584.jpg 440w, https:\/\/sentiers05.fr\/wp-content\/uploads\/2026\/03\/PXL_20260305_095636998-226x300.jpg 226w, https:\/\/sentiers05.fr\/wp-content\/uploads\/2026\/03\/PXL_20260305_095636998-1157x1536.jpg 1157w, https:\/\/sentiers05.fr\/wp-content\/uploads\/2026\/03\/PXL_20260305_095636998-1542x2048.jpg 1542w, https:\/\/sentiers05.fr\/wp-content\/uploads\/2026\/03\/PXL_20260305_095636998-1200x1594.jpg 1200w, https:\/\/sentiers05.fr\/wp-content\/uploads\/2026\/03\/PXL_20260305_095636998-scaled.jpg 1928w\" sizes=\"auto, (max-width: 440px) 85vw, 440px\" \/><\/figure>\n\n\n\n<figure class=\"wp-block-image size-large\"><img loading=\"lazy\" decoding=\"async\" width=\"440\" height=\"584\" data-id=\"15612\" src=\"https:\/\/sentiers05.fr\/wp-content\/uploads\/2026\/03\/20-1-440x584.jpg\" alt=\"\" class=\"wp-image-15612\" srcset=\"https:\/\/sentiers05.fr\/wp-content\/uploads\/2026\/03\/20-1-440x584.jpg 440w, https:\/\/sentiers05.fr\/wp-content\/uploads\/2026\/03\/20-1-226x300.jpg 226w, https:\/\/sentiers05.fr\/wp-content\/uploads\/2026\/03\/20-1-1157x1536.jpg 1157w, https:\/\/sentiers05.fr\/wp-content\/uploads\/2026\/03\/20-1-1542x2048.jpg 1542w, https:\/\/sentiers05.fr\/wp-content\/uploads\/2026\/03\/20-1-1200x1594.jpg 1200w, https:\/\/sentiers05.fr\/wp-content\/uploads\/2026\/03\/20-1-scaled.jpg 1928w\" sizes=\"auto, (max-width: 440px) 85vw, 440px\" \/><\/figure>\n<\/figure>\n\n\n\n<p><\/p>\n\n\n\n<p>Le retour s&rsquo;effectue d\u00e9sormais en descendant sans difficult\u00e9.<\/p>\n\n\n\n<p>La derni\u00e8re partie, sur un sentier forestier de sapins est un peu plus raide et requiert de l&rsquo;attention.<\/p>\n\n\n\n<p>Ravis de cette belle rando, on d\u00e9cide de finir l&rsquo;apr\u00e8s-midi au caf\u00e9 du Col du Festre.<\/p>\n\n\n\n<figure class=\"wp-block-gallery has-nested-images columns-default is-cropped wp-block-gallery-10 is-layout-flex wp-block-gallery-is-layout-flex\">\n<figure class=\"wp-block-image size-large\"><img loading=\"lazy\" decoding=\"async\" width=\"584\" height=\"440\" data-id=\"15619\" src=\"https:\/\/sentiers05.fr\/wp-content\/uploads\/2026\/03\/23-584x440.jpg\" alt=\"\" class=\"wp-image-15619\" srcset=\"https:\/\/sentiers05.fr\/wp-content\/uploads\/2026\/03\/23-584x440.jpg 584w, https:\/\/sentiers05.fr\/wp-content\/uploads\/2026\/03\/23-300x226.jpg 300w, https:\/\/sentiers05.fr\/wp-content\/uploads\/2026\/03\/23-1536x1157.jpg 1536w, https:\/\/sentiers05.fr\/wp-content\/uploads\/2026\/03\/23-2048x1542.jpg 2048w, https:\/\/sentiers05.fr\/wp-content\/uploads\/2026\/03\/23-1200x904.jpg 1200w\" sizes=\"auto, (max-width: 584px) 85vw, 584px\" \/><\/figure>\n<\/figure>\n\n\n\n<p><\/p>\n\n\n\n<p>5 h  &#8211;  d\u00e9nivel\u00e9e 550 m  &#8211;  7 km500<\/p>\n\n\n\n<p>Texte de Jo\u00eblle et photos collectives<\/p>\n\n\n\n<p><\/p>\n","protected":false},"excerpt":{"rendered":"<p>Nous sommes 13 au d\u00e9part de cette sortie raquettes. D\u00e8s l&rsquo;arriv\u00e9e \u00e0 la station, il faut chausser celles-ci car la neige est tomb\u00e9e abondamment et malgr\u00e9 l&rsquo;exposition de la station, \u00e0 cette heure-l\u00e0, elle est encore bien ferme sous nos pas.<\/p>\n","protected":false},"author":8,"featured_media":0,"comment_status":"closed","ping_status":"open","sticky":false,"template":"","format":"standard","meta":{"footnotes":""},"categories":[3,4],"tags":[],"class_list":["post-15585","post","type-post","status-publish","format-standard","hentry","category-randonnee-pedestre","category-raquettes"],"_links":{"self":[{"href":"https:\/\/sentiers05.fr\/index.php\/wp-json\/wp\/v2\/posts\/15585","targetHints":{"allow":["GET"]}}],"collection":[{"href":"https:\/\/sentiers05.fr\/index.php\/wp-json\/wp\/v2\/posts"}],"about":[{"href":"https:\/\/sentiers05.fr\/index.php\/wp-json\/wp\/v2\/types\/post"}],"author":[{"embeddable":true,"href":"https:\/\/sentiers05.fr\/index.php\/wp-json\/wp\/v2\/users\/8"}],"replies":[{"embeddable":true,"href":"https:\/\/sentiers05.fr\/index.php\/wp-json\/wp\/v2\/comments?post=15585"}],"version-history":[{"count":12,"href":"https:\/\/sentiers05.fr\/index.php\/wp-json\/wp\/v2\/posts\/15585\/revisions"}],"predecessor-version":[{"id":15629,"href":"https:\/\/sentiers05.fr\/index.php\/wp-json\/wp\/v2\/posts\/15585\/revisions\/15629"}],"wp:attachment":[{"href":"https:\/\/sentiers05.fr\/index.php\/wp-json\/wp\/v2\/media?parent=15585"}],"wp:term":[{"taxonomy":"category","embeddable":true,"href":"https:\/\/sentiers05.fr\/index.php\/wp-json\/wp\/v2\/categories?post=15585"},{"taxonomy":"post_tag","embeddable":true,"href":"https:\/\/sentiers05.fr\/index.php\/wp-json\/wp\/v2\/tags?post=15585"}],"curies":[{"name":"wp","href":"https:\/\/api.w.org\/{rel}","templated":true}]}}