{"id":14309,"date":"2025-12-04T01:43:55","date_gmt":"2025-12-04T00:43:55","guid":{"rendered":"https:\/\/sentiers05.fr\/?p=14309"},"modified":"2025-12-07T02:00:28","modified_gmt":"2025-12-07T01:00:28","slug":"raquettes-au-col-de-moissiere","status":"publish","type":"post","link":"https:\/\/sentiers05.fr\/index.php\/2025\/12\/04\/raquettes-au-col-de-moissiere\/","title":{"rendered":"Raquettes au Col de Moissi\u00e8re"},"content":{"rendered":"\n<figure class=\"wp-block-image size-large\"><img loading=\"lazy\" decoding=\"async\" width=\"584\" height=\"443\" src=\"https:\/\/sentiers05.fr\/wp-content\/uploads\/2025\/12\/12-04-Moissiere-584x443.jpg\" alt=\"\" class=\"wp-image-14310\" srcset=\"https:\/\/sentiers05.fr\/wp-content\/uploads\/2025\/12\/12-04-Moissiere-584x443.jpg 584w, https:\/\/sentiers05.fr\/wp-content\/uploads\/2025\/12\/12-04-Moissiere-300x228.jpg 300w, https:\/\/sentiers05.fr\/wp-content\/uploads\/2025\/12\/12-04-Moissiere-1536x1165.jpg 1536w, https:\/\/sentiers05.fr\/wp-content\/uploads\/2025\/12\/12-04-Moissiere-2048x1554.jpg 2048w, https:\/\/sentiers05.fr\/wp-content\/uploads\/2025\/12\/12-04-Moissiere-1200x910.jpg 1200w\" sizes=\"auto, (max-width: 584px) 85vw, 584px\" \/><\/figure>\n\n\n\n<p>Nous sommes 6 personnes au d\u00e9part de Ancelle pour effectuer une boucle en raquettes \u00e0 neige de 6 km et 300 m de d\u00e9nivel\u00e9s.<\/p>\n\n\n\n<!--more-->\n\n\n\n<p>Nous partons \u00e0 10 h direction col de Moissi\u00e8re 1573m, la chance est de notre c\u00f4t\u00e9, 30 cm de poudreuse tomb\u00e9e toute la journ\u00e9e la veille !<\/p>\n\n\n\n<div class=\"wp-block-columns is-layout-flex wp-container-core-columns-is-layout-9d6595d7 wp-block-columns-is-layout-flex\">\n<div class=\"wp-block-column is-layout-flow wp-block-column-is-layout-flow\">\n<figure class=\"wp-block-image size-large\"><img loading=\"lazy\" decoding=\"async\" width=\"584\" height=\"328\" src=\"https:\/\/sentiers05.fr\/wp-content\/uploads\/2025\/12\/IMG-20251204-WA0013-584x328.jpg\" alt=\"\" class=\"wp-image-14311\" srcset=\"https:\/\/sentiers05.fr\/wp-content\/uploads\/2025\/12\/IMG-20251204-WA0013-584x328.jpg 584w, https:\/\/sentiers05.fr\/wp-content\/uploads\/2025\/12\/IMG-20251204-WA0013-300x169.jpg 300w, https:\/\/sentiers05.fr\/wp-content\/uploads\/2025\/12\/IMG-20251204-WA0013-1536x864.jpg 1536w, https:\/\/sentiers05.fr\/wp-content\/uploads\/2025\/12\/IMG-20251204-WA0013-1200x675.jpg 1200w, https:\/\/sentiers05.fr\/wp-content\/uploads\/2025\/12\/IMG-20251204-WA0013.jpg 1599w\" sizes=\"auto, (max-width: 584px) 85vw, 584px\" \/><\/figure>\n<\/div>\n\n\n\n<div class=\"wp-block-column is-layout-flow wp-block-column-is-layout-flow\">\n<figure class=\"wp-block-image size-large\"><img loading=\"lazy\" decoding=\"async\" width=\"584\" height=\"329\" src=\"https:\/\/sentiers05.fr\/wp-content\/uploads\/2025\/12\/IMG-20251204-WA0014-584x329.jpg\" alt=\"\" class=\"wp-image-14312\" srcset=\"https:\/\/sentiers05.fr\/wp-content\/uploads\/2025\/12\/IMG-20251204-WA0014-584x329.jpg 584w, https:\/\/sentiers05.fr\/wp-content\/uploads\/2025\/12\/IMG-20251204-WA0014-300x169.jpg 300w, https:\/\/sentiers05.fr\/wp-content\/uploads\/2025\/12\/IMG-20251204-WA0014-1536x864.jpg 1536w, https:\/\/sentiers05.fr\/wp-content\/uploads\/2025\/12\/IMG-20251204-WA0014-1200x675.jpg 1200w, https:\/\/sentiers05.fr\/wp-content\/uploads\/2025\/12\/IMG-20251204-WA0014.jpg 1600w\" sizes=\"auto, (max-width: 584px) 85vw, 584px\" \/><\/figure>\n<\/div>\n<\/div>\n\n\n\n<div class=\"wp-block-columns is-layout-flex wp-container-core-columns-is-layout-9d6595d7 wp-block-columns-is-layout-flex\">\n<div class=\"wp-block-column is-layout-flow wp-block-column-is-layout-flow\" style=\"flex-basis:66.66%\">\n<p>Arriv\u00e9s au sommet le brouillard nous tend les bras avec l&rsquo;impression d&rsquo;\u00eatre perdu dans un nuage, les couleurs entre ciel et neige se confondent et ne font plus qu&rsquo;un.<\/p>\n<\/div>\n\n\n\n<div class=\"wp-block-column is-layout-flow wp-block-column-is-layout-flow\" style=\"flex-basis:33.33%\">\n<figure class=\"wp-block-image size-large\"><img loading=\"lazy\" decoding=\"async\" width=\"584\" height=\"329\" src=\"https:\/\/sentiers05.fr\/wp-content\/uploads\/2025\/12\/IMG-20251204-WA0020-584x329.jpg\" alt=\"\" class=\"wp-image-14313\" srcset=\"https:\/\/sentiers05.fr\/wp-content\/uploads\/2025\/12\/IMG-20251204-WA0020-584x329.jpg 584w, https:\/\/sentiers05.fr\/wp-content\/uploads\/2025\/12\/IMG-20251204-WA0020-300x169.jpg 300w, https:\/\/sentiers05.fr\/wp-content\/uploads\/2025\/12\/IMG-20251204-WA0020-1536x864.jpg 1536w, https:\/\/sentiers05.fr\/wp-content\/uploads\/2025\/12\/IMG-20251204-WA0020-1200x675.jpg 1200w, https:\/\/sentiers05.fr\/wp-content\/uploads\/2025\/12\/IMG-20251204-WA0020.jpg 1600w\" sizes=\"auto, (max-width: 584px) 85vw, 584px\" \/><\/figure>\n<\/div>\n<\/div>\n\n\n\n<div class=\"wp-block-columns is-layout-flex wp-container-core-columns-is-layout-9d6595d7 wp-block-columns-is-layout-flex\">\n<div class=\"wp-block-column is-layout-flow wp-block-column-is-layout-flow\">\n<figure class=\"wp-block-image size-large\"><img loading=\"lazy\" decoding=\"async\" width=\"328\" height=\"584\" src=\"https:\/\/sentiers05.fr\/wp-content\/uploads\/2025\/12\/IMG-20251204-WA0022-328x584.jpg\" alt=\"\" class=\"wp-image-14315\" srcset=\"https:\/\/sentiers05.fr\/wp-content\/uploads\/2025\/12\/IMG-20251204-WA0022-328x584.jpg 328w, https:\/\/sentiers05.fr\/wp-content\/uploads\/2025\/12\/IMG-20251204-WA0022-169x300.jpg 169w, https:\/\/sentiers05.fr\/wp-content\/uploads\/2025\/12\/IMG-20251204-WA0022-864x1536.jpg 864w, https:\/\/sentiers05.fr\/wp-content\/uploads\/2025\/12\/IMG-20251204-WA0022.jpg 899w\" sizes=\"auto, (max-width: 328px) 85vw, 328px\" \/><\/figure>\n<\/div>\n\n\n\n<div class=\"wp-block-column is-layout-flow wp-block-column-is-layout-flow\">\n<figure class=\"wp-block-image size-large\"><img loading=\"lazy\" decoding=\"async\" width=\"328\" height=\"584\" src=\"https:\/\/sentiers05.fr\/wp-content\/uploads\/2025\/12\/IMG-20251204-WA0023-328x584.jpg\" alt=\"\" class=\"wp-image-14316\" srcset=\"https:\/\/sentiers05.fr\/wp-content\/uploads\/2025\/12\/IMG-20251204-WA0023-328x584.jpg 328w, https:\/\/sentiers05.fr\/wp-content\/uploads\/2025\/12\/IMG-20251204-WA0023-169x300.jpg 169w, https:\/\/sentiers05.fr\/wp-content\/uploads\/2025\/12\/IMG-20251204-WA0023-864x1536.jpg 864w, https:\/\/sentiers05.fr\/wp-content\/uploads\/2025\/12\/IMG-20251204-WA0023.jpg 899w\" sizes=\"auto, (max-width: 328px) 85vw, 328px\" \/><\/figure>\n<\/div>\n<\/div>\n\n\n\n<p>Quelques minutes plus tard nous redescendons afin de chercher un endroit pour pique-niquer. Nous jetons notre d\u00e9volu sur un charmant emplacement devant une bergerie. Les brebis \u00e0 l&rsquo;int\u00e9rieur nous ont s\u00fbrement entendu arriver, elles resteront au chaud pendant plusieurs mois.<\/p>\n\n\n\n<div class=\"wp-block-columns is-layout-flex wp-container-core-columns-is-layout-9d6595d7 wp-block-columns-is-layout-flex\">\n<div class=\"wp-block-column is-layout-flow wp-block-column-is-layout-flow\">\n<figure class=\"wp-block-video\"><video height=\"850\" style=\"aspect-ratio: 402 \/ 850;\" width=\"402\" controls src=\"https:\/\/sentiers05.fr\/wp-content\/uploads\/2025\/12\/VID-20251204-WA0031.mp4\"><\/video><\/figure>\n<\/div>\n\n\n\n<div class=\"wp-block-column is-layout-flow wp-block-column-is-layout-flow\">\n<p><\/p>\n\n\n\n<p>Apr\u00e8s avoir mang\u00e9 et d\u00e9gust\u00e9 un d\u00e9licieux morceau de p\u00e2te de coing fait maison par Dani\u00e8le et mang\u00e9 le tr\u00e8s bon pain d&rsquo;\u00e9pices fait maison par Christiane, il fallait reprendre le chemin du retour. Notre belle randonn\u00e9e dans la poudreuse s&rsquo;ach\u00e8ve avec quelques batailles de boules de neige, notre \u00e2me d&rsquo;enfant n&rsquo;est jamais bien loin !<br>Nous avons pass\u00e9 une excellente journ\u00e9e avec des personnes sympathiques<\/p>\n\n\n\n<p>Texte, photos et vid\u00e9o  Jean-Luc<\/p>\n<\/div>\n<\/div>\n","protected":false},"excerpt":{"rendered":"<p>Nous sommes 6 personnes au d\u00e9part de Ancelle pour effectuer une boucle en raquettes \u00e0 neige de 6 km et 300 m de d\u00e9nivel\u00e9s.<\/p>\n","protected":false},"author":20,"featured_media":0,"comment_status":"closed","ping_status":"open","sticky":false,"template":"","format":"standard","meta":{"footnotes":""},"categories":[3],"tags":[],"class_list":["post-14309","post","type-post","status-publish","format-standard","hentry","category-randonnee-pedestre"],"_links":{"self":[{"href":"https:\/\/sentiers05.fr\/index.php\/wp-json\/wp\/v2\/posts\/14309","targetHints":{"allow":["GET"]}}],"collection":[{"href":"https:\/\/sentiers05.fr\/index.php\/wp-json\/wp\/v2\/posts"}],"about":[{"href":"https:\/\/sentiers05.fr\/index.php\/wp-json\/wp\/v2\/types\/post"}],"author":[{"embeddable":true,"href":"https:\/\/sentiers05.fr\/index.php\/wp-json\/wp\/v2\/users\/20"}],"replies":[{"embeddable":true,"href":"https:\/\/sentiers05.fr\/index.php\/wp-json\/wp\/v2\/comments?post=14309"}],"version-history":[{"count":5,"href":"https:\/\/sentiers05.fr\/index.php\/wp-json\/wp\/v2\/posts\/14309\/revisions"}],"predecessor-version":[{"id":14324,"href":"https:\/\/sentiers05.fr\/index.php\/wp-json\/wp\/v2\/posts\/14309\/revisions\/14324"}],"wp:attachment":[{"href":"https:\/\/sentiers05.fr\/index.php\/wp-json\/wp\/v2\/media?parent=14309"}],"wp:term":[{"taxonomy":"category","embeddable":true,"href":"https:\/\/sentiers05.fr\/index.php\/wp-json\/wp\/v2\/categories?post=14309"},{"taxonomy":"post_tag","embeddable":true,"href":"https:\/\/sentiers05.fr\/index.php\/wp-json\/wp\/v2\/tags?post=14309"}],"curies":[{"name":"wp","href":"https:\/\/api.w.org\/{rel}","templated":true}]}}