{"id":14288,"date":"2025-11-27T20:45:56","date_gmt":"2025-11-27T19:45:56","guid":{"rendered":"https:\/\/sentiers05.fr\/?p=14288"},"modified":"2025-12-06T20:52:38","modified_gmt":"2025-12-06T19:52:38","slug":"le-pic-saint-cyr-depuis-antonaves-le-27-novembre-2025","status":"publish","type":"post","link":"https:\/\/sentiers05.fr\/index.php\/2025\/11\/27\/le-pic-saint-cyr-depuis-antonaves-le-27-novembre-2025\/","title":{"rendered":"Le Pic Saint Cyr depuis Antonaves. Le 27 novembre 2025"},"content":{"rendered":"\n<figure class=\"wp-block-image size-large is-resized\"><img loading=\"lazy\" decoding=\"async\" width=\"584\" height=\"329\" src=\"https:\/\/sentiers05.fr\/wp-content\/uploads\/2025\/12\/IMG-20251127-WA0015-584x329.jpg\" alt=\"\" class=\"wp-image-14289\" style=\"width:630px;height:auto\" srcset=\"https:\/\/sentiers05.fr\/wp-content\/uploads\/2025\/12\/IMG-20251127-WA0015-584x329.jpg 584w, https:\/\/sentiers05.fr\/wp-content\/uploads\/2025\/12\/IMG-20251127-WA0015-300x169.jpg 300w, https:\/\/sentiers05.fr\/wp-content\/uploads\/2025\/12\/IMG-20251127-WA0015-1536x864.jpg 1536w, https:\/\/sentiers05.fr\/wp-content\/uploads\/2025\/12\/IMG-20251127-WA0015-1200x675.jpg 1200w, https:\/\/sentiers05.fr\/wp-content\/uploads\/2025\/12\/IMG-20251127-WA0015.jpg 1600w\" sizes=\"auto, (max-width: 584px) 85vw, 584px\" \/><\/figure>\n\n\n\n<div class=\"wp-block-columns is-layout-flex wp-container-core-columns-is-layout-9d6595d7 wp-block-columns-is-layout-flex\">\n<div class=\"wp-block-column is-layout-flow wp-block-column-is-layout-flow\">\n<div class=\"wp-block-columns is-layout-flex wp-container-core-columns-is-layout-9d6595d7 wp-block-columns-is-layout-flex\">\n<div class=\"wp-block-column is-vertically-aligned-center is-layout-flow wp-block-column-is-layout-flow\">\n<p>Quelle surprise en ce matin froid du 27 novembre que de voir 14 marcheurs pr\u00eats \u00e0 me suivre au pic Saint-Cyr. J&rsquo;avais d\u00e9j\u00e0 planifi\u00e9 plusieurs fois cette randonn\u00e9e \u00e0 la belle saison, mais une seule marcheuse \u00e9tait venue. Certes il faisait chaud&#8230; Nous sommes dans le sud!<\/p>\n\n\n\n<p><\/p>\n<\/div>\n\n\n\n<div class=\"wp-block-column is-layout-flow wp-block-column-is-layout-flow\">\n<figure class=\"wp-block-image size-large\"><img loading=\"lazy\" decoding=\"async\" width=\"289\" height=\"584\" src=\"https:\/\/sentiers05.fr\/wp-content\/uploads\/2025\/12\/IMG-20251127-WA0006-2-289x584.jpg\" alt=\"\" class=\"wp-image-14294\" srcset=\"https:\/\/sentiers05.fr\/wp-content\/uploads\/2025\/12\/IMG-20251127-WA0006-2-289x584.jpg 289w, https:\/\/sentiers05.fr\/wp-content\/uploads\/2025\/12\/IMG-20251127-WA0006-2-148x300.jpg 148w, https:\/\/sentiers05.fr\/wp-content\/uploads\/2025\/12\/IMG-20251127-WA0006-2-759x1536.jpg 759w, https:\/\/sentiers05.fr\/wp-content\/uploads\/2025\/12\/IMG-20251127-WA0006-2.jpg 791w\" sizes=\"auto, (max-width: 289px) 85vw, 289px\" \/><\/figure>\n<\/div>\n<\/div>\n\n\n\n<!--more-->\n\n\n\n<div class=\"wp-block-columns is-layout-flex wp-container-core-columns-is-layout-9d6595d7 wp-block-columns-is-layout-flex\">\n<div class=\"wp-block-column is-layout-flow wp-block-column-is-layout-flow\">\n<p>Nous partons pour Antonaves, joli petit village \u00e0 l&rsquo;entr\u00e9e des gorges de la M\u00e9ouge. Nous traversons le village et nous engageons sur le GR de pays \u00a0\u00bb tour du sud de Buech-M\u00e9ouge\u00a0\u00bb qui nous conduit au col de Saint Pierre. Bien que la mont\u00e9e se fasse dans la for\u00eat nous n&rsquo;avons pas froid&#8230; En plusieurs endroits le chemin est travers\u00e9 de plaques de glace. La pente est forte surtout \u00e0 l&rsquo;approche du col.<\/p>\n<\/div>\n<\/div>\n\n\n\n<div class=\"wp-block-columns is-layout-flex wp-container-core-columns-is-layout-9d6595d7 wp-block-columns-is-layout-flex\">\n<div class=\"wp-block-column is-layout-flow wp-block-column-is-layout-flow\">\n<div class=\"wp-block-columns is-layout-flex wp-container-core-columns-is-layout-9d6595d7 wp-block-columns-is-layout-flex\">\n<div class=\"wp-block-column is-layout-flow wp-block-column-is-layout-flow\">\n<figure class=\"wp-block-image size-large is-resized\"><img loading=\"lazy\" decoding=\"async\" width=\"262\" height=\"584\" src=\"https:\/\/sentiers05.fr\/wp-content\/uploads\/2025\/12\/IMG-20251127-WA0002-262x584.jpg\" alt=\"\" class=\"wp-image-14297\" style=\"aspect-ratio:0.44864370618713806;width:234px;height:auto\" srcset=\"https:\/\/sentiers05.fr\/wp-content\/uploads\/2025\/12\/IMG-20251127-WA0002-262x584.jpg 262w, https:\/\/sentiers05.fr\/wp-content\/uploads\/2025\/12\/IMG-20251127-WA0002-135x300.jpg 135w, https:\/\/sentiers05.fr\/wp-content\/uploads\/2025\/12\/IMG-20251127-WA0002-690x1536.jpg 690w, https:\/\/sentiers05.fr\/wp-content\/uploads\/2025\/12\/IMG-20251127-WA0002.jpg 920w\" sizes=\"auto, (max-width: 262px) 85vw, 262px\" \/><\/figure>\n<\/div>\n\n\n\n<div class=\"wp-block-column is-layout-flow wp-block-column-is-layout-flow\">\n<figure class=\"wp-block-image size-large\"><img loading=\"lazy\" decoding=\"async\" width=\"329\" height=\"584\" src=\"https:\/\/sentiers05.fr\/wp-content\/uploads\/2025\/12\/IMG-20251127-WA0011-329x584.jpg\" alt=\"\" class=\"wp-image-14298\" srcset=\"https:\/\/sentiers05.fr\/wp-content\/uploads\/2025\/12\/IMG-20251127-WA0011-329x584.jpg 329w, https:\/\/sentiers05.fr\/wp-content\/uploads\/2025\/12\/IMG-20251127-WA0011-169x300.jpg 169w, https:\/\/sentiers05.fr\/wp-content\/uploads\/2025\/12\/IMG-20251127-WA0011-864x1536.jpg 864w, https:\/\/sentiers05.fr\/wp-content\/uploads\/2025\/12\/IMG-20251127-WA0011.jpg 900w\" sizes=\"auto, (max-width: 329px) 85vw, 329px\" \/><\/figure>\n<\/div>\n<\/div>\n<\/div>\n<\/div>\n\n\n\n<p>Les pauses-banane donnent l&rsquo;occasion de contempler le paysage et de rep\u00e9rer  et de nommer les sommets alentour .<\/p>\n\n\n\n<p>Nous arrivons au col par petits groupes. Il ne reste que 20mn de marche pour atteindre le pic. Nous nous r\u00e9galons de la vue \u00e0 360 degr\u00e9s qui porte jusqu&rsquo;au mon Ventoux totalement enneig\u00e9.<\/p>\n\n\n\n<figure class=\"wp-block-image size-large is-resized\"><img loading=\"lazy\" decoding=\"async\" width=\"584\" height=\"328\" src=\"https:\/\/sentiers05.fr\/wp-content\/uploads\/2025\/12\/IMG-20251127-WA0013-584x328.jpg\" alt=\"\" class=\"wp-image-14300\" style=\"width:630px;height:auto\" srcset=\"https:\/\/sentiers05.fr\/wp-content\/uploads\/2025\/12\/IMG-20251127-WA0013-584x328.jpg 584w, https:\/\/sentiers05.fr\/wp-content\/uploads\/2025\/12\/IMG-20251127-WA0013-300x169.jpg 300w, https:\/\/sentiers05.fr\/wp-content\/uploads\/2025\/12\/IMG-20251127-WA0013-1536x864.jpg 1536w, https:\/\/sentiers05.fr\/wp-content\/uploads\/2025\/12\/IMG-20251127-WA0013-1200x675.jpg 1200w, https:\/\/sentiers05.fr\/wp-content\/uploads\/2025\/12\/IMG-20251127-WA0013.jpg 1599w\" sizes=\"auto, (max-width: 584px) 85vw, 584px\" \/><\/figure>\n<\/div>\n<\/div>\n\n\n\n<p>Nous descendons 300 m sur la cr\u00eate pour le pique-nique.<\/p>\n\n\n\n<figure class=\"wp-block-image size-large is-resized\"><img loading=\"lazy\" decoding=\"async\" width=\"584\" height=\"328\" src=\"https:\/\/sentiers05.fr\/wp-content\/uploads\/2025\/12\/IMG-20251127-WA0008-584x328.jpg\" alt=\"\" class=\"wp-image-14301\" style=\"width:630px;height:auto\" srcset=\"https:\/\/sentiers05.fr\/wp-content\/uploads\/2025\/12\/IMG-20251127-WA0008-584x328.jpg 584w, https:\/\/sentiers05.fr\/wp-content\/uploads\/2025\/12\/IMG-20251127-WA0008-300x169.jpg 300w, https:\/\/sentiers05.fr\/wp-content\/uploads\/2025\/12\/IMG-20251127-WA0008-1536x864.jpg 1536w, https:\/\/sentiers05.fr\/wp-content\/uploads\/2025\/12\/IMG-20251127-WA0008-1200x675.jpg 1200w, https:\/\/sentiers05.fr\/wp-content\/uploads\/2025\/12\/IMG-20251127-WA0008.jpg 1599w\" sizes=\"auto, (max-width: 584px) 85vw, 584px\" \/><\/figure>\n\n\n\n<figure class=\"wp-block-image size-large is-resized\"><img loading=\"lazy\" decoding=\"async\" width=\"584\" height=\"329\" src=\"https:\/\/sentiers05.fr\/wp-content\/uploads\/2025\/12\/IMG-20251127-WA0014-584x329.jpg\" alt=\"\" class=\"wp-image-14302\" style=\"width:630px;height:auto\" srcset=\"https:\/\/sentiers05.fr\/wp-content\/uploads\/2025\/12\/IMG-20251127-WA0014-584x329.jpg 584w, https:\/\/sentiers05.fr\/wp-content\/uploads\/2025\/12\/IMG-20251127-WA0014-300x169.jpg 300w, https:\/\/sentiers05.fr\/wp-content\/uploads\/2025\/12\/IMG-20251127-WA0014-1536x864.jpg 1536w, https:\/\/sentiers05.fr\/wp-content\/uploads\/2025\/12\/IMG-20251127-WA0014-1200x675.jpg 1200w, https:\/\/sentiers05.fr\/wp-content\/uploads\/2025\/12\/IMG-20251127-WA0014.jpg 1600w\" sizes=\"auto, (max-width: 584px) 85vw, 584px\" \/><\/figure>\n\n\n\n<p>Le retour se fait en longeant la cr\u00eate. Nous pouvons apercevoir le Buech, puis le canal et au loin, encaiss\u00e9e, la Durance.                                                                                    Il faut maintenant presser le pas car certains d&rsquo;entre nous se rendent au festival du film de montagne. Nous arrivons aux voitures sans probl\u00e8me. Un chocolat chaud et retour \u00e0 Gap.<\/p>\n\n\n\n<figure class=\"wp-block-image size-large is-resized\"><img loading=\"lazy\" decoding=\"async\" width=\"584\" height=\"329\" src=\"https:\/\/sentiers05.fr\/wp-content\/uploads\/2025\/12\/IMG-20251127-WA0012-584x329.jpg\" alt=\"\" class=\"wp-image-14304\" style=\"width:622px;height:auto\" srcset=\"https:\/\/sentiers05.fr\/wp-content\/uploads\/2025\/12\/IMG-20251127-WA0012-584x329.jpg 584w, https:\/\/sentiers05.fr\/wp-content\/uploads\/2025\/12\/IMG-20251127-WA0012-300x169.jpg 300w, https:\/\/sentiers05.fr\/wp-content\/uploads\/2025\/12\/IMG-20251127-WA0012-1536x864.jpg 1536w, https:\/\/sentiers05.fr\/wp-content\/uploads\/2025\/12\/IMG-20251127-WA0012-1200x675.jpg 1200w, https:\/\/sentiers05.fr\/wp-content\/uploads\/2025\/12\/IMG-20251127-WA0012.jpg 1600w\" sizes=\"auto, (max-width: 584px) 85vw, 584px\" \/><\/figure>\n\n\n\n<p>Photos de Jean-Luc et Christian. Texte Doll\u00e9<\/p>\n\n\n\n<p><\/p>\n","protected":false},"excerpt":{"rendered":"<p>Quelle surprise en ce matin froid du 27 novembre que de voir 14 marcheurs pr\u00eats \u00e0 me suivre au pic Saint-Cyr. J&rsquo;avais d\u00e9j\u00e0 planifi\u00e9 plusieurs fois cette randonn\u00e9e \u00e0 la belle saison, mais une seule marcheuse \u00e9tait venue. Certes il faisait chaud&#8230; Nous sommes dans le sud! Quelle surprise en ce matin froid du 27 &hellip; <a href=\"https:\/\/sentiers05.fr\/index.php\/2025\/11\/27\/le-pic-saint-cyr-depuis-antonaves-le-27-novembre-2025\/\" class=\"more-link\">Continuer la lecture<span class=\"screen-reader-text\"> de &laquo;&nbsp;Le Pic Saint Cyr depuis Antonaves. Le 27 novembre 2025&nbsp;&raquo;<\/span><\/a><\/p>\n","protected":false},"author":23,"featured_media":0,"comment_status":"closed","ping_status":"open","sticky":false,"template":"","format":"standard","meta":{"footnotes":""},"categories":[3],"tags":[],"class_list":["post-14288","post","type-post","status-publish","format-standard","hentry","category-randonnee-pedestre"],"_links":{"self":[{"href":"https:\/\/sentiers05.fr\/index.php\/wp-json\/wp\/v2\/posts\/14288","targetHints":{"allow":["GET"]}}],"collection":[{"href":"https:\/\/sentiers05.fr\/index.php\/wp-json\/wp\/v2\/posts"}],"about":[{"href":"https:\/\/sentiers05.fr\/index.php\/wp-json\/wp\/v2\/types\/post"}],"author":[{"embeddable":true,"href":"https:\/\/sentiers05.fr\/index.php\/wp-json\/wp\/v2\/users\/23"}],"replies":[{"embeddable":true,"href":"https:\/\/sentiers05.fr\/index.php\/wp-json\/wp\/v2\/comments?post=14288"}],"version-history":[{"count":9,"href":"https:\/\/sentiers05.fr\/index.php\/wp-json\/wp\/v2\/posts\/14288\/revisions"}],"predecessor-version":[{"id":14308,"href":"https:\/\/sentiers05.fr\/index.php\/wp-json\/wp\/v2\/posts\/14288\/revisions\/14308"}],"wp:attachment":[{"href":"https:\/\/sentiers05.fr\/index.php\/wp-json\/wp\/v2\/media?parent=14288"}],"wp:term":[{"taxonomy":"category","embeddable":true,"href":"https:\/\/sentiers05.fr\/index.php\/wp-json\/wp\/v2\/categories?post=14288"},{"taxonomy":"post_tag","embeddable":true,"href":"https:\/\/sentiers05.fr\/index.php\/wp-json\/wp\/v2\/tags?post=14288"}],"curies":[{"name":"wp","href":"https:\/\/api.w.org\/{rel}","templated":true}]}}