{"id":14260,"date":"2025-12-02T08:35:19","date_gmt":"2025-12-02T07:35:19","guid":{"rendered":"https:\/\/sentiers05.fr\/?p=14260"},"modified":"2025-12-07T08:20:50","modified_gmt":"2025-12-07T07:20:50","slug":"le-brasque-2","status":"publish","type":"post","link":"https:\/\/sentiers05.fr\/index.php\/2025\/12\/02\/le-brasque-2\/","title":{"rendered":"Le Brasque"},"content":{"rendered":"\n<figure class=\"wp-block-image size-large\"><img loading=\"lazy\" decoding=\"async\" width=\"584\" height=\"443\" src=\"https:\/\/sentiers05.fr\/wp-content\/uploads\/2025\/12\/12-02-2025-Brasque-584x443.jpg\" alt=\"\" class=\"wp-image-14261\" srcset=\"https:\/\/sentiers05.fr\/wp-content\/uploads\/2025\/12\/12-02-2025-Brasque-584x443.jpg 584w, https:\/\/sentiers05.fr\/wp-content\/uploads\/2025\/12\/12-02-2025-Brasque-300x228.jpg 300w, https:\/\/sentiers05.fr\/wp-content\/uploads\/2025\/12\/12-02-2025-Brasque-1536x1165.jpg 1536w, https:\/\/sentiers05.fr\/wp-content\/uploads\/2025\/12\/12-02-2025-Brasque-2048x1554.jpg 2048w, https:\/\/sentiers05.fr\/wp-content\/uploads\/2025\/12\/12-02-2025-Brasque-1200x910.jpg 1200w\" sizes=\"auto, (max-width: 584px) 85vw, 584px\" \/><\/figure>\n\n\n\n<p>La rando douce \u00e7a laisse le temps \u00e0 l\u2019esprit de divaguer, au regard de s\u2019accrocher aux paysages ou d\u2019explorer la flore et parfois la faune comme savent si bien le faire Roselyne et \u00c9lisabeth. Peu de flore avec ces frimas mais des traces qui nous intriguent. Pattes de renard, empreintes de souris, traces de loup, sabots de cervid\u00e9s ? Christiane et Christian nous \u00e9clairent au fur et \u00e0 mesure de nos d\u00e9couvertes.<\/p>\n\n\n\n<!--more-->\n\n\n\n<p>Eh oui, la neige est tomb\u00e9e dans le Champsaur et le trac\u00e9 des chemins connus a disparu sous le blanc manteau.<\/p>\n\n\n\n<div class=\"wp-block-columns is-layout-flex wp-container-core-columns-is-layout-9d6595d7 wp-block-columns-is-layout-flex\">\n<div class=\"wp-block-column is-layout-flow wp-block-column-is-layout-flow\">\n<figure class=\"wp-block-image size-large\"><img loading=\"lazy\" decoding=\"async\" width=\"328\" height=\"584\" src=\"https:\/\/sentiers05.fr\/wp-content\/uploads\/2025\/12\/IMG-20251202-WA0018-328x584.jpg\" alt=\"\" class=\"wp-image-14269\" srcset=\"https:\/\/sentiers05.fr\/wp-content\/uploads\/2025\/12\/IMG-20251202-WA0018-328x584.jpg 328w, https:\/\/sentiers05.fr\/wp-content\/uploads\/2025\/12\/IMG-20251202-WA0018-169x300.jpg 169w, https:\/\/sentiers05.fr\/wp-content\/uploads\/2025\/12\/IMG-20251202-WA0018-864x1536.jpg 864w, https:\/\/sentiers05.fr\/wp-content\/uploads\/2025\/12\/IMG-20251202-WA0018.jpg 899w\" sizes=\"auto, (max-width: 328px) 85vw, 328px\" \/><\/figure>\n<\/div>\n\n\n\n<div class=\"wp-block-column is-layout-flow wp-block-column-is-layout-flow\">\n<figure class=\"wp-block-image size-large\"><img loading=\"lazy\" decoding=\"async\" width=\"328\" height=\"584\" src=\"https:\/\/sentiers05.fr\/wp-content\/uploads\/2025\/12\/IMG-20251202-WA0025-328x584.jpg\" alt=\"\" class=\"wp-image-14270\" srcset=\"https:\/\/sentiers05.fr\/wp-content\/uploads\/2025\/12\/IMG-20251202-WA0025-328x584.jpg 328w, https:\/\/sentiers05.fr\/wp-content\/uploads\/2025\/12\/IMG-20251202-WA0025-169x300.jpg 169w, https:\/\/sentiers05.fr\/wp-content\/uploads\/2025\/12\/IMG-20251202-WA0025-864x1536.jpg 864w, https:\/\/sentiers05.fr\/wp-content\/uploads\/2025\/12\/IMG-20251202-WA0025.jpg 899w\" sizes=\"auto, (max-width: 328px) 85vw, 328px\" \/><\/figure>\n<\/div>\n<\/div>\n\n\n\n<p>Les arbres ont quasiment perdu tous leurs feuilles et celles qui jonchent le chemin ont cette raideur cadav\u00e9rique si caract\u00e9ristique de la fin de vie. Oui l\u2019hiver est l\u00e0 avec ses temp\u00e9ratures qui nous obligent \u00e0 cumuler les couches de v\u00eatements, \u00e0 pratiquer des mouvements d&rsquo;\u00e9chauffement avant de d\u00e9marrer notre marche et \u00e0 \u00e9voquer le vin chaud ou le jus de pommes de claies dont Chantal H a le secret et la recette.<\/p>\n\n\n\n<figure class=\"wp-block-image size-large\"><img loading=\"lazy\" decoding=\"async\" width=\"584\" height=\"329\" src=\"https:\/\/sentiers05.fr\/wp-content\/uploads\/2025\/12\/IMG-20251202-WA0024-584x329.jpg\" alt=\"\" class=\"wp-image-14268\" srcset=\"https:\/\/sentiers05.fr\/wp-content\/uploads\/2025\/12\/IMG-20251202-WA0024-584x329.jpg 584w, https:\/\/sentiers05.fr\/wp-content\/uploads\/2025\/12\/IMG-20251202-WA0024-300x169.jpg 300w, https:\/\/sentiers05.fr\/wp-content\/uploads\/2025\/12\/IMG-20251202-WA0024-1536x864.jpg 1536w, https:\/\/sentiers05.fr\/wp-content\/uploads\/2025\/12\/IMG-20251202-WA0024-1200x675.jpg 1200w, https:\/\/sentiers05.fr\/wp-content\/uploads\/2025\/12\/IMG-20251202-WA0024.jpg 1600w\" sizes=\"auto, (max-width: 584px) 85vw, 584px\" \/><\/figure>\n\n\n\n<p>Nous voici une dizaine de randonneurs arriv\u00e9s \u00e0 St Firmin&#8230;Saint Firmin, ce n&rsquo;est pas un saint dont le nom ni les attributs me sont familiers..<\/p>\n\n\n\n<p>Regardons l&rsquo;hagiographie pour en savoir plus :<\/p>\n\n\n\n<p>Il est \u00e9v\u00eaque d Amiens et martyr des Romains. Ses reliques sont conserv\u00e9es dans cette ville.<\/p>\n\n\n\n<p>La figure de saint Firmin repr\u00e9sente un id\u00e9al de coh\u00e9rence et d\u2019amour de la foi v\u00e9cu \u00e0 une \u00e9poque de grand danger. Son existence, marqu\u00e9e par la d\u00e9termination et le courage, reste une source d\u2019inspiration pour tous ceux qui se reconnaissent dans le message chr\u00e9tien.<\/p>\n\n\n\n<figure class=\"wp-block-image size-large\"><img loading=\"lazy\" decoding=\"async\" width=\"584\" height=\"329\" src=\"https:\/\/sentiers05.fr\/wp-content\/uploads\/2025\/12\/20251202_104357-584x329.jpg\" alt=\"\" class=\"wp-image-14265\" srcset=\"https:\/\/sentiers05.fr\/wp-content\/uploads\/2025\/12\/20251202_104357-584x329.jpg 584w, https:\/\/sentiers05.fr\/wp-content\/uploads\/2025\/12\/20251202_104357-300x169.jpg 300w, https:\/\/sentiers05.fr\/wp-content\/uploads\/2025\/12\/20251202_104357-1536x864.jpg 1536w, https:\/\/sentiers05.fr\/wp-content\/uploads\/2025\/12\/20251202_104357-2048x1152.jpg 2048w, https:\/\/sentiers05.fr\/wp-content\/uploads\/2025\/12\/20251202_104357-1200x675.jpg 1200w\" sizes=\"auto, (max-width: 584px) 85vw, 584px\" \/><\/figure>\n\n\n\n<p>Pour aller aux Brasques, il faut emprunter un petit sentier \u00e0 la sortie du hameau des Hauts de St Firmin qui s \u00e9l\u00e8ve doucement pour atteindre les alpages. L\u00e0 on quitte le chemin pour grimper dans la pente. Pas ce que je pr\u00e9f\u00e8re mais faut suivre G\u00e9rard qui guide le groupe ! J\u2019aime son pas lent qui me permet de me caler \u00e0 son rythme et de ne pas \u00eatre essouffl\u00e9e apr\u00e8s quelques m\u00e8tres de d\u00e9nivel\u00e9. La mont\u00e9e se fait en zig-zag et Christian explique que chacun fait sa trace. Je trouve plus confortable de me mettre dans les traces des uns ou des autres. Les chaussures s\u2019enfoncent d une dizaine de centim\u00e8tres dans cette partie. Mais qu il est agr\u00e9able d\u2019\u00e9couter le crissement de la neige \u00e0 chaque pas, de regarder les montagnes tout autour de nous et dont les sommets blanchis contrastent avec les roches nues. Je pense aux magnifiques encres de Jean-Charles&nbsp; EDEL qui peint la montagne avec tant de force et de r\u00e9alisme. J\u2019aime aussi le silence particulier qui nous assourdit lorsque la neige est tomb\u00e9e et qui nous invite au silence, \u00e0 l\u2019\u00e9merveillement voire au recueillement&#8230;Je pense aux alpinistes, aux secouristes de haute montagne etc&#8230;mon esprit vaque et divague.<\/p>\n\n\n\n<div class=\"wp-block-columns is-layout-flex wp-container-core-columns-is-layout-9d6595d7 wp-block-columns-is-layout-flex\">\n<div class=\"wp-block-column is-layout-flow wp-block-column-is-layout-flow\">\n<figure class=\"wp-block-image size-large\"><img loading=\"lazy\" decoding=\"async\" width=\"584\" height=\"328\" src=\"https:\/\/sentiers05.fr\/wp-content\/uploads\/2025\/12\/IMG-20251202-WA0027-584x328.jpg\" alt=\"\" class=\"wp-image-14271\" srcset=\"https:\/\/sentiers05.fr\/wp-content\/uploads\/2025\/12\/IMG-20251202-WA0027-584x328.jpg 584w, https:\/\/sentiers05.fr\/wp-content\/uploads\/2025\/12\/IMG-20251202-WA0027-300x169.jpg 300w, https:\/\/sentiers05.fr\/wp-content\/uploads\/2025\/12\/IMG-20251202-WA0027-1536x864.jpg 1536w, https:\/\/sentiers05.fr\/wp-content\/uploads\/2025\/12\/IMG-20251202-WA0027-1200x675.jpg 1200w, https:\/\/sentiers05.fr\/wp-content\/uploads\/2025\/12\/IMG-20251202-WA0027.jpg 1599w\" sizes=\"auto, (max-width: 584px) 85vw, 584px\" \/><\/figure>\n\n\n\n<figure class=\"wp-block-image size-large\"><img loading=\"lazy\" decoding=\"async\" width=\"584\" height=\"440\" src=\"https:\/\/sentiers05.fr\/wp-content\/uploads\/2025\/12\/1000060984-584x440.jpg\" alt=\"\" class=\"wp-image-14266\" srcset=\"https:\/\/sentiers05.fr\/wp-content\/uploads\/2025\/12\/1000060984-584x440.jpg 584w, https:\/\/sentiers05.fr\/wp-content\/uploads\/2025\/12\/1000060984-300x226.jpg 300w, https:\/\/sentiers05.fr\/wp-content\/uploads\/2025\/12\/1000060984-1536x1157.jpg 1536w, https:\/\/sentiers05.fr\/wp-content\/uploads\/2025\/12\/1000060984-2048x1542.jpg 2048w, https:\/\/sentiers05.fr\/wp-content\/uploads\/2025\/12\/1000060984-1200x904.jpg 1200w\" sizes=\"auto, (max-width: 584px) 85vw, 584px\" \/><\/figure>\n<\/div>\n\n\n\n<div class=\"wp-block-column is-layout-flow wp-block-column-is-layout-flow\">\n<figure class=\"wp-block-image size-large\"><img loading=\"lazy\" decoding=\"async\" width=\"440\" height=\"584\" src=\"https:\/\/sentiers05.fr\/wp-content\/uploads\/2025\/12\/1000061006-440x584.jpg\" alt=\"\" class=\"wp-image-14272\" srcset=\"https:\/\/sentiers05.fr\/wp-content\/uploads\/2025\/12\/1000061006-440x584.jpg 440w, https:\/\/sentiers05.fr\/wp-content\/uploads\/2025\/12\/1000061006-226x300.jpg 226w, https:\/\/sentiers05.fr\/wp-content\/uploads\/2025\/12\/1000061006-1157x1536.jpg 1157w, https:\/\/sentiers05.fr\/wp-content\/uploads\/2025\/12\/1000061006-1542x2048.jpg 1542w, https:\/\/sentiers05.fr\/wp-content\/uploads\/2025\/12\/1000061006-1200x1594.jpg 1200w, https:\/\/sentiers05.fr\/wp-content\/uploads\/2025\/12\/1000061006-scaled.jpg 1928w\" sizes=\"auto, (max-width: 440px) 85vw, 440px\" \/><\/figure>\n<\/div>\n<\/div>\n\n\n\n<p>On surplombe la cabane de l\u2019arriv\u00e9e du t\u00e9l\u00e9ski qui est devenue un vestige de cette \u00e9poque o\u00f9 l\u2019on pratiquait le ski alpin en famille loin des \u00ab\u00a0grandes\u00a0\u00bb stations.&nbsp;Voici ce que j\u2019ai trouv\u00e9&nbsp; \u00e0 ce propos :<\/p>\n\n\n\n<p>Le t\u00e9l\u00e9ski du \u00ab Col des Vachers \u00bb a \u00e9t\u00e9 construit par l\u2019entreprise Pomagalski en 1963 (210m de d\u00e9nivel\u00e9 pour 660m de long). Situ\u00e9 entre le hameau de l\u2019Esparcelet et le col du m\u00eame nom, il desservait jusqu\u2019en 2005 une piste bleue et 2 pistes rouges. La gare aval \u00e9tait \u00e9quip\u00e9e d\u2019un moteur Ford positionn\u00e9 au sol et reli\u00e9 \u00e0 la poulie motrice via un arbre d\u2019entra\u00eenement. Un Grand Prix r\u00e9put\u00e9 \u00e9tait r\u00e9guli\u00e8rement organis\u00e9 sur l\u2019une des pistes. On trouvait \u00e9galement durant un temps un petit fil neige Schippers dans le champ voisin, mise en place en 1978. Le t\u00e9l\u00e9ski \u00e9tait principalement utilis\u00e9 par les habitants de la commune qui d\u00e9marraient eux-m\u00eames l\u2019installation.<\/p>\n\n\n\n<p>La commune de St Firmin est longtemps rest\u00e9e dans l\u2019impasse par rapport \u00e0 son t\u00e9l\u00e9ski. Impossible de le remettre en service car l\u2019enneigement de la piste, expos\u00e9e plein sud, est devenu trop al\u00e9atoire et la commune n\u2019a pas les moyens financiers d\u2019embaucher perchman et un pisteur-secouriste pour se conformer \u00e0 la r\u00e9glementation. Mais la population de ce village du Valgaudemar reste encore tr\u00e8s attach\u00e9e \u00e0 l\u2019installation, rendant son d\u00e9mant\u00e8lement compliqu\u00e9.<\/p>\n\n\n\n<p>En d\u00e9but d\u2019ann\u00e9e 2019, l\u2019association Valgo\u2019\u00e9v\u00e8nements organisait une descente au flambeau sur l\u2019ancienne piste \u2026 descente \u00e0 pied qui a rassembl\u00e9 pas moins de 200 nostalgiques et se poursuit chaque ann\u00e9e depuis.<\/p>\n\n\n\n<p>Le d\u00e9mant\u00e8lement du t\u00e9l\u00e9ski a finalement d\u00e9but\u00e9 \u00e0 l\u2019automne 2020 par une premi\u00e8re op\u00e9ration de s\u00e9curisation, men\u00e9e par l\u2019association Mountain Wilderness (retrait du c\u00e2ble) puis s\u2019est poursuivi le 6 octobre 2022 avec la mise \u00e0 terre des 6 pyl\u00f4nes. Huit tonnes d\u2019acier ont ainsi \u00e9t\u00e9 r\u00e9cup\u00e9r\u00e9es par un ferrailleur local.<\/p>\n\n\n\n<p>Et l\u2019on poursuit notre chemin sur une ligne de cr\u00eate o\u00f9 l&rsquo;on s&rsquo;enfonce dans 40cm de poudreuse. Certains ont entam\u00e9 une partie de boules de neige. On dirait des coll\u00e9giens \u00e0 la tomb\u00e9e des premiers flocons&#8230;<\/p>\n\n\n\n<p>Apr\u00e8s le pique-nique, il faut se remettre en route et faire le chemin du retour en descente.<\/p>\n\n\n\n<div class=\"wp-block-columns is-layout-flex wp-container-core-columns-is-layout-9d6595d7 wp-block-columns-is-layout-flex\">\n<div class=\"wp-block-column is-layout-flow wp-block-column-is-layout-flow\">\n<figure class=\"wp-block-image size-large\"><img loading=\"lazy\" decoding=\"async\" width=\"329\" height=\"584\" src=\"https:\/\/sentiers05.fr\/wp-content\/uploads\/2025\/12\/20251202_132829-329x584.jpg\" alt=\"\" class=\"wp-image-14273\" srcset=\"https:\/\/sentiers05.fr\/wp-content\/uploads\/2025\/12\/20251202_132829-329x584.jpg 329w, https:\/\/sentiers05.fr\/wp-content\/uploads\/2025\/12\/20251202_132829-169x300.jpg 169w, https:\/\/sentiers05.fr\/wp-content\/uploads\/2025\/12\/20251202_132829-864x1536.jpg 864w, https:\/\/sentiers05.fr\/wp-content\/uploads\/2025\/12\/20251202_132829-1152x2048.jpg 1152w, https:\/\/sentiers05.fr\/wp-content\/uploads\/2025\/12\/20251202_132829-1200x2133.jpg 1200w, https:\/\/sentiers05.fr\/wp-content\/uploads\/2025\/12\/20251202_132829-scaled.jpg 1440w\" sizes=\"auto, (max-width: 329px) 85vw, 329px\" \/><\/figure>\n<\/div>\n\n\n\n<div class=\"wp-block-column is-layout-flow wp-block-column-is-layout-flow\">\n<figure class=\"wp-block-image size-large\"><img loading=\"lazy\" decoding=\"async\" width=\"329\" height=\"584\" src=\"https:\/\/sentiers05.fr\/wp-content\/uploads\/2025\/12\/20251202_131443-329x584.jpg\" alt=\"\" class=\"wp-image-14274\" srcset=\"https:\/\/sentiers05.fr\/wp-content\/uploads\/2025\/12\/20251202_131443-329x584.jpg 329w, https:\/\/sentiers05.fr\/wp-content\/uploads\/2025\/12\/20251202_131443-169x300.jpg 169w, https:\/\/sentiers05.fr\/wp-content\/uploads\/2025\/12\/20251202_131443-864x1536.jpg 864w, https:\/\/sentiers05.fr\/wp-content\/uploads\/2025\/12\/20251202_131443-1152x2048.jpg 1152w, https:\/\/sentiers05.fr\/wp-content\/uploads\/2025\/12\/20251202_131443-1200x2133.jpg 1200w, https:\/\/sentiers05.fr\/wp-content\/uploads\/2025\/12\/20251202_131443-scaled.jpg 1440w\" sizes=\"auto, (max-width: 329px) 85vw, 329px\" \/><\/figure>\n<\/div>\n<\/div>\n\n\n\n<p>Ah quelle belle journ\u00e9e que celle qui s\u2019ach\u00e8ve.<\/p>\n\n\n\n<p>Chacun r\u00eave de son th\u00e9 ou de son vin bien chaud&#8230;C\u2019est selon.<\/p>\n\n\n\n<p>Merci aux chauffeurs, aux accompagnateurs et \u00e0 nos guides du jour.<\/p>\n\n\n\n<p>Texte : Jo\u00eblle                 Photos : Christian, Jean Luc, Jo\u00eblle et St\u00e9phane<\/p>\n","protected":false},"excerpt":{"rendered":"<p>La rando douce \u00e7a laisse le temps \u00e0 l\u2019esprit de divaguer, au regard de s\u2019accrocher aux paysages ou d\u2019explorer la flore et parfois la faune comme savent si bien le faire Roselyne et \u00c9lisabeth. Peu de flore avec ces frimas mais des traces qui nous intriguent. Pattes de renard, empreintes de souris, traces de loup, &hellip; <a href=\"https:\/\/sentiers05.fr\/index.php\/2025\/12\/02\/le-brasque-2\/\" class=\"more-link\">Continuer la lecture<span class=\"screen-reader-text\"> de &laquo;&nbsp;Le Brasque&nbsp;&raquo;<\/span><\/a><\/p>\n","protected":false},"author":20,"featured_media":0,"comment_status":"closed","ping_status":"open","sticky":false,"template":"","format":"standard","meta":{"footnotes":""},"categories":[3],"tags":[],"class_list":["post-14260","post","type-post","status-publish","format-standard","hentry","category-randonnee-pedestre"],"_links":{"self":[{"href":"https:\/\/sentiers05.fr\/index.php\/wp-json\/wp\/v2\/posts\/14260","targetHints":{"allow":["GET"]}}],"collection":[{"href":"https:\/\/sentiers05.fr\/index.php\/wp-json\/wp\/v2\/posts"}],"about":[{"href":"https:\/\/sentiers05.fr\/index.php\/wp-json\/wp\/v2\/types\/post"}],"author":[{"embeddable":true,"href":"https:\/\/sentiers05.fr\/index.php\/wp-json\/wp\/v2\/users\/20"}],"replies":[{"embeddable":true,"href":"https:\/\/sentiers05.fr\/index.php\/wp-json\/wp\/v2\/comments?post=14260"}],"version-history":[{"count":6,"href":"https:\/\/sentiers05.fr\/index.php\/wp-json\/wp\/v2\/posts\/14260\/revisions"}],"predecessor-version":[{"id":14326,"href":"https:\/\/sentiers05.fr\/index.php\/wp-json\/wp\/v2\/posts\/14260\/revisions\/14326"}],"wp:attachment":[{"href":"https:\/\/sentiers05.fr\/index.php\/wp-json\/wp\/v2\/media?parent=14260"}],"wp:term":[{"taxonomy":"category","embeddable":true,"href":"https:\/\/sentiers05.fr\/index.php\/wp-json\/wp\/v2\/categories?post=14260"},{"taxonomy":"post_tag","embeddable":true,"href":"https:\/\/sentiers05.fr\/index.php\/wp-json\/wp\/v2\/tags?post=14260"}],"curies":[{"name":"wp","href":"https:\/\/api.w.org\/{rel}","templated":true}]}}