{"id":14206,"date":"2025-11-20T17:22:25","date_gmt":"2025-11-20T16:22:25","guid":{"rendered":"https:\/\/sentiers05.fr\/?p=14206"},"modified":"2025-11-23T17:23:23","modified_gmt":"2025-11-23T16:23:23","slug":"le-cuchon-de-charance","status":"publish","type":"post","link":"https:\/\/sentiers05.fr\/index.php\/2025\/11\/20\/le-cuchon-de-charance\/","title":{"rendered":"Le Cuchon de Charance"},"content":{"rendered":"\n<p><\/p>\n\n\n\n<figure class=\"wp-block-image size-large\"><img loading=\"lazy\" decoding=\"async\" width=\"584\" height=\"329\" src=\"https:\/\/sentiers05.fr\/wp-content\/uploads\/2025\/11\/24-584x329.jpg\" alt=\"\" class=\"wp-image-14236\" srcset=\"https:\/\/sentiers05.fr\/wp-content\/uploads\/2025\/11\/24-584x329.jpg 584w, https:\/\/sentiers05.fr\/wp-content\/uploads\/2025\/11\/24-300x169.jpg 300w, https:\/\/sentiers05.fr\/wp-content\/uploads\/2025\/11\/24.jpg 798w\" sizes=\"auto, (max-width: 584px) 85vw, 584px\" \/><\/figure>\n\n\n\n<p>Ce matin, dans le frimas gapen\u00e7ais, nous \u00e9tions 13 \u00e0 partir \u00e0 la conqu\u00eate du Cuchon.<\/p>\n\n\n\n<p>En sortant des v\u00e9hicules pr\u00e8s de la chapelle de Cor\u00e9o, nous avons r\u00e9alis\u00e9 que c&rsquo;\u00e9tait l\u00e0 notre premi\u00e8re sortie \u00ab\u00a0hivernale\u00a0\u00bb : gants, bonnet, doudoune sont sortis sans h\u00e9siter de nos sacs.<\/p>\n\n\n\n<!--more-->\n\n\n\n<p>Pour se r\u00e9chauffer, nous avons  acc\u00e9l\u00e9r\u00e9 un peu le pas pour arriver \u00e0 un replat qui surplombe le Sud de Gap. Premi\u00e8re \u00e9tape apr\u00e8s cette mont\u00e9e caillouteuse.  Ce court arr\u00eat nous permet de souffler.<\/p>\n\n\n\n<figure class=\"wp-block-gallery has-nested-images columns-default is-cropped wp-block-gallery-1 is-layout-flex wp-block-gallery-is-layout-flex\">\n<figure class=\"wp-block-image size-large\"><img loading=\"lazy\" decoding=\"async\" width=\"584\" height=\"438\" data-id=\"14221\" src=\"https:\/\/sentiers05.fr\/wp-content\/uploads\/2025\/11\/02-584x438.jpg\" alt=\"\" class=\"wp-image-14221\" srcset=\"https:\/\/sentiers05.fr\/wp-content\/uploads\/2025\/11\/02-584x438.jpg 584w, https:\/\/sentiers05.fr\/wp-content\/uploads\/2025\/11\/02-300x225.jpg 300w, https:\/\/sentiers05.fr\/wp-content\/uploads\/2025\/11\/02-1536x1152.jpg 1536w, https:\/\/sentiers05.fr\/wp-content\/uploads\/2025\/11\/02-2048x1536.jpg 2048w, https:\/\/sentiers05.fr\/wp-content\/uploads\/2025\/11\/02-1200x900.jpg 1200w\" sizes=\"auto, (max-width: 584px) 85vw, 584px\" \/><\/figure>\n\n\n\n<figure class=\"wp-block-image size-large\"><img loading=\"lazy\" decoding=\"async\" width=\"584\" height=\"438\" data-id=\"14222\" src=\"https:\/\/sentiers05.fr\/wp-content\/uploads\/2025\/11\/03-584x438.jpg\" alt=\"\" class=\"wp-image-14222\" srcset=\"https:\/\/sentiers05.fr\/wp-content\/uploads\/2025\/11\/03-584x438.jpg 584w, https:\/\/sentiers05.fr\/wp-content\/uploads\/2025\/11\/03-300x225.jpg 300w, https:\/\/sentiers05.fr\/wp-content\/uploads\/2025\/11\/03-1536x1152.jpg 1536w, https:\/\/sentiers05.fr\/wp-content\/uploads\/2025\/11\/03-2048x1536.jpg 2048w, https:\/\/sentiers05.fr\/wp-content\/uploads\/2025\/11\/03-1200x900.jpg 1200w\" sizes=\"auto, (max-width: 584px) 85vw, 584px\" \/><\/figure>\n\n\n\n<figure class=\"wp-block-image size-large\"><img loading=\"lazy\" decoding=\"async\" width=\"584\" height=\"438\" data-id=\"14220\" src=\"https:\/\/sentiers05.fr\/wp-content\/uploads\/2025\/11\/01-584x438.jpg\" alt=\"\" class=\"wp-image-14220\" srcset=\"https:\/\/sentiers05.fr\/wp-content\/uploads\/2025\/11\/01-584x438.jpg 584w, https:\/\/sentiers05.fr\/wp-content\/uploads\/2025\/11\/01-300x225.jpg 300w, https:\/\/sentiers05.fr\/wp-content\/uploads\/2025\/11\/01-1536x1152.jpg 1536w, https:\/\/sentiers05.fr\/wp-content\/uploads\/2025\/11\/01-2048x1536.jpg 2048w, https:\/\/sentiers05.fr\/wp-content\/uploads\/2025\/11\/01-1200x900.jpg 1200w\" sizes=\"auto, (max-width: 584px) 85vw, 584px\" \/><\/figure>\n<\/figure>\n\n\n\n<p><\/p>\n\n\n\n<p>La deuxi\u00e8me \u00e9tape nous emm\u00e8ne \u00e0 l&rsquo;aire de d\u00e9part des parapentes, par un parcours plus d\u00e9licat, fait de grandes marches (les mains sont parfois n\u00e9cessaires).<\/p>\n\n\n\n<figure class=\"wp-block-gallery has-nested-images columns-default is-cropped wp-block-gallery-2 is-layout-flex wp-block-gallery-is-layout-flex\">\n<figure class=\"wp-block-image size-large\"><img loading=\"lazy\" decoding=\"async\" width=\"329\" height=\"584\" data-id=\"14226\" src=\"https:\/\/sentiers05.fr\/wp-content\/uploads\/2025\/11\/07-329x584.jpg\" alt=\"\" class=\"wp-image-14226\" srcset=\"https:\/\/sentiers05.fr\/wp-content\/uploads\/2025\/11\/07-329x584.jpg 329w, https:\/\/sentiers05.fr\/wp-content\/uploads\/2025\/11\/07-169x300.jpg 169w, https:\/\/sentiers05.fr\/wp-content\/uploads\/2025\/11\/07.jpg 637w\" sizes=\"auto, (max-width: 329px) 85vw, 329px\" \/><\/figure>\n\n\n\n<figure class=\"wp-block-image size-large\"><img loading=\"lazy\" decoding=\"async\" width=\"438\" height=\"584\" data-id=\"14223\" src=\"https:\/\/sentiers05.fr\/wp-content\/uploads\/2025\/11\/04-438x584.jpg\" alt=\"\" class=\"wp-image-14223\" srcset=\"https:\/\/sentiers05.fr\/wp-content\/uploads\/2025\/11\/04-438x584.jpg 438w, https:\/\/sentiers05.fr\/wp-content\/uploads\/2025\/11\/04-225x300.jpg 225w, https:\/\/sentiers05.fr\/wp-content\/uploads\/2025\/11\/04-1152x1536.jpg 1152w, https:\/\/sentiers05.fr\/wp-content\/uploads\/2025\/11\/04-1536x2048.jpg 1536w, https:\/\/sentiers05.fr\/wp-content\/uploads\/2025\/11\/04-1200x1600.jpg 1200w, https:\/\/sentiers05.fr\/wp-content\/uploads\/2025\/11\/04-scaled.jpg 1920w\" sizes=\"auto, (max-width: 438px) 85vw, 438px\" \/><\/figure>\n\n\n\n<figure class=\"wp-block-image size-large\"><img loading=\"lazy\" decoding=\"async\" width=\"584\" height=\"438\" data-id=\"14228\" src=\"https:\/\/sentiers05.fr\/wp-content\/uploads\/2025\/11\/09-584x438.jpg\" alt=\"\" class=\"wp-image-14228\" srcset=\"https:\/\/sentiers05.fr\/wp-content\/uploads\/2025\/11\/09-584x438.jpg 584w, https:\/\/sentiers05.fr\/wp-content\/uploads\/2025\/11\/09-300x225.jpg 300w, https:\/\/sentiers05.fr\/wp-content\/uploads\/2025\/11\/09-1536x1152.jpg 1536w, https:\/\/sentiers05.fr\/wp-content\/uploads\/2025\/11\/09-2048x1536.jpg 2048w, https:\/\/sentiers05.fr\/wp-content\/uploads\/2025\/11\/09-1200x900.jpg 1200w\" sizes=\"auto, (max-width: 584px) 85vw, 584px\" \/><\/figure>\n<\/figure>\n\n\n\n<p><\/p>\n\n\n\n<p>Nous continuons pour trouver un endroit prot\u00e9g\u00e9 du vent pour la traditionnelle \u00ab\u00a0pause banane\u00a0\u00bb.<\/p>\n\n\n\n<figure class=\"wp-block-gallery has-nested-images columns-default is-cropped wp-block-gallery-3 is-layout-flex wp-block-gallery-is-layout-flex\">\n<figure class=\"wp-block-image size-large\"><img loading=\"lazy\" decoding=\"async\" width=\"584\" height=\"328\" data-id=\"14234\" src=\"https:\/\/sentiers05.fr\/wp-content\/uploads\/2025\/11\/15-584x328.jpg\" alt=\"\" class=\"wp-image-14234\" srcset=\"https:\/\/sentiers05.fr\/wp-content\/uploads\/2025\/11\/15-584x328.jpg 584w, https:\/\/sentiers05.fr\/wp-content\/uploads\/2025\/11\/15-300x169.jpg 300w, https:\/\/sentiers05.fr\/wp-content\/uploads\/2025\/11\/15-1536x864.jpg 1536w, https:\/\/sentiers05.fr\/wp-content\/uploads\/2025\/11\/15-1200x675.jpg 1200w, https:\/\/sentiers05.fr\/wp-content\/uploads\/2025\/11\/15.jpg 1599w\" sizes=\"auto, (max-width: 584px) 85vw, 584px\" \/><\/figure>\n\n\n\n<figure class=\"wp-block-image size-large\"><img loading=\"lazy\" decoding=\"async\" width=\"584\" height=\"438\" data-id=\"14233\" src=\"https:\/\/sentiers05.fr\/wp-content\/uploads\/2025\/11\/14-584x438.jpg\" alt=\"\" class=\"wp-image-14233\" srcset=\"https:\/\/sentiers05.fr\/wp-content\/uploads\/2025\/11\/14-584x438.jpg 584w, https:\/\/sentiers05.fr\/wp-content\/uploads\/2025\/11\/14-300x225.jpg 300w, https:\/\/sentiers05.fr\/wp-content\/uploads\/2025\/11\/14-1536x1152.jpg 1536w, https:\/\/sentiers05.fr\/wp-content\/uploads\/2025\/11\/14-2048x1536.jpg 2048w, https:\/\/sentiers05.fr\/wp-content\/uploads\/2025\/11\/14-1200x900.jpg 1200w\" sizes=\"auto, (max-width: 584px) 85vw, 584px\" \/><\/figure>\n<\/figure>\n\n\n\n<p><\/p>\n\n\n\n<p>Ensuite, c&rsquo;est la travers\u00e9e de la cr\u00eate qui nous conduit \u00e0 l&rsquo;objectif de notre randonn\u00e9e : Le Cuchon (1903 m). Courte pause&#8230; <\/p>\n\n\n\n<figure class=\"wp-block-gallery has-nested-images columns-default is-cropped wp-block-gallery-4 is-layout-flex wp-block-gallery-is-layout-flex\">\n<figure class=\"wp-block-image size-large\"><img loading=\"lazy\" decoding=\"async\" width=\"584\" height=\"329\" data-id=\"14231\" src=\"https:\/\/sentiers05.fr\/wp-content\/uploads\/2025\/11\/12-584x329.jpg\" alt=\"\" class=\"wp-image-14231\" srcset=\"https:\/\/sentiers05.fr\/wp-content\/uploads\/2025\/11\/12-584x329.jpg 584w, https:\/\/sentiers05.fr\/wp-content\/uploads\/2025\/11\/12-300x169.jpg 300w, https:\/\/sentiers05.fr\/wp-content\/uploads\/2025\/11\/12.jpg 1131w\" sizes=\"auto, (max-width: 584px) 85vw, 584px\" \/><\/figure>\n\n\n\n<figure class=\"wp-block-image size-large\"><img loading=\"lazy\" decoding=\"async\" width=\"584\" height=\"329\" data-id=\"14229\" src=\"https:\/\/sentiers05.fr\/wp-content\/uploads\/2025\/11\/10-584x329.jpg\" alt=\"\" class=\"wp-image-14229\" srcset=\"https:\/\/sentiers05.fr\/wp-content\/uploads\/2025\/11\/10-584x329.jpg 584w, https:\/\/sentiers05.fr\/wp-content\/uploads\/2025\/11\/10-300x169.jpg 300w, https:\/\/sentiers05.fr\/wp-content\/uploads\/2025\/11\/10.jpg 799w\" sizes=\"auto, (max-width: 584px) 85vw, 584px\" \/><\/figure>\n<\/figure>\n\n\n\n<p><\/p>\n\n\n\n<figure class=\"wp-block-gallery has-nested-images columns-default is-cropped wp-block-gallery-5 is-layout-flex wp-block-gallery-is-layout-flex\">\n<figure class=\"wp-block-image size-large\"><img loading=\"lazy\" decoding=\"async\" width=\"584\" height=\"329\" data-id=\"14243\" src=\"https:\/\/sentiers05.fr\/wp-content\/uploads\/2025\/11\/IMG-20251120-WA0005-584x329.jpg\" alt=\"\" class=\"wp-image-14243\" srcset=\"https:\/\/sentiers05.fr\/wp-content\/uploads\/2025\/11\/IMG-20251120-WA0005-584x329.jpg 584w, https:\/\/sentiers05.fr\/wp-content\/uploads\/2025\/11\/IMG-20251120-WA0005-300x169.jpg 300w, https:\/\/sentiers05.fr\/wp-content\/uploads\/2025\/11\/IMG-20251120-WA0005-1536x864.jpg 1536w, https:\/\/sentiers05.fr\/wp-content\/uploads\/2025\/11\/IMG-20251120-WA0005-1200x675.jpg 1200w, https:\/\/sentiers05.fr\/wp-content\/uploads\/2025\/11\/IMG-20251120-WA0005.jpg 1600w\" sizes=\"auto, (max-width: 584px) 85vw, 584px\" \/><\/figure>\n\n\n\n<figure class=\"wp-block-image size-large\"><img loading=\"lazy\" decoding=\"async\" width=\"584\" height=\"329\" data-id=\"14244\" src=\"https:\/\/sentiers05.fr\/wp-content\/uploads\/2025\/11\/IMG-20251120-WA00071-584x329.jpg\" alt=\"\" class=\"wp-image-14244\" srcset=\"https:\/\/sentiers05.fr\/wp-content\/uploads\/2025\/11\/IMG-20251120-WA00071-584x329.jpg 584w, https:\/\/sentiers05.fr\/wp-content\/uploads\/2025\/11\/IMG-20251120-WA00071-300x169.jpg 300w, https:\/\/sentiers05.fr\/wp-content\/uploads\/2025\/11\/IMG-20251120-WA00071-1536x864.jpg 1536w, https:\/\/sentiers05.fr\/wp-content\/uploads\/2025\/11\/IMG-20251120-WA00071-1200x675.jpg 1200w, https:\/\/sentiers05.fr\/wp-content\/uploads\/2025\/11\/IMG-20251120-WA00071.jpg 1600w\" sizes=\"auto, (max-width: 584px) 85vw, 584px\" \/><\/figure>\n<\/figure>\n\n\n\n<p><\/p>\n\n\n\n<figure class=\"wp-block-gallery has-nested-images columns-default is-cropped wp-block-gallery-6 is-layout-flex wp-block-gallery-is-layout-flex\">\n<figure class=\"wp-block-image size-large\"><img loading=\"lazy\" decoding=\"async\" width=\"584\" height=\"329\" data-id=\"14235\" src=\"https:\/\/sentiers05.fr\/wp-content\/uploads\/2025\/11\/16-584x329.jpg\" alt=\"\" class=\"wp-image-14235\" srcset=\"https:\/\/sentiers05.fr\/wp-content\/uploads\/2025\/11\/16-584x329.jpg 584w, https:\/\/sentiers05.fr\/wp-content\/uploads\/2025\/11\/16-300x169.jpg 300w, https:\/\/sentiers05.fr\/wp-content\/uploads\/2025\/11\/16-1536x864.jpg 1536w, https:\/\/sentiers05.fr\/wp-content\/uploads\/2025\/11\/16-1200x675.jpg 1200w, https:\/\/sentiers05.fr\/wp-content\/uploads\/2025\/11\/16.jpg 1600w\" sizes=\"auto, (max-width: 584px) 85vw, 584px\" \/><\/figure>\n\n\n\n<figure class=\"wp-block-image size-large\"><img loading=\"lazy\" decoding=\"async\" width=\"584\" height=\"438\" data-id=\"14237\" src=\"https:\/\/sentiers05.fr\/wp-content\/uploads\/2025\/11\/25-584x438.jpg\" alt=\"\" class=\"wp-image-14237\" srcset=\"https:\/\/sentiers05.fr\/wp-content\/uploads\/2025\/11\/25-584x438.jpg 584w, https:\/\/sentiers05.fr\/wp-content\/uploads\/2025\/11\/25-300x225.jpg 300w, https:\/\/sentiers05.fr\/wp-content\/uploads\/2025\/11\/25-1536x1152.jpg 1536w, https:\/\/sentiers05.fr\/wp-content\/uploads\/2025\/11\/25-2048x1536.jpg 2048w, https:\/\/sentiers05.fr\/wp-content\/uploads\/2025\/11\/25-1200x900.jpg 1200w\" sizes=\"auto, (max-width: 584px) 85vw, 584px\" \/><\/figure>\n<\/figure>\n\n\n\n<p><\/p>\n\n\n\n<p>et direction le Pic de Charance (1852 m) que nous apercevons au loin.<\/p>\n\n\n\n<figure class=\"wp-block-image size-large\"><img loading=\"lazy\" decoding=\"async\" width=\"584\" height=\"438\" src=\"https:\/\/sentiers05.fr\/wp-content\/uploads\/2025\/11\/26-584x438.jpg\" alt=\"\" class=\"wp-image-14238\" srcset=\"https:\/\/sentiers05.fr\/wp-content\/uploads\/2025\/11\/26-584x438.jpg 584w, https:\/\/sentiers05.fr\/wp-content\/uploads\/2025\/11\/26-300x225.jpg 300w, https:\/\/sentiers05.fr\/wp-content\/uploads\/2025\/11\/26-1536x1152.jpg 1536w, https:\/\/sentiers05.fr\/wp-content\/uploads\/2025\/11\/26-2048x1536.jpg 2048w, https:\/\/sentiers05.fr\/wp-content\/uploads\/2025\/11\/26-1200x900.jpg 1200w\" sizes=\"auto, (max-width: 584px) 85vw, 584px\" \/><\/figure>\n\n\n\n<p>Pour finir, descente jusqu&rsquo;\u00e0 la Br\u00e8che de Charance o\u00f9 nous ne faisons que passer (trop de vent).  Nous commen\u00e7ons donc la descente vers le canal en esp\u00e9rant trouver un abri pour d\u00e9jeuner. Ce qui fut fait \u00e0 13 h  (il y faisait m\u00eame presque chaud).<\/p>\n\n\n\n<figure class=\"wp-block-gallery has-nested-images columns-default is-cropped wp-block-gallery-7 is-layout-flex wp-block-gallery-is-layout-flex\">\n<figure class=\"wp-block-image size-large\"><img loading=\"lazy\" decoding=\"async\" width=\"584\" height=\"438\" data-id=\"14240\" src=\"https:\/\/sentiers05.fr\/wp-content\/uploads\/2025\/11\/28-584x438.jpg\" alt=\"\" class=\"wp-image-14240\" srcset=\"https:\/\/sentiers05.fr\/wp-content\/uploads\/2025\/11\/28-584x438.jpg 584w, https:\/\/sentiers05.fr\/wp-content\/uploads\/2025\/11\/28-300x225.jpg 300w, https:\/\/sentiers05.fr\/wp-content\/uploads\/2025\/11\/28-1536x1152.jpg 1536w, https:\/\/sentiers05.fr\/wp-content\/uploads\/2025\/11\/28-2048x1536.jpg 2048w, https:\/\/sentiers05.fr\/wp-content\/uploads\/2025\/11\/28-1200x900.jpg 1200w\" sizes=\"auto, (max-width: 584px) 85vw, 584px\" \/><\/figure>\n\n\n\n<figure class=\"wp-block-image size-large\"><img loading=\"lazy\" decoding=\"async\" width=\"438\" height=\"584\" data-id=\"14239\" src=\"https:\/\/sentiers05.fr\/wp-content\/uploads\/2025\/11\/27-438x584.jpg\" alt=\"\" class=\"wp-image-14239\" srcset=\"https:\/\/sentiers05.fr\/wp-content\/uploads\/2025\/11\/27-438x584.jpg 438w, https:\/\/sentiers05.fr\/wp-content\/uploads\/2025\/11\/27-225x300.jpg 225w, https:\/\/sentiers05.fr\/wp-content\/uploads\/2025\/11\/27-1152x1536.jpg 1152w, https:\/\/sentiers05.fr\/wp-content\/uploads\/2025\/11\/27-1536x2048.jpg 1536w, https:\/\/sentiers05.fr\/wp-content\/uploads\/2025\/11\/27-1200x1600.jpg 1200w, https:\/\/sentiers05.fr\/wp-content\/uploads\/2025\/11\/27-scaled.jpg 1920w\" sizes=\"auto, (max-width: 438px) 85vw, 438px\" \/><\/figure>\n<\/figure>\n\n\n\n<p><\/p>\n\n\n\n<p>A \u00ab\u00a0moins le quart\u00a0\u00bb, nous repartons et entamons le long retour pour arriver \u00e0  l&rsquo;Ecluse de l&rsquo;Oeuf o\u00f9 nous retrouvons le canal que nous longeons pour rejoindre notre point de d\u00e9part.<\/p>\n\n\n\n<figure class=\"wp-block-gallery has-nested-images columns-default is-cropped wp-block-gallery-8 is-layout-flex wp-block-gallery-is-layout-flex\">\n<figure class=\"wp-block-image size-large\"><img loading=\"lazy\" decoding=\"async\" width=\"584\" height=\"438\" data-id=\"14249\" src=\"https:\/\/sentiers05.fr\/wp-content\/uploads\/2025\/11\/IMG_2637-584x438.jpg\" alt=\"\" class=\"wp-image-14249\" srcset=\"https:\/\/sentiers05.fr\/wp-content\/uploads\/2025\/11\/IMG_2637-584x438.jpg 584w, https:\/\/sentiers05.fr\/wp-content\/uploads\/2025\/11\/IMG_2637-300x225.jpg 300w, https:\/\/sentiers05.fr\/wp-content\/uploads\/2025\/11\/IMG_2637-1536x1152.jpg 1536w, https:\/\/sentiers05.fr\/wp-content\/uploads\/2025\/11\/IMG_2637-2048x1536.jpg 2048w, https:\/\/sentiers05.fr\/wp-content\/uploads\/2025\/11\/IMG_2637-1200x900.jpg 1200w\" sizes=\"auto, (max-width: 584px) 85vw, 584px\" \/><\/figure>\n\n\n\n<figure class=\"wp-block-image size-large\"><img loading=\"lazy\" decoding=\"async\" width=\"438\" height=\"584\" data-id=\"14248\" src=\"https:\/\/sentiers05.fr\/wp-content\/uploads\/2025\/11\/IMG_2636-438x584.jpg\" alt=\"\" class=\"wp-image-14248\" srcset=\"https:\/\/sentiers05.fr\/wp-content\/uploads\/2025\/11\/IMG_2636-438x584.jpg 438w, https:\/\/sentiers05.fr\/wp-content\/uploads\/2025\/11\/IMG_2636-225x300.jpg 225w, https:\/\/sentiers05.fr\/wp-content\/uploads\/2025\/11\/IMG_2636-1152x1536.jpg 1152w, https:\/\/sentiers05.fr\/wp-content\/uploads\/2025\/11\/IMG_2636-1536x2048.jpg 1536w, https:\/\/sentiers05.fr\/wp-content\/uploads\/2025\/11\/IMG_2636-1200x1600.jpg 1200w, https:\/\/sentiers05.fr\/wp-content\/uploads\/2025\/11\/IMG_2636-scaled.jpg 1920w\" sizes=\"auto, (max-width: 438px) 85vw, 438px\" \/><\/figure>\n<\/figure>\n\n\n\n<p><\/p>\n\n\n\n<p>Tr\u00e8s belle randonn\u00e9e avec un ciel d\u00e9gag\u00e9 que l&rsquo;on doit au vent quelque peu glacial.<\/p>\n\n\n\n<p>6 h   pour 788 m de d\u00e9nivel\u00e9e.<\/p>\n","protected":false},"excerpt":{"rendered":"<p>Ce matin, dans le frimas gapen\u00e7ais, nous \u00e9tions 13 \u00e0 partir \u00e0 la conqu\u00eate du Cuchon. En sortant des v\u00e9hicules pr\u00e8s de la chapelle de Cor\u00e9o, nous avons r\u00e9alis\u00e9 que c&rsquo;\u00e9tait l\u00e0 notre premi\u00e8re sortie \u00ab\u00a0hivernale\u00a0\u00bb : gants, bonnet, doudoune sont sortis sans h\u00e9siter de nos sacs.<\/p>\n","protected":false},"author":8,"featured_media":0,"comment_status":"closed","ping_status":"open","sticky":false,"template":"","format":"standard","meta":{"footnotes":""},"categories":[3],"tags":[],"class_list":["post-14206","post","type-post","status-publish","format-standard","hentry","category-randonnee-pedestre"],"_links":{"self":[{"href":"https:\/\/sentiers05.fr\/index.php\/wp-json\/wp\/v2\/posts\/14206","targetHints":{"allow":["GET"]}}],"collection":[{"href":"https:\/\/sentiers05.fr\/index.php\/wp-json\/wp\/v2\/posts"}],"about":[{"href":"https:\/\/sentiers05.fr\/index.php\/wp-json\/wp\/v2\/types\/post"}],"author":[{"embeddable":true,"href":"https:\/\/sentiers05.fr\/index.php\/wp-json\/wp\/v2\/users\/8"}],"replies":[{"embeddable":true,"href":"https:\/\/sentiers05.fr\/index.php\/wp-json\/wp\/v2\/comments?post=14206"}],"version-history":[{"count":17,"href":"https:\/\/sentiers05.fr\/index.php\/wp-json\/wp\/v2\/posts\/14206\/revisions"}],"predecessor-version":[{"id":14258,"href":"https:\/\/sentiers05.fr\/index.php\/wp-json\/wp\/v2\/posts\/14206\/revisions\/14258"}],"wp:attachment":[{"href":"https:\/\/sentiers05.fr\/index.php\/wp-json\/wp\/v2\/media?parent=14206"}],"wp:term":[{"taxonomy":"category","embeddable":true,"href":"https:\/\/sentiers05.fr\/index.php\/wp-json\/wp\/v2\/categories?post=14206"},{"taxonomy":"post_tag","embeddable":true,"href":"https:\/\/sentiers05.fr\/index.php\/wp-json\/wp\/v2\/tags?post=14206"}],"curies":[{"name":"wp","href":"https:\/\/api.w.org\/{rel}","templated":true}]}}