{"id":14172,"date":"2025-11-15T17:33:20","date_gmt":"2025-11-15T16:33:20","guid":{"rendered":"https:\/\/sentiers05.fr\/?p=14172"},"modified":"2025-11-15T17:33:20","modified_gmt":"2025-11-15T16:33:20","slug":"col-de-gleize-1696-m-chaudun-1300-m","status":"publish","type":"post","link":"https:\/\/sentiers05.fr\/index.php\/2025\/11\/15\/col-de-gleize-1696-m-chaudun-1300-m\/","title":{"rendered":"COL DE GLEIZE (1696 m) &#8211; CHAUDUN (1300 m)"},"content":{"rendered":"\n<p> Chaudun, village abandonn\u00e9. Mais pourquoi, quand, comment,&#8230;?<\/p>\n\n\n\n<p>J&rsquo;aurais pu aller consulter Wikip\u00e9dia (Google est mon ami) mais que nenni !<\/p>\n\n\n\n<p>La rando lecture propos\u00e9e par Chantal a en partie r\u00e9pondu \u00e0 mes questions.<br>Des extraits du livre de Luc BRONNER \u00ab\u00a0Chaudun &#8211; La montagne bless\u00e9e\u00a0\u00bb m&rsquo;apprennent que la vie extr\u00eamement rude, la grande mis\u00e8re ont pouss\u00e9 les habitants de ce village recul\u00e9 \u00e0 vendre les terres \u00e0 l&rsquo;Etat en 1895 pour s&rsquo;expatrier notamment aux Etats-Unis ou en Alg\u00e9rie.<\/p>\n\n\n\n<figure class=\"wp-block-image size-large\"><img loading=\"lazy\" decoding=\"async\" width=\"584\" height=\"438\" src=\"https:\/\/sentiers05.fr\/wp-content\/uploads\/2025\/11\/13-11-2025-Chaudun-Panneau-sur-la-vie-1-584x438.jpg\" alt=\"\" class=\"wp-image-14174\" srcset=\"https:\/\/sentiers05.fr\/wp-content\/uploads\/2025\/11\/13-11-2025-Chaudun-Panneau-sur-la-vie-1-584x438.jpg 584w, https:\/\/sentiers05.fr\/wp-content\/uploads\/2025\/11\/13-11-2025-Chaudun-Panneau-sur-la-vie-1-300x225.jpg 300w, https:\/\/sentiers05.fr\/wp-content\/uploads\/2025\/11\/13-11-2025-Chaudun-Panneau-sur-la-vie-1-1536x1152.jpg 1536w, https:\/\/sentiers05.fr\/wp-content\/uploads\/2025\/11\/13-11-2025-Chaudun-Panneau-sur-la-vie-1-1200x900.jpg 1200w, https:\/\/sentiers05.fr\/wp-content\/uploads\/2025\/11\/13-11-2025-Chaudun-Panneau-sur-la-vie-1.jpg 1712w\" sizes=\"auto, (max-width: 584px) 85vw, 584px\" \/><\/figure>\n\n\n\n<p>C\u00f4t\u00e9 rando, paysages magnifiques aux couleurs de l&rsquo;automne, orange, jaune, marron, quelques touches de rouge (pas assez \u00e0 mon go\u00fbt :-)!), grand ciel bleu, temp\u00e9rature agr\u00e9able, compagnons de chemin sympas.<\/p>\n\n\n\n<!--more Continuer la lecture-->\n\n\n\n<div class=\"wp-block-columns is-layout-flex wp-container-core-columns-is-layout-9d6595d7 wp-block-columns-is-layout-flex\">\n<div class=\"wp-block-column is-layout-flow wp-block-column-is-layout-flow\" style=\"flex-basis:100%\">\n<div class=\"wp-block-columns is-layout-flex wp-container-core-columns-is-layout-9d6595d7 wp-block-columns-is-layout-flex\">\n<div class=\"wp-block-column is-layout-flow wp-block-column-is-layout-flow\">\n<figure class=\"wp-block-image size-large\"><img loading=\"lazy\" decoding=\"async\" width=\"438\" height=\"584\" src=\"https:\/\/sentiers05.fr\/wp-content\/uploads\/2025\/11\/13-11-2025-Chaudun-Arbre-tordu-3-438x584.jpg\" alt=\"\" class=\"wp-image-14195\" srcset=\"https:\/\/sentiers05.fr\/wp-content\/uploads\/2025\/11\/13-11-2025-Chaudun-Arbre-tordu-3-438x584.jpg 438w, https:\/\/sentiers05.fr\/wp-content\/uploads\/2025\/11\/13-11-2025-Chaudun-Arbre-tordu-3-225x300.jpg 225w, https:\/\/sentiers05.fr\/wp-content\/uploads\/2025\/11\/13-11-2025-Chaudun-Arbre-tordu-3-1152x1536.jpg 1152w, https:\/\/sentiers05.fr\/wp-content\/uploads\/2025\/11\/13-11-2025-Chaudun-Arbre-tordu-3-1200x1600.jpg 1200w, https:\/\/sentiers05.fr\/wp-content\/uploads\/2025\/11\/13-11-2025-Chaudun-Arbre-tordu-3-rotated.jpg 1253w\" sizes=\"auto, (max-width: 438px) 85vw, 438px\" \/><\/figure>\n<\/div>\n\n\n\n<div class=\"wp-block-column is-layout-flow wp-block-column-is-layout-flow\">\n<figure class=\"wp-block-image size-large\"><img loading=\"lazy\" decoding=\"async\" width=\"438\" height=\"584\" src=\"https:\/\/sentiers05.fr\/wp-content\/uploads\/2025\/11\/13-11-2025-Chaudun-Les-couleurs-de-lautomne-3-438x584.jpg\" alt=\"\" class=\"wp-image-14196\" srcset=\"https:\/\/sentiers05.fr\/wp-content\/uploads\/2025\/11\/13-11-2025-Chaudun-Les-couleurs-de-lautomne-3-438x584.jpg 438w, https:\/\/sentiers05.fr\/wp-content\/uploads\/2025\/11\/13-11-2025-Chaudun-Les-couleurs-de-lautomne-3-225x300.jpg 225w, https:\/\/sentiers05.fr\/wp-content\/uploads\/2025\/11\/13-11-2025-Chaudun-Les-couleurs-de-lautomne-3-1152x1536.jpg 1152w, https:\/\/sentiers05.fr\/wp-content\/uploads\/2025\/11\/13-11-2025-Chaudun-Les-couleurs-de-lautomne-3-1200x1599.jpg 1200w, https:\/\/sentiers05.fr\/wp-content\/uploads\/2025\/11\/13-11-2025-Chaudun-Les-couleurs-de-lautomne-3-rotated.jpg 1466w\" sizes=\"auto, (max-width: 438px) 85vw, 438px\" \/><\/figure>\n<\/div>\n\n\n\n<div class=\"wp-block-column is-layout-flow wp-block-column-is-layout-flow\">\n<figure class=\"wp-block-image size-large\"><img loading=\"lazy\" decoding=\"async\" width=\"438\" height=\"584\" src=\"https:\/\/sentiers05.fr\/wp-content\/uploads\/2025\/11\/13-11-2025-Chaudun-Du-rouge-2-438x584.jpg\" alt=\"\" class=\"wp-image-14197\" srcset=\"https:\/\/sentiers05.fr\/wp-content\/uploads\/2025\/11\/13-11-2025-Chaudun-Du-rouge-2-438x584.jpg 438w, https:\/\/sentiers05.fr\/wp-content\/uploads\/2025\/11\/13-11-2025-Chaudun-Du-rouge-2-225x300.jpg 225w, https:\/\/sentiers05.fr\/wp-content\/uploads\/2025\/11\/13-11-2025-Chaudun-Du-rouge-2-1152x1536.jpg 1152w, https:\/\/sentiers05.fr\/wp-content\/uploads\/2025\/11\/13-11-2025-Chaudun-Du-rouge-2-1200x1600.jpg 1200w, https:\/\/sentiers05.fr\/wp-content\/uploads\/2025\/11\/13-11-2025-Chaudun-Du-rouge-2-rotated.jpg 1238w\" sizes=\"auto, (max-width: 438px) 85vw, 438px\" \/><\/figure>\n<\/div>\n<\/div>\n<\/div>\n<\/div>\n\n\n\n<p>Petit b\u00e9mol pour moi (mais pas que, n&rsquo;est ce pas L\u00e9a ;-)!) : 1\u00e8re partie de la rando , on descend, on descend, on descend ! Arriv\u00e9s au village, on pique-nique, on se r\u00e9conforte. Et pour la 2\u00e8me partie de la rando, on monte, on monte, on monte ! <\/p>\n\n\n\n<div class=\"wp-block-columns is-layout-flex wp-container-core-columns-is-layout-9d6595d7 wp-block-columns-is-layout-flex\">\n<div class=\"wp-block-column is-layout-flow wp-block-column-is-layout-flow\" style=\"flex-basis:100%\">\n<figure class=\"wp-block-image size-large is-resized\"><img loading=\"lazy\" decoding=\"async\" width=\"438\" height=\"584\" src=\"https:\/\/sentiers05.fr\/wp-content\/uploads\/2025\/11\/13-11-2025-Chaudun-Abreuvoir-438x584.jpg\" alt=\"\" class=\"wp-image-14181\" style=\"width:269px;height:auto\" srcset=\"https:\/\/sentiers05.fr\/wp-content\/uploads\/2025\/11\/13-11-2025-Chaudun-Abreuvoir-438x584.jpg 438w, https:\/\/sentiers05.fr\/wp-content\/uploads\/2025\/11\/13-11-2025-Chaudun-Abreuvoir-225x300.jpg 225w, https:\/\/sentiers05.fr\/wp-content\/uploads\/2025\/11\/13-11-2025-Chaudun-Abreuvoir-rotated.jpg 988w\" sizes=\"auto, (max-width: 438px) 85vw, 438px\" \/><\/figure>\n<\/div>\n<\/div>\n\n\n\n<figure class=\"wp-block-image size-large is-resized\"><img loading=\"lazy\" decoding=\"async\" width=\"584\" height=\"438\" src=\"https:\/\/sentiers05.fr\/wp-content\/uploads\/2025\/11\/13-11-2025-Chaudun-Pomme-de-pin-584x438.jpg\" alt=\"\" class=\"wp-image-14184\" style=\"width:219px;height:auto\" srcset=\"https:\/\/sentiers05.fr\/wp-content\/uploads\/2025\/11\/13-11-2025-Chaudun-Pomme-de-pin-584x438.jpg 584w, https:\/\/sentiers05.fr\/wp-content\/uploads\/2025\/11\/13-11-2025-Chaudun-Pomme-de-pin-300x225.jpg 300w, https:\/\/sentiers05.fr\/wp-content\/uploads\/2025\/11\/13-11-2025-Chaudun-Pomme-de-pin-1536x1152.jpg 1536w, https:\/\/sentiers05.fr\/wp-content\/uploads\/2025\/11\/13-11-2025-Chaudun-Pomme-de-pin-2048x1535.jpg 2048w, https:\/\/sentiers05.fr\/wp-content\/uploads\/2025\/11\/13-11-2025-Chaudun-Pomme-de-pin-1200x900.jpg 1200w\" sizes=\"auto, (max-width: 584px) 85vw, 584px\" \/><\/figure>\n\n\n\n<p>Mais \u00e7a valait le coup, aucun regret.<\/p>\n\n\n\n<p>Conclusion : un nouveau livre \u00e0 lire, une belle d\u00e9couverte, une journ\u00e9e en bonne compagnie.<\/p>\n\n\n\n<figure class=\"wp-block-gallery has-nested-images columns-default is-cropped wp-block-gallery-1 is-layout-flex wp-block-gallery-is-layout-flex\">\n<figure class=\"wp-block-image size-large\"><img loading=\"lazy\" decoding=\"async\" width=\"438\" height=\"584\" data-id=\"14182\" src=\"https:\/\/sentiers05.fr\/wp-content\/uploads\/2025\/11\/13-11-2025-Chaudun-Lecture-438x584.jpg\" alt=\"\" class=\"wp-image-14182\" srcset=\"https:\/\/sentiers05.fr\/wp-content\/uploads\/2025\/11\/13-11-2025-Chaudun-Lecture-438x584.jpg 438w, https:\/\/sentiers05.fr\/wp-content\/uploads\/2025\/11\/13-11-2025-Chaudun-Lecture-225x300.jpg 225w, https:\/\/sentiers05.fr\/wp-content\/uploads\/2025\/11\/13-11-2025-Chaudun-Lecture-1152x1536.jpg 1152w, https:\/\/sentiers05.fr\/wp-content\/uploads\/2025\/11\/13-11-2025-Chaudun-Lecture-1200x1600.jpg 1200w, https:\/\/sentiers05.fr\/wp-content\/uploads\/2025\/11\/13-11-2025-Chaudun-Lecture-rotated.jpg 1293w\" sizes=\"auto, (max-width: 438px) 85vw, 438px\" \/><\/figure>\n\n\n\n<figure class=\"wp-block-image size-large\"><img loading=\"lazy\" decoding=\"async\" width=\"438\" height=\"584\" data-id=\"14183\" src=\"https:\/\/sentiers05.fr\/wp-content\/uploads\/2025\/11\/13-11-2025-Chaudun-Lecture-2-438x584.jpg\" alt=\"\" class=\"wp-image-14183\" srcset=\"https:\/\/sentiers05.fr\/wp-content\/uploads\/2025\/11\/13-11-2025-Chaudun-Lecture-2-438x584.jpg 438w, https:\/\/sentiers05.fr\/wp-content\/uploads\/2025\/11\/13-11-2025-Chaudun-Lecture-2-225x300.jpg 225w, https:\/\/sentiers05.fr\/wp-content\/uploads\/2025\/11\/13-11-2025-Chaudun-Lecture-2-1152x1536.jpg 1152w, https:\/\/sentiers05.fr\/wp-content\/uploads\/2025\/11\/13-11-2025-Chaudun-Lecture-2-1200x1600.jpg 1200w, https:\/\/sentiers05.fr\/wp-content\/uploads\/2025\/11\/13-11-2025-Chaudun-Lecture-2-rotated.jpg 1497w\" sizes=\"auto, (max-width: 438px) 85vw, 438px\" \/><\/figure>\n<\/figure>\n\n\n\n<p>Merci Chantal pour cette rando lecture<\/p>\n\n\n\n<p><\/p>\n","protected":false},"excerpt":{"rendered":"<p>Chaudun, village abandonn\u00e9. Mais pourquoi, quand, comment,&#8230;? J&rsquo;aurais pu aller consulter Wikip\u00e9dia (Google est mon ami) mais que nenni ! La rando lecture propos\u00e9e par Chantal a en partie r\u00e9pondu \u00e0 mes questions.Des extraits du livre de Luc BRONNER \u00ab\u00a0Chaudun &#8211; La montagne bless\u00e9e\u00a0\u00bb m&rsquo;apprennent que la vie extr\u00eamement rude, la grande mis\u00e8re ont pouss\u00e9 &hellip; <a href=\"https:\/\/sentiers05.fr\/index.php\/2025\/11\/15\/col-de-gleize-1696-m-chaudun-1300-m\/\" class=\"more-link\">Continuer la lecture<span class=\"screen-reader-text\"> de &laquo;&nbsp;COL DE GLEIZE (1696 m) &#8211; CHAUDUN (1300 m)&nbsp;&raquo;<\/span><\/a><\/p>\n","protected":false},"author":26,"featured_media":0,"comment_status":"closed","ping_status":"open","sticky":false,"template":"","format":"standard","meta":{"footnotes":""},"categories":[3],"tags":[],"class_list":["post-14172","post","type-post","status-publish","format-standard","hentry","category-randonnee-pedestre"],"_links":{"self":[{"href":"https:\/\/sentiers05.fr\/index.php\/wp-json\/wp\/v2\/posts\/14172","targetHints":{"allow":["GET"]}}],"collection":[{"href":"https:\/\/sentiers05.fr\/index.php\/wp-json\/wp\/v2\/posts"}],"about":[{"href":"https:\/\/sentiers05.fr\/index.php\/wp-json\/wp\/v2\/types\/post"}],"author":[{"embeddable":true,"href":"https:\/\/sentiers05.fr\/index.php\/wp-json\/wp\/v2\/users\/26"}],"replies":[{"embeddable":true,"href":"https:\/\/sentiers05.fr\/index.php\/wp-json\/wp\/v2\/comments?post=14172"}],"version-history":[{"count":7,"href":"https:\/\/sentiers05.fr\/index.php\/wp-json\/wp\/v2\/posts\/14172\/revisions"}],"predecessor-version":[{"id":14198,"href":"https:\/\/sentiers05.fr\/index.php\/wp-json\/wp\/v2\/posts\/14172\/revisions\/14198"}],"wp:attachment":[{"href":"https:\/\/sentiers05.fr\/index.php\/wp-json\/wp\/v2\/media?parent=14172"}],"wp:term":[{"taxonomy":"category","embeddable":true,"href":"https:\/\/sentiers05.fr\/index.php\/wp-json\/wp\/v2\/categories?post=14172"},{"taxonomy":"post_tag","embeddable":true,"href":"https:\/\/sentiers05.fr\/index.php\/wp-json\/wp\/v2\/tags?post=14172"}],"curies":[{"name":"wp","href":"https:\/\/api.w.org\/{rel}","templated":true}]}}