{"id":13937,"date":"2025-10-14T17:35:03","date_gmt":"2025-10-14T15:35:03","guid":{"rendered":"https:\/\/sentiers05.fr\/?p=13937"},"modified":"2025-10-16T17:37:01","modified_gmt":"2025-10-16T15:37:01","slug":"la-manche","status":"publish","type":"post","link":"https:\/\/sentiers05.fr\/index.php\/2025\/10\/14\/la-manche\/","title":{"rendered":"La Manche"},"content":{"rendered":"\n<figure class=\"wp-block-image size-large\"><img loading=\"lazy\" decoding=\"async\" width=\"584\" height=\"443\" src=\"https:\/\/sentiers05.fr\/wp-content\/uploads\/2025\/10\/10-14-la-Manche-584x443.jpg\" alt=\"\" class=\"wp-image-13938\" srcset=\"https:\/\/sentiers05.fr\/wp-content\/uploads\/2025\/10\/10-14-la-Manche-584x443.jpg 584w, https:\/\/sentiers05.fr\/wp-content\/uploads\/2025\/10\/10-14-la-Manche-300x228.jpg 300w, https:\/\/sentiers05.fr\/wp-content\/uploads\/2025\/10\/10-14-la-Manche-1536x1165.jpg 1536w, https:\/\/sentiers05.fr\/wp-content\/uploads\/2025\/10\/10-14-la-Manche-2048x1554.jpg 2048w, https:\/\/sentiers05.fr\/wp-content\/uploads\/2025\/10\/10-14-la-Manche-1200x910.jpg 1200w\" sizes=\"auto, (max-width: 584px) 85vw, 584px\" \/><\/figure>\n\n\n\n<p>Randonn\u00e9e co-organis\u00e9e par Jean-Luc et Christian.<\/p>\n\n\n\n<!--more-->\n\n\n\n<p>Nous \u00e9tions 17 personnes \u00e0 nous engager sur ce circuit au d\u00e9part de Ce\u00fcse station en direction du collet de la Manche. <\/p>\n\n\n\n<figure class=\"wp-block-image size-large\"><img loading=\"lazy\" decoding=\"async\" width=\"584\" height=\"329\" src=\"https:\/\/sentiers05.fr\/wp-content\/uploads\/2025\/10\/20251014_093340-584x329.jpg\" alt=\"\" class=\"wp-image-13948\" srcset=\"https:\/\/sentiers05.fr\/wp-content\/uploads\/2025\/10\/20251014_093340-584x329.jpg 584w, https:\/\/sentiers05.fr\/wp-content\/uploads\/2025\/10\/20251014_093340-300x169.jpg 300w, https:\/\/sentiers05.fr\/wp-content\/uploads\/2025\/10\/20251014_093340-1536x864.jpg 1536w, https:\/\/sentiers05.fr\/wp-content\/uploads\/2025\/10\/20251014_093340-2048x1152.jpg 2048w, https:\/\/sentiers05.fr\/wp-content\/uploads\/2025\/10\/20251014_093340-1200x675.jpg 1200w\" sizes=\"auto, (max-width: 584px) 85vw, 584px\" \/><\/figure>\n\n\n\n<p>D\u00e9part sous un temps plut\u00f4t couvert avec quelques \u00e9claircies passag\u00e8res mettant en valeur les magnifiques couleurs de l&rsquo;automne. Nous sommes pass\u00e9s \u00e0 proximit\u00e9 d&rsquo;un sapin Harpe gigantesque. Une belle l\u00e9gende nous est racont\u00e9e \u00e0 son sujet.<\/p>\n\n\n\n<div class=\"wp-block-columns is-layout-flex wp-container-core-columns-is-layout-9d6595d7 wp-block-columns-is-layout-flex\">\n<div class=\"wp-block-column is-layout-flow wp-block-column-is-layout-flow\">\n<figure class=\"wp-block-image size-large\"><img loading=\"lazy\" decoding=\"async\" width=\"584\" height=\"270\" src=\"https:\/\/sentiers05.fr\/wp-content\/uploads\/2025\/10\/IMG-20251014-WA0001-584x270.jpg\" alt=\"\" class=\"wp-image-13950\" srcset=\"https:\/\/sentiers05.fr\/wp-content\/uploads\/2025\/10\/IMG-20251014-WA0001-584x270.jpg 584w, https:\/\/sentiers05.fr\/wp-content\/uploads\/2025\/10\/IMG-20251014-WA0001-300x139.jpg 300w, https:\/\/sentiers05.fr\/wp-content\/uploads\/2025\/10\/IMG-20251014-WA0001-1536x710.jpg 1536w, https:\/\/sentiers05.fr\/wp-content\/uploads\/2025\/10\/IMG-20251014-WA0001-1200x554.jpg 1200w, https:\/\/sentiers05.fr\/wp-content\/uploads\/2025\/10\/IMG-20251014-WA0001.jpg 2000w\" sizes=\"auto, (max-width: 584px) 85vw, 584px\" \/><\/figure>\n<\/div>\n\n\n\n<div class=\"wp-block-column is-layout-flow wp-block-column-is-layout-flow\">\n<figure class=\"wp-block-image size-large\"><img loading=\"lazy\" decoding=\"async\" width=\"584\" height=\"270\" src=\"https:\/\/sentiers05.fr\/wp-content\/uploads\/2025\/10\/IMG-20251014-WA0016-584x270.jpg\" alt=\"\" class=\"wp-image-13949\" srcset=\"https:\/\/sentiers05.fr\/wp-content\/uploads\/2025\/10\/IMG-20251014-WA0016-584x270.jpg 584w, https:\/\/sentiers05.fr\/wp-content\/uploads\/2025\/10\/IMG-20251014-WA0016-300x139.jpg 300w, https:\/\/sentiers05.fr\/wp-content\/uploads\/2025\/10\/IMG-20251014-WA0016-1536x710.jpg 1536w, https:\/\/sentiers05.fr\/wp-content\/uploads\/2025\/10\/IMG-20251014-WA0016-1200x554.jpg 1200w, https:\/\/sentiers05.fr\/wp-content\/uploads\/2025\/10\/IMG-20251014-WA0016.jpg 2000w\" sizes=\"auto, (max-width: 584px) 85vw, 584px\" \/><\/figure>\n<\/div>\n<\/div>\n\n\n\n<p>Au fil du trajet la v\u00e9g\u00e9tation se fait plus rare et nous d\u00e9couvrons de magnifiques paysages plus rocheux tout autour de nous. Dommage que nous n&rsquo;ayons pas pu profiter de la vue panoramique \u00e0 cause de la couche nuageuse.<\/p>\n\n\n\n<div class=\"wp-block-columns is-layout-flex wp-container-core-columns-is-layout-9d6595d7 wp-block-columns-is-layout-flex\">\n<div class=\"wp-block-column is-layout-flow wp-block-column-is-layout-flow\">\n<figure class=\"wp-block-image size-large\"><img loading=\"lazy\" decoding=\"async\" width=\"584\" height=\"270\" src=\"https:\/\/sentiers05.fr\/wp-content\/uploads\/2025\/10\/IMG-20251014-WA0014-584x270.jpg\" alt=\"\" class=\"wp-image-13951\" srcset=\"https:\/\/sentiers05.fr\/wp-content\/uploads\/2025\/10\/IMG-20251014-WA0014-584x270.jpg 584w, https:\/\/sentiers05.fr\/wp-content\/uploads\/2025\/10\/IMG-20251014-WA0014-300x139.jpg 300w, https:\/\/sentiers05.fr\/wp-content\/uploads\/2025\/10\/IMG-20251014-WA0014-1536x710.jpg 1536w, https:\/\/sentiers05.fr\/wp-content\/uploads\/2025\/10\/IMG-20251014-WA0014-1200x554.jpg 1200w, https:\/\/sentiers05.fr\/wp-content\/uploads\/2025\/10\/IMG-20251014-WA0014.jpg 2000w\" sizes=\"auto, (max-width: 584px) 85vw, 584px\" \/><\/figure>\n<\/div>\n\n\n\n<div class=\"wp-block-column is-layout-flow wp-block-column-is-layout-flow\">\n<figure class=\"wp-block-image size-large\"><img loading=\"lazy\" decoding=\"async\" width=\"584\" height=\"270\" src=\"https:\/\/sentiers05.fr\/wp-content\/uploads\/2025\/10\/IMG-20251014-WA0017-584x270.jpg\" alt=\"\" class=\"wp-image-13953\" srcset=\"https:\/\/sentiers05.fr\/wp-content\/uploads\/2025\/10\/IMG-20251014-WA0017-584x270.jpg 584w, https:\/\/sentiers05.fr\/wp-content\/uploads\/2025\/10\/IMG-20251014-WA0017-300x139.jpg 300w, https:\/\/sentiers05.fr\/wp-content\/uploads\/2025\/10\/IMG-20251014-WA0017-1536x710.jpg 1536w, https:\/\/sentiers05.fr\/wp-content\/uploads\/2025\/10\/IMG-20251014-WA0017-1200x554.jpg 1200w, https:\/\/sentiers05.fr\/wp-content\/uploads\/2025\/10\/IMG-20251014-WA0017.jpg 2000w\" sizes=\"auto, (max-width: 584px) 85vw, 584px\" \/><\/figure>\n<\/div>\n<\/div>\n\n\n\n<p>La temp\u00e9rature \u00e9tait malgr\u00e9 tout assez douce et il n&rsquo;y avait pas de vent.<\/p>\n\n\n\n<div class=\"wp-block-columns is-layout-flex wp-container-core-columns-is-layout-9d6595d7 wp-block-columns-is-layout-flex\">\n<div class=\"wp-block-column is-layout-flow wp-block-column-is-layout-flow\">\n<figure class=\"wp-block-image size-large\"><img loading=\"lazy\" decoding=\"async\" width=\"584\" height=\"329\" src=\"https:\/\/sentiers05.fr\/wp-content\/uploads\/2025\/10\/IMG-20251015-WA0012-584x329.jpg\" alt=\"\" class=\"wp-image-13955\" srcset=\"https:\/\/sentiers05.fr\/wp-content\/uploads\/2025\/10\/IMG-20251015-WA0012-584x329.jpg 584w, https:\/\/sentiers05.fr\/wp-content\/uploads\/2025\/10\/IMG-20251015-WA0012-300x169.jpg 300w, https:\/\/sentiers05.fr\/wp-content\/uploads\/2025\/10\/IMG-20251015-WA0012-1536x864.jpg 1536w, https:\/\/sentiers05.fr\/wp-content\/uploads\/2025\/10\/IMG-20251015-WA0012-1200x675.jpg 1200w, https:\/\/sentiers05.fr\/wp-content\/uploads\/2025\/10\/IMG-20251015-WA0012.jpg 1600w\" sizes=\"auto, (max-width: 584px) 85vw, 584px\" \/><\/figure>\n<\/div>\n\n\n\n<div class=\"wp-block-column is-layout-flow wp-block-column-is-layout-flow\">\n<figure class=\"wp-block-image size-large\"><img loading=\"lazy\" decoding=\"async\" width=\"584\" height=\"329\" src=\"https:\/\/sentiers05.fr\/wp-content\/uploads\/2025\/10\/IMG-20251015-WA0022-584x329.jpg\" alt=\"\" class=\"wp-image-13960\" srcset=\"https:\/\/sentiers05.fr\/wp-content\/uploads\/2025\/10\/IMG-20251015-WA0022-584x329.jpg 584w, https:\/\/sentiers05.fr\/wp-content\/uploads\/2025\/10\/IMG-20251015-WA0022-300x169.jpg 300w, https:\/\/sentiers05.fr\/wp-content\/uploads\/2025\/10\/IMG-20251015-WA0022-1536x864.jpg 1536w, https:\/\/sentiers05.fr\/wp-content\/uploads\/2025\/10\/IMG-20251015-WA0022-1200x675.jpg 1200w, https:\/\/sentiers05.fr\/wp-content\/uploads\/2025\/10\/IMG-20251015-WA0022.jpg 1600w\" sizes=\"auto, (max-width: 584px) 85vw, 584px\" \/><\/figure>\n<\/div>\n<\/div>\n\n\n\n<p>Au sommet de la Manche, nous nous retrouvons pour manger sous une belle \u00e9claircie qui donne envie de faire tomber la veste peu apr\u00e8s avoir observ\u00e9 3 chamois<\/p>\n\n\n\n<div class=\"wp-block-columns is-layout-flex wp-container-core-columns-is-layout-9d6595d7 wp-block-columns-is-layout-flex\">\n<div class=\"wp-block-column is-layout-flow wp-block-column-is-layout-flow\">\n<figure class=\"wp-block-image size-large\"><img loading=\"lazy\" decoding=\"async\" width=\"329\" height=\"584\" src=\"https:\/\/sentiers05.fr\/wp-content\/uploads\/2025\/10\/IMG-20251015-WA0011-329x584.jpg\" alt=\"\" class=\"wp-image-13957\" srcset=\"https:\/\/sentiers05.fr\/wp-content\/uploads\/2025\/10\/IMG-20251015-WA0011-329x584.jpg 329w, https:\/\/sentiers05.fr\/wp-content\/uploads\/2025\/10\/IMG-20251015-WA0011-169x300.jpg 169w, https:\/\/sentiers05.fr\/wp-content\/uploads\/2025\/10\/IMG-20251015-WA0011-864x1536.jpg 864w, https:\/\/sentiers05.fr\/wp-content\/uploads\/2025\/10\/IMG-20251015-WA0011.jpg 900w\" sizes=\"auto, (max-width: 329px) 85vw, 329px\" \/><\/figure>\n<\/div>\n\n\n\n<div class=\"wp-block-column is-layout-flow wp-block-column-is-layout-flow\">\n<figure class=\"wp-block-image size-large\"><img loading=\"lazy\" decoding=\"async\" width=\"329\" height=\"584\" src=\"https:\/\/sentiers05.fr\/wp-content\/uploads\/2025\/10\/IMG-20251015-WA0024-329x584.jpg\" alt=\"\" class=\"wp-image-13959\" srcset=\"https:\/\/sentiers05.fr\/wp-content\/uploads\/2025\/10\/IMG-20251015-WA0024-329x584.jpg 329w, https:\/\/sentiers05.fr\/wp-content\/uploads\/2025\/10\/IMG-20251015-WA0024-169x300.jpg 169w, https:\/\/sentiers05.fr\/wp-content\/uploads\/2025\/10\/IMG-20251015-WA0024-864x1536.jpg 864w, https:\/\/sentiers05.fr\/wp-content\/uploads\/2025\/10\/IMG-20251015-WA0024.jpg 900w\" sizes=\"auto, (max-width: 329px) 85vw, 329px\" \/><\/figure>\n<\/div>\n\n\n\n<div class=\"wp-block-column is-layout-flow wp-block-column-is-layout-flow\">\n<figure class=\"wp-block-image size-large\"><img loading=\"lazy\" decoding=\"async\" width=\"329\" height=\"584\" src=\"https:\/\/sentiers05.fr\/wp-content\/uploads\/2025\/10\/IMG-20251015-WA0015-329x584.jpg\" alt=\"\" class=\"wp-image-13958\" srcset=\"https:\/\/sentiers05.fr\/wp-content\/uploads\/2025\/10\/IMG-20251015-WA0015-329x584.jpg 329w, https:\/\/sentiers05.fr\/wp-content\/uploads\/2025\/10\/IMG-20251015-WA0015-169x300.jpg 169w, https:\/\/sentiers05.fr\/wp-content\/uploads\/2025\/10\/IMG-20251015-WA0015-864x1536.jpg 864w, https:\/\/sentiers05.fr\/wp-content\/uploads\/2025\/10\/IMG-20251015-WA0015.jpg 900w\" sizes=\"auto, (max-width: 329px) 85vw, 329px\" \/><\/figure>\n<\/div>\n<\/div>\n\n\n\n<p>Un groupe super sympathique, avec beaucoup de partages, de rigolades, et d&rsquo;\u00e9changes.<\/p>\n\n\n\n<figure class=\"wp-block-image size-large\"><img loading=\"lazy\" decoding=\"async\" width=\"584\" height=\"329\" src=\"https:\/\/sentiers05.fr\/wp-content\/uploads\/2025\/10\/IMG-20251015-WA0003-584x329.jpg\" alt=\"\" class=\"wp-image-13944\" srcset=\"https:\/\/sentiers05.fr\/wp-content\/uploads\/2025\/10\/IMG-20251015-WA0003-584x329.jpg 584w, https:\/\/sentiers05.fr\/wp-content\/uploads\/2025\/10\/IMG-20251015-WA0003-300x169.jpg 300w, https:\/\/sentiers05.fr\/wp-content\/uploads\/2025\/10\/IMG-20251015-WA0003-1536x864.jpg 1536w, https:\/\/sentiers05.fr\/wp-content\/uploads\/2025\/10\/IMG-20251015-WA0003-1200x675.jpg 1200w, https:\/\/sentiers05.fr\/wp-content\/uploads\/2025\/10\/IMG-20251015-WA0003.jpg 1600w\" sizes=\"auto, (max-width: 584px) 85vw, 584px\" \/><\/figure>\n\n\n\n<p>C&rsquo;\u00e9tait super agr\u00e9able de partager cela avec vous tous. <\/p>\n\n\n\n<p> Merci pour l&rsquo;invitation, je reviendrai.<\/p>\n\n\n\n<p>Texte Antony                                 Photos de nombreux participants<\/p>\n","protected":false},"excerpt":{"rendered":"<p>Randonn\u00e9e co-organis\u00e9e par Jean-Luc et Christian.<\/p>\n","protected":false},"author":20,"featured_media":0,"comment_status":"closed","ping_status":"open","sticky":false,"template":"","format":"standard","meta":{"footnotes":""},"categories":[3],"tags":[],"class_list":["post-13937","post","type-post","status-publish","format-standard","hentry","category-randonnee-pedestre"],"_links":{"self":[{"href":"https:\/\/sentiers05.fr\/index.php\/wp-json\/wp\/v2\/posts\/13937","targetHints":{"allow":["GET"]}}],"collection":[{"href":"https:\/\/sentiers05.fr\/index.php\/wp-json\/wp\/v2\/posts"}],"about":[{"href":"https:\/\/sentiers05.fr\/index.php\/wp-json\/wp\/v2\/types\/post"}],"author":[{"embeddable":true,"href":"https:\/\/sentiers05.fr\/index.php\/wp-json\/wp\/v2\/users\/20"}],"replies":[{"embeddable":true,"href":"https:\/\/sentiers05.fr\/index.php\/wp-json\/wp\/v2\/comments?post=13937"}],"version-history":[{"count":4,"href":"https:\/\/sentiers05.fr\/index.php\/wp-json\/wp\/v2\/posts\/13937\/revisions"}],"predecessor-version":[{"id":13961,"href":"https:\/\/sentiers05.fr\/index.php\/wp-json\/wp\/v2\/posts\/13937\/revisions\/13961"}],"wp:attachment":[{"href":"https:\/\/sentiers05.fr\/index.php\/wp-json\/wp\/v2\/media?parent=13937"}],"wp:term":[{"taxonomy":"category","embeddable":true,"href":"https:\/\/sentiers05.fr\/index.php\/wp-json\/wp\/v2\/categories?post=13937"},{"taxonomy":"post_tag","embeddable":true,"href":"https:\/\/sentiers05.fr\/index.php\/wp-json\/wp\/v2\/tags?post=13937"}],"curies":[{"name":"wp","href":"https:\/\/api.w.org\/{rel}","templated":true}]}}