{"id":13903,"date":"2025-10-07T19:46:06","date_gmt":"2025-10-07T17:46:06","guid":{"rendered":"https:\/\/sentiers05.fr\/?p=13903"},"modified":"2025-10-10T19:47:51","modified_gmt":"2025-10-10T17:47:51","slug":"randonnees-a-pellafol","status":"publish","type":"post","link":"https:\/\/sentiers05.fr\/index.php\/2025\/10\/07\/randonnees-a-pellafol\/","title":{"rendered":"Randonn\u00e9es \u00e0 Pellafol"},"content":{"rendered":"\n<figure class=\"wp-block-image size-large\"><img loading=\"lazy\" decoding=\"async\" width=\"584\" height=\"443\" src=\"https:\/\/sentiers05.fr\/wp-content\/uploads\/2025\/10\/10-07-Pellafo-sentierl-584x443.jpg\" alt=\"\" class=\"wp-image-13904\" srcset=\"https:\/\/sentiers05.fr\/wp-content\/uploads\/2025\/10\/10-07-Pellafo-sentierl-584x443.jpg 584w, https:\/\/sentiers05.fr\/wp-content\/uploads\/2025\/10\/10-07-Pellafo-sentierl-300x228.jpg 300w, https:\/\/sentiers05.fr\/wp-content\/uploads\/2025\/10\/10-07-Pellafo-sentierl-1536x1165.jpg 1536w, https:\/\/sentiers05.fr\/wp-content\/uploads\/2025\/10\/10-07-Pellafo-sentierl-2048x1554.jpg 2048w, https:\/\/sentiers05.fr\/wp-content\/uploads\/2025\/10\/10-07-Pellafo-sentierl-1200x910.jpg 1200w\" sizes=\"auto, (max-width: 584px) 85vw, 584px\" \/><\/figure>\n\n\n\n<p><strong>Le Vieux Pellafol :<\/strong> 7 randonneurs pour 11,5 km de distance et 325m de d\u00e9nivel\u00e9   <strong>Le Canal de Pellafol :<\/strong> 3 randonneurs pour 8 km de distance et 125m de d\u00e9nivel\u00e9<\/p>\n\n\n\n<!--more-->\n\n\n\n<div class=\"wp-block-columns is-layout-flex wp-container-core-columns-is-layout-9d6595d7 wp-block-columns-is-layout-flex\">\n<div class=\"wp-block-column is-layout-flow wp-block-column-is-layout-flow\">\n<p>Nous sommes le 7 octobre. La m\u00e9t\u00e9o nous promet le soleil et une douce journ\u00e9e de d\u00e9but d&rsquo;automne. Nous partons 7+3 heureux \u00e0 l&rsquo;id\u00e9e de nouvelles d\u00e9couvertes.\u00a0 <\/p>\n\n\n\n<p><\/p>\n\n\n\n<figure class=\"wp-block-image size-large\"><img loading=\"lazy\" decoding=\"async\" width=\"584\" height=\"270\" src=\"https:\/\/sentiers05.fr\/wp-content\/uploads\/2025\/10\/IMG-20251008-WA0016-584x270.jpg\" alt=\"\" class=\"wp-image-13923\" srcset=\"https:\/\/sentiers05.fr\/wp-content\/uploads\/2025\/10\/IMG-20251008-WA0016-584x270.jpg 584w, https:\/\/sentiers05.fr\/wp-content\/uploads\/2025\/10\/IMG-20251008-WA0016-300x139.jpg 300w, https:\/\/sentiers05.fr\/wp-content\/uploads\/2025\/10\/IMG-20251008-WA0016-1536x710.jpg 1536w, https:\/\/sentiers05.fr\/wp-content\/uploads\/2025\/10\/IMG-20251008-WA0016-1200x554.jpg 1200w, https:\/\/sentiers05.fr\/wp-content\/uploads\/2025\/10\/IMG-20251008-WA0016.jpg 2000w\" sizes=\"auto, (max-width: 584px) 85vw, 584px\" \/><\/figure>\n\n\n\n<p> Ce sont des barrages dont le but est de canaliser le torrent de de casser la vitesse de l&rsquo;eau afin de diminuer l&rsquo;\u00e9rosion et de permettre la consolidation du sol par la re-v\u00e9g\u00e9talisation. Un panneau \u00ab\u00a0avec\/sans\u00a0\u00bb montre l&rsquo;efficacit\u00e9 de ces constructions r\u00e9alis\u00e9es il y a 120-130 ans dans une op\u00e9ration dite RTM pour\u00a0\u00bb restauration des terrains de montagne\u00a0\u00bb. Nos anc\u00eatres connaissaient d\u00e9j\u00e0 l&rsquo;\u00e9cologie au sens initial du terme. Place ensuite \u00e0 la g\u00e9ologie en d\u00e9couvrant les chemin\u00e9es des f\u00e9es diff\u00e9rentes de demoiselles coiff\u00e9es de Th\u00e9us. Elles dominent un bras du lac de retenue du Sautet.\u00a0 Puis un nouveau panneau explique le cheminement de l&rsquo;eau de pluie et l&rsquo;importance des v\u00e9g\u00e9taux. Plus tard sur le chemin du retour nous pouvons lire le panneau \u00ab\u00a0les \u00e9tages montagnards\u00a0\u00bb avec le vocabulaire et l&rsquo;\u00e9tonnant \u00ab\u00a0zone de combat\u00a0\u00bb\u00a0 Mais avant il faut marcher encore, descendre jusqu&rsquo;\u00e0 la Souloise et aller sur la passerelle pour constater la force du torrent.\u00a0 <\/p>\n\n\n\n<figure class=\"wp-block-image size-large\"><img loading=\"lazy\" decoding=\"async\" width=\"584\" height=\"270\" src=\"https:\/\/sentiers05.fr\/wp-content\/uploads\/2025\/10\/IMG-20251008-WA0006-584x270.jpg\" alt=\"\" class=\"wp-image-13918\" srcset=\"https:\/\/sentiers05.fr\/wp-content\/uploads\/2025\/10\/IMG-20251008-WA0006-584x270.jpg 584w, https:\/\/sentiers05.fr\/wp-content\/uploads\/2025\/10\/IMG-20251008-WA0006-300x139.jpg 300w, https:\/\/sentiers05.fr\/wp-content\/uploads\/2025\/10\/IMG-20251008-WA0006-1536x710.jpg 1536w, https:\/\/sentiers05.fr\/wp-content\/uploads\/2025\/10\/IMG-20251008-WA0006-1200x554.jpg 1200w, https:\/\/sentiers05.fr\/wp-content\/uploads\/2025\/10\/IMG-20251008-WA0006.jpg 2000w\" sizes=\"auto, (max-width: 584px) 85vw, 584px\" \/><\/figure>\n\n\n\n<p>\u00a0Apr\u00e8s le pique-nique nous partons tous ensemble sur le beau sentier qui emprunte le lit de l&rsquo;ancien canal pour rejoindre le joli village de Payas o\u00f9 nous attend le go\u00fbter. Ainsi se termine une superbe journ\u00e9e parmi des d\u00e9cors et paysages vari\u00e9s, dans la bonne humeur, le partage et les d\u00e9couvertes. <\/p>\n<\/div>\n\n\n\n<div class=\"wp-block-column is-layout-flow wp-block-column-is-layout-flow\">\n<figure class=\"wp-block-image size-large\"><img loading=\"lazy\" decoding=\"async\" width=\"584\" height=\"270\" src=\"https:\/\/sentiers05.fr\/wp-content\/uploads\/2025\/10\/Pellafol3-584x270.jpg\" alt=\"\" class=\"wp-image-13922\" srcset=\"https:\/\/sentiers05.fr\/wp-content\/uploads\/2025\/10\/Pellafol3-584x270.jpg 584w, https:\/\/sentiers05.fr\/wp-content\/uploads\/2025\/10\/Pellafol3-300x139.jpg 300w, https:\/\/sentiers05.fr\/wp-content\/uploads\/2025\/10\/Pellafol3-1536x710.jpg 1536w, https:\/\/sentiers05.fr\/wp-content\/uploads\/2025\/10\/Pellafol3-1200x554.jpg 1200w, https:\/\/sentiers05.fr\/wp-content\/uploads\/2025\/10\/Pellafol3.jpg 2000w\" sizes=\"auto, (max-width: 584px) 85vw, 584px\" \/><\/figure>\n\n\n\n<p> Depuis le parking, nous sommes 7 \u00e0 gagner le village de Vieux Pellafol, puis nous nous engageons sur \u00ab\u00a0le sentier g\u00e9ologique\u00a0\u00bb .Apr\u00e8s peu de temps nous apercevons sur le flanc de la montagne, \u00e0 droite une succession d&rsquo;ouvrages d&rsquo;art. <\/p>\n\n\n\n<figure class=\"wp-block-image size-large\"><img loading=\"lazy\" decoding=\"async\" width=\"584\" height=\"270\" src=\"https:\/\/sentiers05.fr\/wp-content\/uploads\/2025\/10\/IMG-20251008-WA0015-584x270.jpg\" alt=\"\" class=\"wp-image-13924\" srcset=\"https:\/\/sentiers05.fr\/wp-content\/uploads\/2025\/10\/IMG-20251008-WA0015-584x270.jpg 584w, https:\/\/sentiers05.fr\/wp-content\/uploads\/2025\/10\/IMG-20251008-WA0015-300x139.jpg 300w, https:\/\/sentiers05.fr\/wp-content\/uploads\/2025\/10\/IMG-20251008-WA0015-1536x710.jpg 1536w, https:\/\/sentiers05.fr\/wp-content\/uploads\/2025\/10\/IMG-20251008-WA0015-1200x554.jpg 1200w, https:\/\/sentiers05.fr\/wp-content\/uploads\/2025\/10\/IMG-20251008-WA0015.jpg 2000w\" sizes=\"auto, (max-width: 584px) 85vw, 584px\" \/><\/figure>\n\n\n\n<figure class=\"wp-block-image size-large\"><img loading=\"lazy\" decoding=\"async\" width=\"270\" height=\"584\" src=\"https:\/\/sentiers05.fr\/wp-content\/uploads\/2025\/10\/IMG-20251008-WA0011-270x584.jpg\" alt=\"\" class=\"wp-image-13926\" srcset=\"https:\/\/sentiers05.fr\/wp-content\/uploads\/2025\/10\/IMG-20251008-WA0011-270x584.jpg 270w, https:\/\/sentiers05.fr\/wp-content\/uploads\/2025\/10\/IMG-20251008-WA0011-139x300.jpg 139w, https:\/\/sentiers05.fr\/wp-content\/uploads\/2025\/10\/IMG-20251008-WA0011-710x1536.jpg 710w, https:\/\/sentiers05.fr\/wp-content\/uploads\/2025\/10\/IMG-20251008-WA0011.jpg 924w\" sizes=\"auto, (max-width: 270px) 85vw, 270px\" \/><\/figure>\n\n\n\n<p>Nous entamons alors le chemin du retour en montant fort vers le village de la Pousterle o\u00f9 nous attendent Elisabeth, Muri\u00e8le et Christian venus depuis les Payas pour une randonn\u00e9e ultra-douce.\u00a0 <\/p>\n\n\n\n<figure class=\"wp-block-image size-large\"><img loading=\"lazy\" decoding=\"async\" width=\"584\" height=\"438\" src=\"https:\/\/sentiers05.fr\/wp-content\/uploads\/2025\/10\/IMG-20251008-WA0000-1-584x438.jpg\" alt=\"\" class=\"wp-image-13927\" srcset=\"https:\/\/sentiers05.fr\/wp-content\/uploads\/2025\/10\/IMG-20251008-WA0000-1-584x438.jpg 584w, https:\/\/sentiers05.fr\/wp-content\/uploads\/2025\/10\/IMG-20251008-WA0000-1-300x225.jpg 300w, https:\/\/sentiers05.fr\/wp-content\/uploads\/2025\/10\/IMG-20251008-WA0000-1-1536x1152.jpg 1536w, https:\/\/sentiers05.fr\/wp-content\/uploads\/2025\/10\/IMG-20251008-WA0000-1-1200x900.jpg 1200w, https:\/\/sentiers05.fr\/wp-content\/uploads\/2025\/10\/IMG-20251008-WA0000-1.jpg 2000w\" sizes=\"auto, (max-width: 584px) 85vw, 584px\" \/><\/figure>\n<\/div>\n<\/div>\n\n\n\n<div class=\"wp-block-columns is-layout-flex wp-container-core-columns-is-layout-9d6595d7 wp-block-columns-is-layout-flex\">\n<div class=\"wp-block-column is-layout-flow wp-block-column-is-layout-flow\">\n<figure class=\"wp-block-image size-large\"><img loading=\"lazy\" decoding=\"async\" width=\"269\" height=\"584\" src=\"https:\/\/sentiers05.fr\/wp-content\/uploads\/2025\/10\/IMG-20251008-WA0007-269x584.jpg\" alt=\"\" class=\"wp-image-13929\" srcset=\"https:\/\/sentiers05.fr\/wp-content\/uploads\/2025\/10\/IMG-20251008-WA0007-269x584.jpg 269w, https:\/\/sentiers05.fr\/wp-content\/uploads\/2025\/10\/IMG-20251008-WA0007-138x300.jpg 138w, https:\/\/sentiers05.fr\/wp-content\/uploads\/2025\/10\/IMG-20251008-WA0007-709x1536.jpg 709w, https:\/\/sentiers05.fr\/wp-content\/uploads\/2025\/10\/IMG-20251008-WA0007.jpg 945w\" sizes=\"auto, (max-width: 269px) 85vw, 269px\" \/><\/figure>\n<\/div>\n\n\n\n<div class=\"wp-block-column is-layout-flow wp-block-column-is-layout-flow\">\n<figure class=\"wp-block-image size-large\"><img loading=\"lazy\" decoding=\"async\" width=\"270\" height=\"584\" src=\"https:\/\/sentiers05.fr\/wp-content\/uploads\/2025\/10\/IMG-20251008-WA0009-270x584.jpg\" alt=\"\" class=\"wp-image-13930\" srcset=\"https:\/\/sentiers05.fr\/wp-content\/uploads\/2025\/10\/IMG-20251008-WA0009-270x584.jpg 270w, https:\/\/sentiers05.fr\/wp-content\/uploads\/2025\/10\/IMG-20251008-WA0009-139x300.jpg 139w, https:\/\/sentiers05.fr\/wp-content\/uploads\/2025\/10\/IMG-20251008-WA0009-710x1536.jpg 710w, https:\/\/sentiers05.fr\/wp-content\/uploads\/2025\/10\/IMG-20251008-WA0009.jpg 924w\" sizes=\"auto, (max-width: 270px) 85vw, 270px\" \/><\/figure>\n<\/div>\n<\/div>\n\n\n\n<div class=\"wp-block-columns is-layout-flex wp-container-core-columns-is-layout-9d6595d7 wp-block-columns-is-layout-flex\">\n<div class=\"wp-block-column is-layout-flow wp-block-column-is-layout-flow\">\n<figure class=\"wp-block-image size-large\"><img loading=\"lazy\" decoding=\"async\" width=\"584\" height=\"329\" src=\"https:\/\/sentiers05.fr\/wp-content\/uploads\/2025\/10\/20251007_100632-584x329.jpg\" alt=\"\" class=\"wp-image-13911\" srcset=\"https:\/\/sentiers05.fr\/wp-content\/uploads\/2025\/10\/20251007_100632-584x329.jpg 584w, https:\/\/sentiers05.fr\/wp-content\/uploads\/2025\/10\/20251007_100632-300x169.jpg 300w, https:\/\/sentiers05.fr\/wp-content\/uploads\/2025\/10\/20251007_100632-1536x864.jpg 1536w, https:\/\/sentiers05.fr\/wp-content\/uploads\/2025\/10\/20251007_100632-2048x1152.jpg 2048w, https:\/\/sentiers05.fr\/wp-content\/uploads\/2025\/10\/20251007_100632-1200x675.jpg 1200w\" sizes=\"auto, (max-width: 584px) 85vw, 584px\" \/><\/figure>\n\n\n\n<p><\/p>\n\n\n\n<figure class=\"wp-block-image size-large\"><img loading=\"lazy\" decoding=\"async\" width=\"329\" height=\"584\" src=\"https:\/\/sentiers05.fr\/wp-content\/uploads\/2025\/10\/20251007_124841-329x584.jpg\" alt=\"\" class=\"wp-image-13912\" srcset=\"https:\/\/sentiers05.fr\/wp-content\/uploads\/2025\/10\/20251007_124841-329x584.jpg 329w, https:\/\/sentiers05.fr\/wp-content\/uploads\/2025\/10\/20251007_124841-169x300.jpg 169w, https:\/\/sentiers05.fr\/wp-content\/uploads\/2025\/10\/20251007_124841-864x1536.jpg 864w, https:\/\/sentiers05.fr\/wp-content\/uploads\/2025\/10\/20251007_124841-1152x2048.jpg 1152w, https:\/\/sentiers05.fr\/wp-content\/uploads\/2025\/10\/20251007_124841-1200x2133.jpg 1200w, https:\/\/sentiers05.fr\/wp-content\/uploads\/2025\/10\/20251007_124841-scaled.jpg 1440w\" sizes=\"auto, (max-width: 329px) 85vw, 329px\" \/><\/figure>\n\n\n\n<figure class=\"wp-block-image size-large\"><img loading=\"lazy\" decoding=\"async\" width=\"584\" height=\"270\" src=\"https:\/\/sentiers05.fr\/wp-content\/uploads\/2025\/10\/IMG-20251008-WA0001-584x270.jpg\" alt=\"\" class=\"wp-image-13928\" srcset=\"https:\/\/sentiers05.fr\/wp-content\/uploads\/2025\/10\/IMG-20251008-WA0001-584x270.jpg 584w, https:\/\/sentiers05.fr\/wp-content\/uploads\/2025\/10\/IMG-20251008-WA0001-300x139.jpg 300w, https:\/\/sentiers05.fr\/wp-content\/uploads\/2025\/10\/IMG-20251008-WA0001-1536x710.jpg 1536w, https:\/\/sentiers05.fr\/wp-content\/uploads\/2025\/10\/IMG-20251008-WA0001-1200x554.jpg 1200w, https:\/\/sentiers05.fr\/wp-content\/uploads\/2025\/10\/IMG-20251008-WA0001.jpg 2000w\" sizes=\"auto, (max-width: 584px) 85vw, 584px\" \/><\/figure>\n<\/div>\n\n\n\n<div class=\"wp-block-column is-layout-flow wp-block-column-is-layout-flow\">\n<p>Dans mon plaisir de randonn\u00e9e il y a eu, dimanche avec l&rsquo;ascension du Durbonas. Il y a eu dans ce moment, la satisfaction de vivre et r\u00e9aliser une situation difficile : une sortie hors sentier avec des fortes pentes, un d\u00e9nivel\u00e9 \u00e9norme, dans des conditions climatiques d\u00e9favorables, \u2026.<\/p>\n\n\n\n<p>Dans mon plaisir de randonn\u00e9e il y a aussi, ce mardi, avec une marche le long du Canal de Pellafol. Mon plaisir vient alors du partage avec d&rsquo;autres d&rsquo;une journ\u00e9e ensoleill\u00e9e avec un cheminement sans effort apparent le long d&rsquo;une route foresti\u00e8re qui emprunte le trac\u00e9 un ancien canal. Un itin\u00e9raire qui traverse le pan d&rsquo;une falaise par un petit tunnel o\u00f9 les \u00abpetits\u00bb randonneurs contrairement aux \u00abgrands\u00bb ont le privil\u00e8ge de ne pas se courber. De plus ce tunnel ravive en moi l&rsquo;admiration que je voue \u00e0 ces anciens qui ont trac\u00e9 nos sentiers de randonn\u00e9e et qui ont creus\u00e9 ce bout de falaise. Une randonn\u00e9e qui a rassembl\u00e9 pour le pique-nique d&rsquo;autres randonneurs partis par le sentier du Vieux P\u00e9llafol et qui se termine, revenu aux voitures par la d\u00e9gustation de p\u00e2tisseries pr\u00e9par\u00e9es avec passion par quelques participantes .<\/p>\n<\/div>\n<\/div>\n\n\n\n<p class=\"has-text-align-center\">Textes et photos : Roseline et Christian<\/p>\n\n\n\n<figure class=\"wp-block-image size-large\"><img loading=\"lazy\" decoding=\"async\" width=\"543\" height=\"584\" src=\"https:\/\/sentiers05.fr\/wp-content\/uploads\/2025\/10\/Topo-Pellafol-543x584.jpg\" alt=\"\" class=\"wp-image-13907\" srcset=\"https:\/\/sentiers05.fr\/wp-content\/uploads\/2025\/10\/Topo-Pellafol-543x584.jpg 543w, https:\/\/sentiers05.fr\/wp-content\/uploads\/2025\/10\/Topo-Pellafol-279x300.jpg 279w, https:\/\/sentiers05.fr\/wp-content\/uploads\/2025\/10\/Topo-Pellafol.jpg 606w\" sizes=\"auto, (max-width: 543px) 85vw, 543px\" \/><\/figure>\n","protected":false},"excerpt":{"rendered":"<p>Le Vieux Pellafol : 7 randonneurs pour 11,5 km de distance et 325m de d\u00e9nivel\u00e9 Le Canal de Pellafol : 3 randonneurs pour 8 km de distance et 125m de d\u00e9nivel\u00e9<\/p>\n","protected":false},"author":20,"featured_media":0,"comment_status":"closed","ping_status":"open","sticky":false,"template":"","format":"standard","meta":{"footnotes":""},"categories":[3],"tags":[],"class_list":["post-13903","post","type-post","status-publish","format-standard","hentry","category-randonnee-pedestre"],"_links":{"self":[{"href":"https:\/\/sentiers05.fr\/index.php\/wp-json\/wp\/v2\/posts\/13903","targetHints":{"allow":["GET"]}}],"collection":[{"href":"https:\/\/sentiers05.fr\/index.php\/wp-json\/wp\/v2\/posts"}],"about":[{"href":"https:\/\/sentiers05.fr\/index.php\/wp-json\/wp\/v2\/types\/post"}],"author":[{"embeddable":true,"href":"https:\/\/sentiers05.fr\/index.php\/wp-json\/wp\/v2\/users\/20"}],"replies":[{"embeddable":true,"href":"https:\/\/sentiers05.fr\/index.php\/wp-json\/wp\/v2\/comments?post=13903"}],"version-history":[{"count":7,"href":"https:\/\/sentiers05.fr\/index.php\/wp-json\/wp\/v2\/posts\/13903\/revisions"}],"predecessor-version":[{"id":13934,"href":"https:\/\/sentiers05.fr\/index.php\/wp-json\/wp\/v2\/posts\/13903\/revisions\/13934"}],"wp:attachment":[{"href":"https:\/\/sentiers05.fr\/index.php\/wp-json\/wp\/v2\/media?parent=13903"}],"wp:term":[{"taxonomy":"category","embeddable":true,"href":"https:\/\/sentiers05.fr\/index.php\/wp-json\/wp\/v2\/categories?post=13903"},{"taxonomy":"post_tag","embeddable":true,"href":"https:\/\/sentiers05.fr\/index.php\/wp-json\/wp\/v2\/tags?post=13903"}],"curies":[{"name":"wp","href":"https:\/\/api.w.org\/{rel}","templated":true}]}}