{"id":13883,"date":"2025-10-05T08:04:54","date_gmt":"2025-10-05T06:04:54","guid":{"rendered":"https:\/\/sentiers05.fr\/?p=13883"},"modified":"2025-10-07T08:17:08","modified_gmt":"2025-10-07T06:17:08","slug":"le-durbonas","status":"publish","type":"post","link":"https:\/\/sentiers05.fr\/index.php\/2025\/10\/05\/le-durbonas\/","title":{"rendered":"Le Durbonas"},"content":{"rendered":"\n<figure class=\"wp-block-image size-large\"><img loading=\"lazy\" decoding=\"async\" width=\"584\" height=\"443\" src=\"https:\/\/sentiers05.fr\/wp-content\/uploads\/2025\/10\/10-05-Durbonas-Sentier-584x443.jpg\" alt=\"\" class=\"wp-image-13885\" srcset=\"https:\/\/sentiers05.fr\/wp-content\/uploads\/2025\/10\/10-05-Durbonas-Sentier-584x443.jpg 584w, https:\/\/sentiers05.fr\/wp-content\/uploads\/2025\/10\/10-05-Durbonas-Sentier-300x228.jpg 300w, https:\/\/sentiers05.fr\/wp-content\/uploads\/2025\/10\/10-05-Durbonas-Sentier-1536x1165.jpg 1536w, https:\/\/sentiers05.fr\/wp-content\/uploads\/2025\/10\/10-05-Durbonas-Sentier-2048x1554.jpg 2048w, https:\/\/sentiers05.fr\/wp-content\/uploads\/2025\/10\/10-05-Durbonas-Sentier-1200x910.jpg 1200w\" sizes=\"auto, (max-width: 584px) 85vw, 584px\" \/><\/figure>\n\n\n\n<p>Ce dimanche 5 octobre, seulement trois randonneurs pour monter sur ce sommet du D\u00e9voluy. <\/p>\n\n\n\n<!--more-->\n\n\n\n<p>Pour ma part il y trois mois, je n&rsquo;avais jamais entendu parler du Durbonas. De l&rsquo;itin\u00e9raire, je ne disposais que de la description ci-dessous trouv\u00e9e sur le site d&rsquo;Altituderando et d&rsquo;une trace GPX donn\u00e9e par Annie. Un sommet du D\u00e9voluy, d&rsquo;un peu plus de 2000m d&rsquo;altitude, pour 1000m de d\u00e9nivel\u00e9 en grande partie en hors sentier.<\/p>\n\n\n\n<p><strong>\u00a0\u00bb Le sentier des Escaliers ne pose aucun probl\u00e8me, m\u00eame si par endroit il est un peu raide avec une courte vire un peu expos\u00e9e.<\/strong><\/p>\n\n\n\n<p><strong>Prudence sur le plateau sommital par temps de brouillard, car il n\u2019y a plus de r\u00e9el sentier dans ce secteur.<\/strong><\/p>\n\n\n\n<p><strong>Mais les choses s\u00e9rieuses se concentrent sur la descente directe \u00e0 Baumugne. Le terrain est escarp\u00e9 sans \u00eatre scabreux, hors sentier sur 800m de d\u00e9nivel\u00e9&#8230; et demande surtout un r\u00e9el sens de l\u2019orientation pour arriver \u00e0 la cr\u00eate du Champ du Tun.<br>Bonne visibilit\u00e9 requise, en plus de la carte, boussole et altim\u00e8tre recommand\u00e9s\u00a0\u00bb.<\/strong><\/p>\n\n\n\n<div class=\"wp-block-columns is-layout-flex wp-container-core-columns-is-layout-9d6595d7 wp-block-columns-is-layout-flex\">\n<div class=\"wp-block-column is-layout-flow wp-block-column-is-layout-flow\">\n<figure class=\"wp-block-image size-large\"><img loading=\"lazy\" decoding=\"async\" width=\"584\" height=\"438\" src=\"https:\/\/sentiers05.fr\/wp-content\/uploads\/2025\/10\/Durbonas-1-584x438.jpg\" alt=\"\" class=\"wp-image-13887\" srcset=\"https:\/\/sentiers05.fr\/wp-content\/uploads\/2025\/10\/Durbonas-1-584x438.jpg 584w, https:\/\/sentiers05.fr\/wp-content\/uploads\/2025\/10\/Durbonas-1-300x225.jpg 300w, https:\/\/sentiers05.fr\/wp-content\/uploads\/2025\/10\/Durbonas-1-1536x1152.jpg 1536w, https:\/\/sentiers05.fr\/wp-content\/uploads\/2025\/10\/Durbonas-1-1200x900.jpg 1200w, https:\/\/sentiers05.fr\/wp-content\/uploads\/2025\/10\/Durbonas-1.jpg 2000w\" sizes=\"auto, (max-width: 584px) 85vw, 584px\" \/><\/figure>\n<\/div>\n\n\n\n<div class=\"wp-block-column is-layout-flow wp-block-column-is-layout-flow\">\n<figure class=\"wp-block-image size-large\"><img loading=\"lazy\" decoding=\"async\" width=\"584\" height=\"438\" src=\"https:\/\/sentiers05.fr\/wp-content\/uploads\/2025\/10\/Durbonas-2-584x438.jpg\" alt=\"\" class=\"wp-image-13888\" srcset=\"https:\/\/sentiers05.fr\/wp-content\/uploads\/2025\/10\/Durbonas-2-584x438.jpg 584w, https:\/\/sentiers05.fr\/wp-content\/uploads\/2025\/10\/Durbonas-2-300x225.jpg 300w, https:\/\/sentiers05.fr\/wp-content\/uploads\/2025\/10\/Durbonas-2-1536x1152.jpg 1536w, https:\/\/sentiers05.fr\/wp-content\/uploads\/2025\/10\/Durbonas-2-1200x900.jpg 1200w, https:\/\/sentiers05.fr\/wp-content\/uploads\/2025\/10\/Durbonas-2.jpg 2000w\" sizes=\"auto, (max-width: 584px) 85vw, 584px\" \/><\/figure>\n<\/div>\n\n\n\n<div class=\"wp-block-column is-layout-flow wp-block-column-is-layout-flow\">\n<figure class=\"wp-block-image size-large\"><img loading=\"lazy\" decoding=\"async\" width=\"584\" height=\"438\" src=\"https:\/\/sentiers05.fr\/wp-content\/uploads\/2025\/10\/IMG-20251005-WA0015-584x438.jpg\" alt=\"\" class=\"wp-image-13889\" srcset=\"https:\/\/sentiers05.fr\/wp-content\/uploads\/2025\/10\/IMG-20251005-WA0015-584x438.jpg 584w, https:\/\/sentiers05.fr\/wp-content\/uploads\/2025\/10\/IMG-20251005-WA0015-300x225.jpg 300w, https:\/\/sentiers05.fr\/wp-content\/uploads\/2025\/10\/IMG-20251005-WA0015-1536x1152.jpg 1536w, https:\/\/sentiers05.fr\/wp-content\/uploads\/2025\/10\/IMG-20251005-WA0015-1200x900.jpg 1200w, https:\/\/sentiers05.fr\/wp-content\/uploads\/2025\/10\/IMG-20251005-WA0015.jpg 2000w\" sizes=\"auto, (max-width: 584px) 85vw, 584px\" \/><\/figure>\n<\/div>\n<\/div>\n\n\n\n<p>Dans ma t\u00eate, le Durbonas ne devait \u00eatre gu\u00e8re plus qu&rsquo;une promenade de sant\u00e9 surtout que la m\u00e9t\u00e9o annon\u00e7ait un ciel d\u00e9gag\u00e9 et une temp\u00e9rature agr\u00e9able. Il n&rsquo;en fut rien.<\/p>\n\n\n\n<p>Ce fut une grande randonn\u00e9e. Une randonn\u00e9e MONTAGNE de niveau 4<\/p>\n\n\n\n<div class=\"wp-block-columns is-layout-flex wp-container-core-columns-is-layout-9d6595d7 wp-block-columns-is-layout-flex\">\n<div class=\"wp-block-column is-layout-flow wp-block-column-is-layout-flow\" style=\"flex-basis:33.33%\">\n<figure class=\"wp-block-image size-large\"><img loading=\"lazy\" decoding=\"async\" width=\"329\" height=\"584\" src=\"https:\/\/sentiers05.fr\/wp-content\/uploads\/2025\/10\/20251005_101711-329x584.jpg\" alt=\"\" class=\"wp-image-13886\" srcset=\"https:\/\/sentiers05.fr\/wp-content\/uploads\/2025\/10\/20251005_101711-329x584.jpg 329w, https:\/\/sentiers05.fr\/wp-content\/uploads\/2025\/10\/20251005_101711-169x300.jpg 169w, https:\/\/sentiers05.fr\/wp-content\/uploads\/2025\/10\/20251005_101711-864x1536.jpg 864w, https:\/\/sentiers05.fr\/wp-content\/uploads\/2025\/10\/20251005_101711-1152x2048.jpg 1152w, https:\/\/sentiers05.fr\/wp-content\/uploads\/2025\/10\/20251005_101711-1200x2133.jpg 1200w, https:\/\/sentiers05.fr\/wp-content\/uploads\/2025\/10\/20251005_101711-scaled.jpg 1440w\" sizes=\"auto, (max-width: 329px) 85vw, 329px\" \/><\/figure>\n<\/div>\n\n\n\n<div class=\"wp-block-column is-layout-flow wp-block-column-is-layout-flow\" style=\"flex-basis:66.66%\">\n<p>Car rapidement, la pente n\u00e9cessite pour les trois randonneurs un gros effort physique. Car la pluie tomb\u00e9e la veille n\u00e9cessite pour les trois randonneurs une grande vigilance pour limiter sans toujours r\u00e9ussir l&rsquo;\u00e9viter que l\u2019appui devienne glissant. Car la discr\u00e9tion du sentier n\u00e9cessite une grande concentration en raison de la difficult\u00e9 de trouver le prochain lacet et n\u00e9cessite la consultation r\u00e9guli\u00e8re de la trace GPX.  Car le vent violent, qui ne secoue pas seulement la cime des arbres et traverse les v\u00eatements et frigorifie les randonneurs.<\/p>\n<\/div>\n<\/div>\n\n\n\n<div class=\"wp-block-columns is-layout-flex wp-container-core-columns-is-layout-9d6595d7 wp-block-columns-is-layout-flex\">\n<div class=\"wp-block-column is-layout-flow wp-block-column-is-layout-flow\" style=\"flex-basis:33.33%\">\n<p>Peu \u00e0 peu, les trois randonneurs se retrouvent soumis \u00e0 des conditions hivernales. Un froid glacial, surprenant en ce 5 octobre sur un sommet d&rsquo;\u00e0 peine plus de 2000m.<\/p>\n<\/div>\n\n\n\n<div class=\"wp-block-column is-layout-flow wp-block-column-is-layout-flow\" style=\"flex-basis:66.66%\">\n<figure class=\"wp-block-image size-large\"><img loading=\"lazy\" decoding=\"async\" width=\"584\" height=\"329\" src=\"https:\/\/sentiers05.fr\/wp-content\/uploads\/2025\/10\/20251005_111132-584x329.jpg\" alt=\"\" class=\"wp-image-13892\" srcset=\"https:\/\/sentiers05.fr\/wp-content\/uploads\/2025\/10\/20251005_111132-584x329.jpg 584w, https:\/\/sentiers05.fr\/wp-content\/uploads\/2025\/10\/20251005_111132-300x169.jpg 300w, https:\/\/sentiers05.fr\/wp-content\/uploads\/2025\/10\/20251005_111132-1536x864.jpg 1536w, https:\/\/sentiers05.fr\/wp-content\/uploads\/2025\/10\/20251005_111132-2048x1152.jpg 2048w, https:\/\/sentiers05.fr\/wp-content\/uploads\/2025\/10\/20251005_111132-1200x675.jpg 1200w\" sizes=\"auto, (max-width: 584px) 85vw, 584px\" \/><\/figure>\n<\/div>\n<\/div>\n\n\n\n<div class=\"wp-block-columns is-layout-flex wp-container-core-columns-is-layout-9d6595d7 wp-block-columns-is-layout-flex\">\n<div class=\"wp-block-column is-layout-flow wp-block-column-is-layout-flow\">\n<figure class=\"wp-block-image size-large\"><img loading=\"lazy\" decoding=\"async\" width=\"584\" height=\"329\" src=\"https:\/\/sentiers05.fr\/wp-content\/uploads\/2025\/10\/20251005_111023-584x329.jpg\" alt=\"\" class=\"wp-image-13891\" srcset=\"https:\/\/sentiers05.fr\/wp-content\/uploads\/2025\/10\/20251005_111023-584x329.jpg 584w, https:\/\/sentiers05.fr\/wp-content\/uploads\/2025\/10\/20251005_111023-300x169.jpg 300w, https:\/\/sentiers05.fr\/wp-content\/uploads\/2025\/10\/20251005_111023-1536x864.jpg 1536w, https:\/\/sentiers05.fr\/wp-content\/uploads\/2025\/10\/20251005_111023-2048x1152.jpg 2048w, https:\/\/sentiers05.fr\/wp-content\/uploads\/2025\/10\/20251005_111023-1200x675.jpg 1200w\" sizes=\"auto, (max-width: 584px) 85vw, 584px\" \/><\/figure>\n\n\n\n<figure class=\"wp-block-image size-large\"><img loading=\"lazy\" decoding=\"async\" width=\"584\" height=\"329\" src=\"https:\/\/sentiers05.fr\/wp-content\/uploads\/2025\/10\/20251005_105632-584x329.jpg\" alt=\"\" class=\"wp-image-13893\" srcset=\"https:\/\/sentiers05.fr\/wp-content\/uploads\/2025\/10\/20251005_105632-584x329.jpg 584w, https:\/\/sentiers05.fr\/wp-content\/uploads\/2025\/10\/20251005_105632-300x169.jpg 300w, https:\/\/sentiers05.fr\/wp-content\/uploads\/2025\/10\/20251005_105632-1536x864.jpg 1536w, https:\/\/sentiers05.fr\/wp-content\/uploads\/2025\/10\/20251005_105632-2048x1152.jpg 2048w, https:\/\/sentiers05.fr\/wp-content\/uploads\/2025\/10\/20251005_105632-1200x675.jpg 1200w\" sizes=\"auto, (max-width: 584px) 85vw, 584px\" \/><\/figure>\n\n\n\n<figure class=\"wp-block-image size-large\"><img loading=\"lazy\" decoding=\"async\" width=\"584\" height=\"329\" src=\"https:\/\/sentiers05.fr\/wp-content\/uploads\/2025\/10\/20251005_112759-584x329.jpg\" alt=\"\" class=\"wp-image-13894\" srcset=\"https:\/\/sentiers05.fr\/wp-content\/uploads\/2025\/10\/20251005_112759-584x329.jpg 584w, https:\/\/sentiers05.fr\/wp-content\/uploads\/2025\/10\/20251005_112759-300x169.jpg 300w, https:\/\/sentiers05.fr\/wp-content\/uploads\/2025\/10\/20251005_112759-1536x864.jpg 1536w, https:\/\/sentiers05.fr\/wp-content\/uploads\/2025\/10\/20251005_112759-2048x1152.jpg 2048w, https:\/\/sentiers05.fr\/wp-content\/uploads\/2025\/10\/20251005_112759-1200x675.jpg 1200w\" sizes=\"auto, (max-width: 584px) 85vw, 584px\" \/><\/figure>\n<\/div>\n\n\n\n<div class=\"wp-block-column is-layout-flow wp-block-column-is-layout-flow\">\n<figure class=\"wp-block-image size-large\"><img loading=\"lazy\" decoding=\"async\" width=\"329\" height=\"584\" src=\"https:\/\/sentiers05.fr\/wp-content\/uploads\/2025\/10\/20251005_111116-329x584.jpg\" alt=\"\" class=\"wp-image-13890\" srcset=\"https:\/\/sentiers05.fr\/wp-content\/uploads\/2025\/10\/20251005_111116-329x584.jpg 329w, https:\/\/sentiers05.fr\/wp-content\/uploads\/2025\/10\/20251005_111116-169x300.jpg 169w, https:\/\/sentiers05.fr\/wp-content\/uploads\/2025\/10\/20251005_111116-864x1536.jpg 864w, https:\/\/sentiers05.fr\/wp-content\/uploads\/2025\/10\/20251005_111116-1152x2048.jpg 1152w, https:\/\/sentiers05.fr\/wp-content\/uploads\/2025\/10\/20251005_111116-1200x2133.jpg 1200w, https:\/\/sentiers05.fr\/wp-content\/uploads\/2025\/10\/20251005_111116-scaled.jpg 1440w\" sizes=\"auto, (max-width: 329px) 85vw, 329px\" \/><\/figure>\n<\/div>\n\n\n\n<div class=\"wp-block-column is-layout-flow wp-block-column-is-layout-flow\">\n<figure class=\"wp-block-image size-large\"><img loading=\"lazy\" decoding=\"async\" width=\"329\" height=\"584\" src=\"https:\/\/sentiers05.fr\/wp-content\/uploads\/2025\/10\/20251005_111147-329x584.jpg\" alt=\"\" class=\"wp-image-13895\" srcset=\"https:\/\/sentiers05.fr\/wp-content\/uploads\/2025\/10\/20251005_111147-329x584.jpg 329w, https:\/\/sentiers05.fr\/wp-content\/uploads\/2025\/10\/20251005_111147-169x300.jpg 169w, https:\/\/sentiers05.fr\/wp-content\/uploads\/2025\/10\/20251005_111147-864x1536.jpg 864w, https:\/\/sentiers05.fr\/wp-content\/uploads\/2025\/10\/20251005_111147-1152x2048.jpg 1152w, https:\/\/sentiers05.fr\/wp-content\/uploads\/2025\/10\/20251005_111147-1200x2133.jpg 1200w, https:\/\/sentiers05.fr\/wp-content\/uploads\/2025\/10\/20251005_111147-scaled.jpg 1440w\" sizes=\"auto, (max-width: 329px) 85vw, 329px\" \/><\/figure>\n<\/div>\n<\/div>\n\n\n\n<p>Pas de pause au sommet du Durbonas. Juste le temps de d\u00e9cider le choix de l&rsquo;itin\u00e9raire de descente. Aid\u00e9s par la trace GPX, tr\u00e8s pr\u00e9cise donn\u00e9e par Annie   nous choisissons de ne pas reprendre l&rsquo;itin\u00e9raire de mont\u00e9e et de poursuivre en finissant le circuit pr\u00e9vu. M\u00eame si des topos d&rsquo;Altituderando pr\u00e9cisent pour cette partie du circuit : \u00ab\u00a0<strong>Balisage ancien demandant un peu d\u2019orientation dans la prairie de Plate-Bansi. Le balisage s\u2019interrompt, mais des arbres morts sont \u00e0 terre et le balisage \u00e9tait sans doute sur les troncs<\/strong>\u00ab\u00a0. Un autre topo ajoute : \u00ab\u00a0<strong>la sente est presque invisible\u00a0\u00bb<\/strong>et<strong> \u00ab\u00a0la descente dans le Grand Pr\u00e9 est hors trace, la pente y augmente r\u00e9guli\u00e8rement jusqu\u2019\u00e0 devenir impossible\u00a0\u00bb<\/strong>.<\/p>\n\n\n\n<div class=\"wp-block-columns is-layout-flex wp-container-core-columns-is-layout-9d6595d7 wp-block-columns-is-layout-flex\">\n<div class=\"wp-block-column is-layout-flow wp-block-column-is-layout-flow\">\n<figure class=\"wp-block-image size-large\"><img loading=\"lazy\" decoding=\"async\" width=\"438\" height=\"584\" src=\"https:\/\/sentiers05.fr\/wp-content\/uploads\/2025\/10\/IMG-20251005-WA0022-438x584.jpg\" alt=\"\" class=\"wp-image-13897\" srcset=\"https:\/\/sentiers05.fr\/wp-content\/uploads\/2025\/10\/IMG-20251005-WA0022-438x584.jpg 438w, https:\/\/sentiers05.fr\/wp-content\/uploads\/2025\/10\/IMG-20251005-WA0022-225x300.jpg 225w, https:\/\/sentiers05.fr\/wp-content\/uploads\/2025\/10\/IMG-20251005-WA0022-1152x1536.jpg 1152w, https:\/\/sentiers05.fr\/wp-content\/uploads\/2025\/10\/IMG-20251005-WA0022-1200x1600.jpg 1200w, https:\/\/sentiers05.fr\/wp-content\/uploads\/2025\/10\/IMG-20251005-WA0022.jpg 1500w\" sizes=\"auto, (max-width: 438px) 85vw, 438px\" \/><\/figure>\n<\/div>\n\n\n\n<div class=\"wp-block-column is-layout-flow wp-block-column-is-layout-flow\">\n<p>En fait, il s&rsquo;agit de suivre l&rsquo;ar\u00eate Sud- Sud-Ouest. La progression est rapide, les sentes sont tr\u00e8s nombreuses mais tr\u00e8s discr\u00e8tes. La pente est s\u00e9rieuse souvent beaucoup plus de 33%. La temp\u00e9rature devient agr\u00e9able et les arbres nous prot\u00e8gent des rafales du vent. <\/p>\n\n\n\n<p>A l&rsquo;altitude 1250, \u00e0 l&rsquo;approche du <strong>Champ du Tun<\/strong>, nous nous restaurons dans l&rsquo;herbe, au soleil, face \u00e0 un panorama Sud-Sud-Est, o\u00f9 je ne retrouve aucun sommet connu. <\/p>\n<\/div>\n<\/div>\n\n\n\n<p>De l\u00e0, le chemin devient plus \u00e9vident et en moins d&rsquo;une heure nous retrouvons le hameau de Baumugne et la voiture.<\/p>\n\n\n\n<div class=\"wp-block-columns is-layout-flex wp-container-core-columns-is-layout-9d6595d7 wp-block-columns-is-layout-flex\">\n<div class=\"wp-block-column is-layout-flow wp-block-column-is-layout-flow\" style=\"flex-basis:66.66%\">\n<figure class=\"wp-block-image size-large\"><img loading=\"lazy\" decoding=\"async\" width=\"584\" height=\"438\" src=\"https:\/\/sentiers05.fr\/wp-content\/uploads\/2025\/10\/Durbonas-1-1-584x438.jpg\" alt=\"\" class=\"wp-image-13898\" srcset=\"https:\/\/sentiers05.fr\/wp-content\/uploads\/2025\/10\/Durbonas-1-1-584x438.jpg 584w, https:\/\/sentiers05.fr\/wp-content\/uploads\/2025\/10\/Durbonas-1-1-300x225.jpg 300w, https:\/\/sentiers05.fr\/wp-content\/uploads\/2025\/10\/Durbonas-1-1-1536x1152.jpg 1536w, https:\/\/sentiers05.fr\/wp-content\/uploads\/2025\/10\/Durbonas-1-1-1200x900.jpg 1200w, https:\/\/sentiers05.fr\/wp-content\/uploads\/2025\/10\/Durbonas-1-1.jpg 2000w\" sizes=\"auto, (max-width: 584px) 85vw, 584px\" \/><\/figure>\n<\/div>\n\n\n\n<div class=\"wp-block-column is-layout-flow wp-block-column-is-layout-flow\" style=\"flex-basis:33.33%\">\n<p>Distance  11km<\/p>\n\n\n\n<p>Parking 8h45, Sommet Dubornas 11h45, pause de 12h45 \u00e0 13h45, Parking 15h.<\/p>\n\n\n\n<p>D\u00e9nivel\u00e9 1100m<\/p>\n\n\n\n<p>Altitude Max 2086m<\/p>\n<\/div>\n<\/div>\n\n\n\n<p>Texte : Christian       Photos : Antoine et Christian<\/p>\n\n\n\n<p><\/p>\n","protected":false},"excerpt":{"rendered":"<p>Ce dimanche 5 octobre, seulement trois randonneurs pour monter sur ce sommet du D\u00e9voluy.<\/p>\n","protected":false},"author":20,"featured_media":0,"comment_status":"closed","ping_status":"open","sticky":false,"template":"","format":"standard","meta":{"footnotes":""},"categories":[3],"tags":[],"class_list":["post-13883","post","type-post","status-publish","format-standard","hentry","category-randonnee-pedestre"],"_links":{"self":[{"href":"https:\/\/sentiers05.fr\/index.php\/wp-json\/wp\/v2\/posts\/13883","targetHints":{"allow":["GET"]}}],"collection":[{"href":"https:\/\/sentiers05.fr\/index.php\/wp-json\/wp\/v2\/posts"}],"about":[{"href":"https:\/\/sentiers05.fr\/index.php\/wp-json\/wp\/v2\/types\/post"}],"author":[{"embeddable":true,"href":"https:\/\/sentiers05.fr\/index.php\/wp-json\/wp\/v2\/users\/20"}],"replies":[{"embeddable":true,"href":"https:\/\/sentiers05.fr\/index.php\/wp-json\/wp\/v2\/comments?post=13883"}],"version-history":[{"count":4,"href":"https:\/\/sentiers05.fr\/index.php\/wp-json\/wp\/v2\/posts\/13883\/revisions"}],"predecessor-version":[{"id":13900,"href":"https:\/\/sentiers05.fr\/index.php\/wp-json\/wp\/v2\/posts\/13883\/revisions\/13900"}],"wp:attachment":[{"href":"https:\/\/sentiers05.fr\/index.php\/wp-json\/wp\/v2\/media?parent=13883"}],"wp:term":[{"taxonomy":"category","embeddable":true,"href":"https:\/\/sentiers05.fr\/index.php\/wp-json\/wp\/v2\/categories?post=13883"},{"taxonomy":"post_tag","embeddable":true,"href":"https:\/\/sentiers05.fr\/index.php\/wp-json\/wp\/v2\/tags?post=13883"}],"curies":[{"name":"wp","href":"https:\/\/api.w.org\/{rel}","templated":true}]}}