{"id":13869,"date":"2025-10-02T17:59:26","date_gmt":"2025-10-02T15:59:26","guid":{"rendered":"https:\/\/sentiers05.fr\/?p=13869"},"modified":"2025-10-06T17:59:52","modified_gmt":"2025-10-06T15:59:52","slug":"le-palastre-le-col-et-le-sommet-02-10-2025","status":"publish","type":"post","link":"https:\/\/sentiers05.fr\/index.php\/2025\/10\/02\/le-palastre-le-col-et-le-sommet-02-10-2025\/","title":{"rendered":"Le Palastre: le col et le sommet 02\/10\/2025"},"content":{"rendered":"\n<figure class=\"wp-block-image size-large is-resized\"><img loading=\"lazy\" decoding=\"async\" width=\"584\" height=\"438\" src=\"https:\/\/sentiers05.fr\/wp-content\/uploads\/2025\/10\/2025_1002_Le_Palastre_003-584x438.jpg\" alt=\"\" class=\"wp-image-13872\" style=\"width:629px;height:auto\" srcset=\"https:\/\/sentiers05.fr\/wp-content\/uploads\/2025\/10\/2025_1002_Le_Palastre_003-584x438.jpg 584w, https:\/\/sentiers05.fr\/wp-content\/uploads\/2025\/10\/2025_1002_Le_Palastre_003-300x225.jpg 300w, https:\/\/sentiers05.fr\/wp-content\/uploads\/2025\/10\/2025_1002_Le_Palastre_003-1536x1152.jpg 1536w, https:\/\/sentiers05.fr\/wp-content\/uploads\/2025\/10\/2025_1002_Le_Palastre_003-1200x900.jpg 1200w, https:\/\/sentiers05.fr\/wp-content\/uploads\/2025\/10\/2025_1002_Le_Palastre_003.jpg 2048w\" sizes=\"auto, (max-width: 584px) 85vw, 584px\" \/><\/figure>\n\n\n\n<p>Anne, que je ne connaissais pas, St\u00e9phane, notre auteur, et Vincent, qui a laiss\u00e9 Sonia dormir pour r\u00e9cup\u00e9rer de la fatigue d&rsquo;un voyage la veille, m&rsquo;ont rejointe \u00e0 Pont du Foss\u00e9 sous un ciel bien sombre, pour ne pas dire en plein brouillard.<\/p>\n\n\n\n<!--more-->\n\n\n\n<p>J&rsquo;ai tent\u00e9 de les rassurer : \u00ab\u00a0dans le Champsaur, on laisse le brouillard dans la vall\u00e9e et on trouve le soleil en montant\u00a0\u00bb ! H\u00e9 bien pour une fois cela ne s&rsquo;est pas r\u00e9v\u00e9l\u00e9 exact, car le brouillard bien que moins \u00e9pais en prenant de l&rsquo;altitude, ne nous a pas vraiment quitt\u00e9s !<\/p>\n\n\n\n<figure class=\"wp-block-image size-large is-resized\"><img loading=\"lazy\" decoding=\"async\" width=\"584\" height=\"438\" src=\"https:\/\/sentiers05.fr\/wp-content\/uploads\/2025\/10\/2025_1002_Le_Palastre_015-1-584x438.jpg\" alt=\"\" class=\"wp-image-13879\" style=\"width:630px;height:auto\" srcset=\"https:\/\/sentiers05.fr\/wp-content\/uploads\/2025\/10\/2025_1002_Le_Palastre_015-1-584x438.jpg 584w, https:\/\/sentiers05.fr\/wp-content\/uploads\/2025\/10\/2025_1002_Le_Palastre_015-1-300x225.jpg 300w, https:\/\/sentiers05.fr\/wp-content\/uploads\/2025\/10\/2025_1002_Le_Palastre_015-1-1536x1152.jpg 1536w, https:\/\/sentiers05.fr\/wp-content\/uploads\/2025\/10\/2025_1002_Le_Palastre_015-1-1200x900.jpg 1200w, https:\/\/sentiers05.fr\/wp-content\/uploads\/2025\/10\/2025_1002_Le_Palastre_015-1.jpg 2048w\" sizes=\"auto, (max-width: 584px) 85vw, 584px\" \/><\/figure>\n\n\n\n<figure class=\"wp-block-image size-large is-resized\"><img loading=\"lazy\" decoding=\"async\" width=\"584\" height=\"438\" src=\"https:\/\/sentiers05.fr\/wp-content\/uploads\/2025\/10\/2025_1002_Le_Palastre_005-584x438.jpg\" alt=\"\" class=\"wp-image-13873\" style=\"width:630px;height:auto\" srcset=\"https:\/\/sentiers05.fr\/wp-content\/uploads\/2025\/10\/2025_1002_Le_Palastre_005-584x438.jpg 584w, https:\/\/sentiers05.fr\/wp-content\/uploads\/2025\/10\/2025_1002_Le_Palastre_005-300x225.jpg 300w, https:\/\/sentiers05.fr\/wp-content\/uploads\/2025\/10\/2025_1002_Le_Palastre_005-1536x1152.jpg 1536w, https:\/\/sentiers05.fr\/wp-content\/uploads\/2025\/10\/2025_1002_Le_Palastre_005-1200x900.jpg 1200w, https:\/\/sentiers05.fr\/wp-content\/uploads\/2025\/10\/2025_1002_Le_Palastre_005.jpg 2048w\" sizes=\"auto, (max-width: 584px) 85vw, 584px\" \/><\/figure>\n\n\n\n<figure class=\"wp-block-image size-large is-resized\"><img loading=\"lazy\" decoding=\"async\" width=\"584\" height=\"438\" src=\"https:\/\/sentiers05.fr\/wp-content\/uploads\/2025\/10\/2025_1002_Le_Palastre_010-584x438.jpg\" alt=\"\" class=\"wp-image-13874\" style=\"width:629px;height:auto\" srcset=\"https:\/\/sentiers05.fr\/wp-content\/uploads\/2025\/10\/2025_1002_Le_Palastre_010-584x438.jpg 584w, https:\/\/sentiers05.fr\/wp-content\/uploads\/2025\/10\/2025_1002_Le_Palastre_010-300x225.jpg 300w, https:\/\/sentiers05.fr\/wp-content\/uploads\/2025\/10\/2025_1002_Le_Palastre_010-1536x1152.jpg 1536w, https:\/\/sentiers05.fr\/wp-content\/uploads\/2025\/10\/2025_1002_Le_Palastre_010-1200x900.jpg 1200w, https:\/\/sentiers05.fr\/wp-content\/uploads\/2025\/10\/2025_1002_Le_Palastre_010.jpg 2048w\" sizes=\"auto, (max-width: 584px) 85vw, 584px\" \/><\/figure>\n\n\n\n<p>Alors faisant contre mauvaise fortune bon c\u0153ur, nous sommes parvenus au Col du Palastre en montant tranquillement : photos \u2026 papotages \u2026 observation du paysage quand il daignait se montrer \u2026<\/p>\n\n\n\n<div class=\"wp-block-columns is-layout-flex wp-container-core-columns-is-layout-9d6595d7 wp-block-columns-is-layout-flex\">\n<div class=\"wp-block-column is-layout-flow wp-block-column-is-layout-flow\">\n<figure class=\"wp-block-image size-large\"><img loading=\"lazy\" decoding=\"async\" width=\"438\" height=\"584\" src=\"https:\/\/sentiers05.fr\/wp-content\/uploads\/2025\/10\/2025_1002_Le_Palastre_016-438x584.jpg\" alt=\"\" class=\"wp-image-13876\" srcset=\"https:\/\/sentiers05.fr\/wp-content\/uploads\/2025\/10\/2025_1002_Le_Palastre_016-438x584.jpg 438w, https:\/\/sentiers05.fr\/wp-content\/uploads\/2025\/10\/2025_1002_Le_Palastre_016-225x300.jpg 225w, https:\/\/sentiers05.fr\/wp-content\/uploads\/2025\/10\/2025_1002_Le_Palastre_016-1152x1536.jpg 1152w, https:\/\/sentiers05.fr\/wp-content\/uploads\/2025\/10\/2025_1002_Le_Palastre_016-1200x1600.jpg 1200w, https:\/\/sentiers05.fr\/wp-content\/uploads\/2025\/10\/2025_1002_Le_Palastre_016.jpg 1536w\" sizes=\"auto, (max-width: 438px) 85vw, 438px\" \/><\/figure>\n<\/div>\n\n\n\n<div class=\"wp-block-column is-layout-flow wp-block-column-is-layout-flow\">\n<figure class=\"wp-block-image size-large\"><img loading=\"lazy\" decoding=\"async\" width=\"438\" height=\"584\" src=\"https:\/\/sentiers05.fr\/wp-content\/uploads\/2025\/10\/2025_1002_Le_Palastre_017-1-438x584.jpg\" alt=\"\" class=\"wp-image-13877\" srcset=\"https:\/\/sentiers05.fr\/wp-content\/uploads\/2025\/10\/2025_1002_Le_Palastre_017-1-438x584.jpg 438w, https:\/\/sentiers05.fr\/wp-content\/uploads\/2025\/10\/2025_1002_Le_Palastre_017-1-225x300.jpg 225w, https:\/\/sentiers05.fr\/wp-content\/uploads\/2025\/10\/2025_1002_Le_Palastre_017-1-1152x1536.jpg 1152w, https:\/\/sentiers05.fr\/wp-content\/uploads\/2025\/10\/2025_1002_Le_Palastre_017-1-1200x1600.jpg 1200w, https:\/\/sentiers05.fr\/wp-content\/uploads\/2025\/10\/2025_1002_Le_Palastre_017-1.jpg 1536w\" sizes=\"auto, (max-width: 438px) 85vw, 438px\" \/><\/figure>\n<\/div>\n<\/div>\n\n\n\n<p>C&rsquo;est tr\u00e8s courageusement que les deux hommes ont gravi le sommet (facultatif) heureux de l&rsquo;avoir fait mais tr\u00e8s d\u00e9\u00e7us de n&rsquo;avoir pas pu profiter du panorama !<\/p>\n\n\n\n<p>Anne et moi sommes rest\u00e9es au Col pour r\u00e9server la salle \u00e0 manger du pique nique !<\/p>\n\n\n\n<p>Apr\u00e8s un temps de restauration rapide &#8211; il ne faisait pas tr\u00e8s chaud &#8211; nous sommes redescendus vers le parking d&rsquo;un bon pas pour nous r\u00e9chauffer. A notre  arriv\u00e9e \u00e0 Pont du Foss\u00e9, le soleil \u00e9tait l\u00e0 ! Je l&rsquo;avais bien dit, sans pr\u00e9ciser le lieu et l&rsquo;heure.<\/p>\n\n\n\n<p>5h de marche pour 7 km et 730 m de d\u00e9nivel\u00e9, chacun\u00a0 a pu d\u00e9couvrir un lieu qu&rsquo;il ne connaissait pas ! Quand m\u00eame une bonne randonn\u00e9e.<\/p>\n\n\n\n<p>Texte Chantal S.                            Photos Vincent J.<\/p>\n\n\n\n<p><\/p>\n","protected":false},"excerpt":{"rendered":"<p>Anne, que je ne connaissais pas, St\u00e9phane, notre auteur, et Vincent, qui a laiss\u00e9 Sonia dormir pour r\u00e9cup\u00e9rer de la fatigue d&rsquo;un voyage la veille, m&rsquo;ont rejointe \u00e0 Pont du Foss\u00e9 sous un ciel bien sombre, pour ne pas dire en plein brouillard.<\/p>\n","protected":false},"author":23,"featured_media":0,"comment_status":"closed","ping_status":"open","sticky":false,"template":"","format":"standard","meta":{"footnotes":""},"categories":[3],"tags":[],"class_list":["post-13869","post","type-post","status-publish","format-standard","hentry","category-randonnee-pedestre"],"_links":{"self":[{"href":"https:\/\/sentiers05.fr\/index.php\/wp-json\/wp\/v2\/posts\/13869","targetHints":{"allow":["GET"]}}],"collection":[{"href":"https:\/\/sentiers05.fr\/index.php\/wp-json\/wp\/v2\/posts"}],"about":[{"href":"https:\/\/sentiers05.fr\/index.php\/wp-json\/wp\/v2\/types\/post"}],"author":[{"embeddable":true,"href":"https:\/\/sentiers05.fr\/index.php\/wp-json\/wp\/v2\/users\/23"}],"replies":[{"embeddable":true,"href":"https:\/\/sentiers05.fr\/index.php\/wp-json\/wp\/v2\/comments?post=13869"}],"version-history":[{"count":2,"href":"https:\/\/sentiers05.fr\/index.php\/wp-json\/wp\/v2\/posts\/13869\/revisions"}],"predecessor-version":[{"id":13881,"href":"https:\/\/sentiers05.fr\/index.php\/wp-json\/wp\/v2\/posts\/13869\/revisions\/13881"}],"wp:attachment":[{"href":"https:\/\/sentiers05.fr\/index.php\/wp-json\/wp\/v2\/media?parent=13869"}],"wp:term":[{"taxonomy":"category","embeddable":true,"href":"https:\/\/sentiers05.fr\/index.php\/wp-json\/wp\/v2\/categories?post=13869"},{"taxonomy":"post_tag","embeddable":true,"href":"https:\/\/sentiers05.fr\/index.php\/wp-json\/wp\/v2\/tags?post=13869"}],"curies":[{"name":"wp","href":"https:\/\/api.w.org\/{rel}","templated":true}]}}