{"id":13695,"date":"2025-09-09T21:41:25","date_gmt":"2025-09-09T19:41:25","guid":{"rendered":"https:\/\/sentiers05.fr\/?p=13695"},"modified":"2025-09-26T21:42:22","modified_gmt":"2025-09-26T19:42:22","slug":"les-borels-meollion-le-09-09-2025","status":"publish","type":"post","link":"https:\/\/sentiers05.fr\/index.php\/2025\/09\/09\/les-borels-meollion-le-09-09-2025\/","title":{"rendered":"Les Borels-M\u00e9ollion le 09- 09- 2025"},"content":{"rendered":"\n<p>Texte de Jo\u00eblle &#8211; Photos de Roselyne<\/p>\n\n\n\n<p>Six randonneurs ce matin au d\u00e9part des Borels pour cette rando d\u00e9j\u00e0 r\u00e9alis\u00e9e le 27 mai.   Mais en cette fin d&rsquo;\u00e9t\u00e9, les couleurs ont chang\u00e9, les lumi\u00e8res sont plus douces et la temp\u00e9rature plus agr\u00e9able pour cette belle mont\u00e9e vers le hameau de M\u00e9ollion qui\u00a0s effectue en grande partie sur un sentier ombrag\u00e9.<\/p>\n\n\n\n<!--more-->\n\n\n\n<div class=\"wp-block-columns is-layout-flex wp-container-core-columns-is-layout-9d6595d7 wp-block-columns-is-layout-flex\">\n<div class=\"wp-block-column is-layout-flow wp-block-column-is-layout-flow\">\n<p>                                                                                                                                Sans difficult\u00e9, au rythme du pas de G\u00e9rard et apr\u00e8s un d\u00e9nivel\u00e9 de 480m nous franchissons le frais torrent avant de nous retrouver autour des tables de pique nique au pied des ruines de l&rsquo;ancien hameau.<\/p>\n<\/div>\n\n\n\n<div class=\"wp-block-column is-layout-flow wp-block-column-is-layout-flow\">\n<figure class=\"wp-block-image size-large is-resized\"><img loading=\"lazy\" decoding=\"async\" width=\"383\" height=\"584\" src=\"https:\/\/sentiers05.fr\/wp-content\/uploads\/2025\/09\/20250909_132254-1-383x584.jpg\" alt=\"\" class=\"wp-image-13707\" style=\"width:299px;height:auto\" srcset=\"https:\/\/sentiers05.fr\/wp-content\/uploads\/2025\/09\/20250909_132254-1-383x584.jpg 383w, https:\/\/sentiers05.fr\/wp-content\/uploads\/2025\/09\/20250909_132254-1-197x300.jpg 197w, https:\/\/sentiers05.fr\/wp-content\/uploads\/2025\/09\/20250909_132254-1-1008x1536.jpg 1008w, https:\/\/sentiers05.fr\/wp-content\/uploads\/2025\/09\/20250909_132254-1-1344x2048.jpg 1344w, https:\/\/sentiers05.fr\/wp-content\/uploads\/2025\/09\/20250909_132254-1-1200x1828.jpg 1200w, https:\/\/sentiers05.fr\/wp-content\/uploads\/2025\/09\/20250909_132254-1-scaled.jpg 1680w\" sizes=\"auto, (max-width: 383px) 85vw, 383px\" \/><\/figure>\n<\/div>\n<\/div>\n\n\n\n<figure class=\"wp-block-image size-full\"><img decoding=\"async\" src=\"https:\/\/sentiers05.fr\/wp-content\/uploads\/2025\/09\/20250909_115240.jpg\" alt=\"\" class=\"wp-image-13697\" \/><\/figure>\n\n\n\n<figure class=\"wp-block-image size-full\"><img decoding=\"async\" src=\"https:\/\/sentiers05.fr\/wp-content\/uploads\/2025\/09\/20250909_122828.jpg\" alt=\"\" class=\"wp-image-13698\" \/><\/figure>\n\n\n\n<p>A la diff\u00e9rence de la fois pr\u00e9c\u00e9dente, le retour s&rsquo;effectue par\u00a0 les Champets.       On franchit \u00e0\u00a0 nouveau le torrent et on s&rsquo;engage sur le sentier de droite. Apr\u00e8s un passage rocheux d\u00e9licat mais d\u00e9sormais bien am\u00e9nag\u00e9 et s\u00e9curis\u00e9 sur des dalles, les prairies d&rsquo;alpages se descendent en suivant un chemin bucolique en lacets.<\/p>\n\n\n\n<figure class=\"wp-block-image size-full\"><img decoding=\"async\" src=\"https:\/\/sentiers05.fr\/wp-content\/uploads\/2025\/09\/20250909_125025.jpg\" alt=\"\" class=\"wp-image-13699\" \/><\/figure>\n\n\n\n<div class=\"wp-block-columns is-layout-flex wp-container-core-columns-is-layout-9d6595d7 wp-block-columns-is-layout-flex\">\n<div class=\"wp-block-column is-layout-flow wp-block-column-is-layout-flow\">\n<figure class=\"wp-block-image size-large\"><img loading=\"lazy\" decoding=\"async\" width=\"375\" height=\"584\" src=\"https:\/\/sentiers05.fr\/wp-content\/uploads\/2025\/09\/20250909_132925-4-375x584.jpg\" alt=\"\" class=\"wp-image-13708\" srcset=\"https:\/\/sentiers05.fr\/wp-content\/uploads\/2025\/09\/20250909_132925-4-375x584.jpg 375w, https:\/\/sentiers05.fr\/wp-content\/uploads\/2025\/09\/20250909_132925-4-193x300.jpg 193w, https:\/\/sentiers05.fr\/wp-content\/uploads\/2025\/09\/20250909_132925-4-987x1536.jpg 987w, https:\/\/sentiers05.fr\/wp-content\/uploads\/2025\/09\/20250909_132925-4-scaled.jpg 1645w\" sizes=\"auto, (max-width: 375px) 85vw, 375px\" \/><\/figure>\n<\/div>\n\n\n\n<div class=\"wp-block-column is-layout-flow wp-block-column-is-layout-flow\">\n<p>Je vais vous livrer l\u00e0, une confidence : en 1968, je suis venue en colonie de vacances \u00e0 Montgen\u00e8vre. Premi\u00e8re fois que je voyais la montagne et quelle montagne! Les Alpes et ses alpages, ses c\u00eemes et ses cols de haute altitude, et la d\u00e9couverte de la marche en randonn\u00e9e. A l&rsquo;\u00e9poque on regardait Heidi et Belle et S\u00e9bastien \u00e0 la t\u00e9l\u00e9vision en noir et blanc&#8230;Cette exp\u00e9rience m&rsquo;a donn\u00e9 \u00e0 tout jamais l&rsquo;envie de marcher.<\/p>\n\n\n\n<p>L\u00e0, je retrouve cet \u00e9tat d&rsquo;\u00e9merveillement qui se d\u00e9clenche, chaque fois, devant ces paysages.<\/p>\n<\/div>\n<\/div>\n\n\n\n<p>Six randonneurs en ce milieu d&rsquo;apr\u00e8s midi, heureux d&rsquo;avoir partag\u00e9 cette randonn\u00e9e propos\u00e9e par Chantal.<\/p>\n\n\n\n<p>A elle, un grand merci.<\/p>\n\n\n\n<p>Nous \u00e9tions 6. Nous avons parcouru 7 km avec un d\u00e9nivel\u00e9 de 480 m.<\/p>\n\n\n\n<p>Jo\u00eblle BLAISE<\/p>\n\n\n\n<div class=\"wp-block-columns is-layout-flex wp-container-core-columns-is-layout-9d6595d7 wp-block-columns-is-layout-flex\">\n<div class=\"wp-block-column is-layout-flow wp-block-column-is-layout-flow\">\n<figure class=\"wp-block-image size-large\"><img loading=\"lazy\" decoding=\"async\" width=\"1667\" height=\"2560\" src=\"https:\/\/sentiers05.fr\/wp-content\/uploads\/2025\/09\/20250909_100728-1-edited-1-scaled.jpg\" alt=\"\" class=\"wp-image-13713\" srcset=\"https:\/\/sentiers05.fr\/wp-content\/uploads\/2025\/09\/20250909_100728-1-edited-1-scaled.jpg 1667w, https:\/\/sentiers05.fr\/wp-content\/uploads\/2025\/09\/20250909_100728-1-edited-1-195x300.jpg 195w, https:\/\/sentiers05.fr\/wp-content\/uploads\/2025\/09\/20250909_100728-1-edited-1-380x584.jpg 380w, https:\/\/sentiers05.fr\/wp-content\/uploads\/2025\/09\/20250909_100728-1-edited-1-1000x1536.jpg 1000w, https:\/\/sentiers05.fr\/wp-content\/uploads\/2025\/09\/20250909_100728-1-edited-1-1333x2048.jpg 1333w, https:\/\/sentiers05.fr\/wp-content\/uploads\/2025\/09\/20250909_100728-1-edited-1-1200x1843.jpg 1200w\" sizes=\"auto, (max-width: 709px) 85vw, (max-width: 909px) 67vw, (max-width: 1362px) 62vw, 840px\" \/><\/figure>\n<\/div>\n<\/div>\n\n\n\n<p>Un joli champignon , un agaric.<\/p>\n","protected":false},"excerpt":{"rendered":"<p>Texte de Jo\u00eblle &#8211; Photos de Roselyne Six randonneurs ce matin au d\u00e9part des Borels pour cette rando d\u00e9j\u00e0 r\u00e9alis\u00e9e le 27 mai. Mais en cette fin d&rsquo;\u00e9t\u00e9, les couleurs ont chang\u00e9, les lumi\u00e8res sont plus douces et la temp\u00e9rature plus agr\u00e9able pour cette belle mont\u00e9e vers le hameau de M\u00e9ollion qui\u00a0s effectue en grande &hellip; <a href=\"https:\/\/sentiers05.fr\/index.php\/2025\/09\/09\/les-borels-meollion-le-09-09-2025\/\" class=\"more-link\">Continuer la lecture<span class=\"screen-reader-text\"> de &laquo;&nbsp;Les Borels-M\u00e9ollion le 09- 09- 2025&nbsp;&raquo;<\/span><\/a><\/p>\n","protected":false},"author":23,"featured_media":0,"comment_status":"closed","ping_status":"open","sticky":false,"template":"","format":"standard","meta":{"footnotes":""},"categories":[9],"tags":[],"class_list":["post-13695","post","type-post","status-publish","format-standard","hentry","category-rando-douce"],"_links":{"self":[{"href":"https:\/\/sentiers05.fr\/index.php\/wp-json\/wp\/v2\/posts\/13695","targetHints":{"allow":["GET"]}}],"collection":[{"href":"https:\/\/sentiers05.fr\/index.php\/wp-json\/wp\/v2\/posts"}],"about":[{"href":"https:\/\/sentiers05.fr\/index.php\/wp-json\/wp\/v2\/types\/post"}],"author":[{"embeddable":true,"href":"https:\/\/sentiers05.fr\/index.php\/wp-json\/wp\/v2\/users\/23"}],"replies":[{"embeddable":true,"href":"https:\/\/sentiers05.fr\/index.php\/wp-json\/wp\/v2\/comments?post=13695"}],"version-history":[{"count":5,"href":"https:\/\/sentiers05.fr\/index.php\/wp-json\/wp\/v2\/posts\/13695\/revisions"}],"predecessor-version":[{"id":13716,"href":"https:\/\/sentiers05.fr\/index.php\/wp-json\/wp\/v2\/posts\/13695\/revisions\/13716"}],"wp:attachment":[{"href":"https:\/\/sentiers05.fr\/index.php\/wp-json\/wp\/v2\/media?parent=13695"}],"wp:term":[{"taxonomy":"category","embeddable":true,"href":"https:\/\/sentiers05.fr\/index.php\/wp-json\/wp\/v2\/categories?post=13695"},{"taxonomy":"post_tag","embeddable":true,"href":"https:\/\/sentiers05.fr\/index.php\/wp-json\/wp\/v2\/tags?post=13695"}],"curies":[{"name":"wp","href":"https:\/\/api.w.org\/{rel}","templated":true}]}}