{"id":12793,"date":"2025-10-04T18:26:07","date_gmt":"2025-10-04T16:26:07","guid":{"rendered":"https:\/\/sentiers05.fr\/?p=12793"},"modified":"2025-10-04T16:54:20","modified_gmt":"2025-10-04T14:54:20","slug":"les-gentianes","status":"publish","type":"post","link":"https:\/\/sentiers05.fr\/index.php\/2025\/10\/04\/les-gentianes\/","title":{"rendered":"Les gentianes"},"content":{"rendered":"\n<p>Depuis le d\u00e9but du printemps et au fil du temps, nous avons pu observer plusieurs gentianes.<\/p>\n\n\n\n<figure class=\"wp-block-image size-large is-resized\"><img loading=\"lazy\" decoding=\"async\" width=\"329\" height=\"584\" src=\"https:\/\/sentiers05.fr\/wp-content\/uploads\/2025\/08\/IMG-20250808-WA0003-329x584.jpg\" alt=\"\" class=\"wp-image-12779\" style=\"width:627px;height:auto\" srcset=\"https:\/\/sentiers05.fr\/wp-content\/uploads\/2025\/08\/IMG-20250808-WA0003-329x584.jpg 329w, https:\/\/sentiers05.fr\/wp-content\/uploads\/2025\/08\/IMG-20250808-WA0003-169x300.jpg 169w, https:\/\/sentiers05.fr\/wp-content\/uploads\/2025\/08\/IMG-20250808-WA0003-864x1536.jpg 864w, https:\/\/sentiers05.fr\/wp-content\/uploads\/2025\/08\/IMG-20250808-WA0003.jpg 1134w\" sizes=\"auto, (max-width: 329px) 85vw, 329px\" \/><figcaption class=\"wp-element-caption\"><strong>La gentiane printani\u00e8re &#8211; tr\u00e8s pr\u00e9sente apr\u00e8s la fonte des neiges<\/strong><\/figcaption><\/figure>\n\n\n\n<!--more-->\n\n\n\n<figure class=\"wp-block-image size-large is-resized\"><img loading=\"lazy\" decoding=\"async\" width=\"584\" height=\"438\" src=\"https:\/\/sentiers05.fr\/wp-content\/uploads\/2025\/08\/20250601_112657-1-584x438.jpg\" alt=\"\" class=\"wp-image-12780\" style=\"width:630px;height:auto\" srcset=\"https:\/\/sentiers05.fr\/wp-content\/uploads\/2025\/08\/20250601_112657-1-584x438.jpg 584w, https:\/\/sentiers05.fr\/wp-content\/uploads\/2025\/08\/20250601_112657-1-300x225.jpg 300w, https:\/\/sentiers05.fr\/wp-content\/uploads\/2025\/08\/20250601_112657-1-1536x1152.jpg 1536w, https:\/\/sentiers05.fr\/wp-content\/uploads\/2025\/08\/20250601_112657-1-2048x1536.jpg 2048w, https:\/\/sentiers05.fr\/wp-content\/uploads\/2025\/08\/20250601_112657-1-1200x900.jpg 1200w\" sizes=\"auto, (max-width: 584px) 85vw, 584px\" \/><figcaption class=\"wp-element-caption\"><strong>La gentiane de Koch ou gentiane Acaule<\/strong> &#8211; <strong>tr\u00e8s r\u00e9pandue autour de nous<\/strong><\/figcaption><\/figure>\n\n\n\n<figure class=\"wp-block-image size-large\"><img loading=\"lazy\" decoding=\"async\" width=\"2560\" height=\"1183\" src=\"https:\/\/sentiers05.fr\/wp-content\/uploads\/2025\/08\/20250715_132438-1-edited-scaled.jpg\" alt=\"\" class=\"wp-image-12794\" srcset=\"https:\/\/sentiers05.fr\/wp-content\/uploads\/2025\/08\/20250715_132438-1-edited-scaled.jpg 2560w, https:\/\/sentiers05.fr\/wp-content\/uploads\/2025\/08\/20250715_132438-1-edited-300x139.jpg 300w, https:\/\/sentiers05.fr\/wp-content\/uploads\/2025\/08\/20250715_132438-1-edited-584x270.jpg 584w, https:\/\/sentiers05.fr\/wp-content\/uploads\/2025\/08\/20250715_132438-1-edited-1536x710.jpg 1536w, https:\/\/sentiers05.fr\/wp-content\/uploads\/2025\/08\/20250715_132438-1-edited-2048x946.jpg 2048w, https:\/\/sentiers05.fr\/wp-content\/uploads\/2025\/08\/20250715_132438-1-edited-1200x554.jpg 1200w\" sizes=\"auto, (max-width: 709px) 85vw, (max-width: 909px) 67vw, (max-width: 1362px) 62vw, 840px\" \/><figcaption class=\"wp-element-caption\"><strong>La gentiane croisette- col du Noyer juillet 2025<\/strong><\/figcaption><\/figure>\n\n\n\n<figure class=\"wp-block-image size-large is-resized\"><img loading=\"lazy\" decoding=\"async\" width=\"270\" height=\"584\" src=\"https:\/\/sentiers05.fr\/wp-content\/uploads\/2025\/08\/20250708_115336-2-edited-1-270x584.jpg\" alt=\"\" class=\"wp-image-12788\" style=\"width:630px;height:auto\" srcset=\"https:\/\/sentiers05.fr\/wp-content\/uploads\/2025\/08\/20250708_115336-2-edited-1-270x584.jpg 270w, https:\/\/sentiers05.fr\/wp-content\/uploads\/2025\/08\/20250708_115336-2-edited-1-139x300.jpg 139w, https:\/\/sentiers05.fr\/wp-content\/uploads\/2025\/08\/20250708_115336-2-edited-1-710x1536.jpg 710w, https:\/\/sentiers05.fr\/wp-content\/uploads\/2025\/08\/20250708_115336-2-edited-1-946x2048.jpg 946w, https:\/\/sentiers05.fr\/wp-content\/uploads\/2025\/08\/20250708_115336-2-edited-1-1200x2597.jpg 1200w, https:\/\/sentiers05.fr\/wp-content\/uploads\/2025\/08\/20250708_115336-2-edited-1-scaled.jpg 1183w\" sizes=\"auto, (max-width: 270px) 85vw, 270px\" \/><figcaption class=\"wp-element-caption\"><strong>La gentiane de Bavi\u00e8re- les Fonts de Cervi\u00e8res -8 juillet 2025<\/strong><\/figcaption><\/figure>\n\n\n\n<figure class=\"wp-block-image size-large is-resized\"><img loading=\"lazy\" decoding=\"async\" width=\"270\" height=\"584\" src=\"https:\/\/sentiers05.fr\/wp-content\/uploads\/2025\/08\/20250710_131859-edited-1-270x584.jpg\" alt=\"\" class=\"wp-image-12786\" style=\"width:588px;height:auto\" srcset=\"https:\/\/sentiers05.fr\/wp-content\/uploads\/2025\/08\/20250710_131859-edited-1-270x584.jpg 270w, https:\/\/sentiers05.fr\/wp-content\/uploads\/2025\/08\/20250710_131859-edited-1-139x300.jpg 139w, https:\/\/sentiers05.fr\/wp-content\/uploads\/2025\/08\/20250710_131859-edited-1-710x1536.jpg 710w, https:\/\/sentiers05.fr\/wp-content\/uploads\/2025\/08\/20250710_131859-edited-1-946x2048.jpg 946w, https:\/\/sentiers05.fr\/wp-content\/uploads\/2025\/08\/20250710_131859-edited-1-1200x2597.jpg 1200w, https:\/\/sentiers05.fr\/wp-content\/uploads\/2025\/08\/20250710_131859-edited-1-scaled.jpg 1183w\" sizes=\"auto, (max-width: 270px) 85vw, 270px\" \/><figcaption class=\"wp-element-caption\"><strong>La gentiane jaune ou grande gentiane utilis\u00e9e pour les spiritueux.<\/strong><\/figcaption><\/figure>\n\n\n\n<p>Photos de Christiane D.V. et Roselyne D.<\/p>\n\n\n<div class=\"wp-block-image\">\n<figure class=\"aligncenter size-large is-resized\"><img loading=\"lazy\" decoding=\"async\" width=\"270\" height=\"584\" src=\"https:\/\/sentiers05.fr\/wp-content\/uploads\/2025\/08\/20250918_134031-270x584.jpg\" alt=\"\" class=\"wp-image-13867\" style=\"width:463px;height:auto\" srcset=\"https:\/\/sentiers05.fr\/wp-content\/uploads\/2025\/08\/20250918_134031-270x584.jpg 270w, https:\/\/sentiers05.fr\/wp-content\/uploads\/2025\/08\/20250918_134031-139x300.jpg 139w, https:\/\/sentiers05.fr\/wp-content\/uploads\/2025\/08\/20250918_134031-709x1536.jpg 709w, https:\/\/sentiers05.fr\/wp-content\/uploads\/2025\/08\/20250918_134031-946x2048.jpg 946w, https:\/\/sentiers05.fr\/wp-content\/uploads\/2025\/08\/20250918_134031-1200x2598.jpg 1200w, https:\/\/sentiers05.fr\/wp-content\/uploads\/2025\/08\/20250918_134031-scaled.jpg 1182w\" sizes=\"auto, (max-width: 270px) 85vw, 270px\" \/><figcaption class=\"wp-element-caption\">Gentiane Champ\u00eatre avec 4 p\u00e9tales   Gran Sasso Italie le 18\/09\/2025<\/figcaption><\/figure>\n<\/div>\n\n\n<p><\/p>\n","protected":false},"excerpt":{"rendered":"<p>Depuis le d\u00e9but du printemps et au fil du temps, nous avons pu observer plusieurs gentianes.<\/p>\n","protected":false},"author":23,"featured_media":0,"comment_status":"closed","ping_status":"open","sticky":false,"template":"","format":"standard","meta":{"footnotes":""},"categories":[3],"tags":[],"class_list":["post-12793","post","type-post","status-publish","format-standard","hentry","category-randonnee-pedestre"],"_links":{"self":[{"href":"https:\/\/sentiers05.fr\/index.php\/wp-json\/wp\/v2\/posts\/12793","targetHints":{"allow":["GET"]}}],"collection":[{"href":"https:\/\/sentiers05.fr\/index.php\/wp-json\/wp\/v2\/posts"}],"about":[{"href":"https:\/\/sentiers05.fr\/index.php\/wp-json\/wp\/v2\/types\/post"}],"author":[{"embeddable":true,"href":"https:\/\/sentiers05.fr\/index.php\/wp-json\/wp\/v2\/users\/23"}],"replies":[{"embeddable":true,"href":"https:\/\/sentiers05.fr\/index.php\/wp-json\/wp\/v2\/comments?post=12793"}],"version-history":[{"count":3,"href":"https:\/\/sentiers05.fr\/index.php\/wp-json\/wp\/v2\/posts\/12793\/revisions"}],"predecessor-version":[{"id":13868,"href":"https:\/\/sentiers05.fr\/index.php\/wp-json\/wp\/v2\/posts\/12793\/revisions\/13868"}],"wp:attachment":[{"href":"https:\/\/sentiers05.fr\/index.php\/wp-json\/wp\/v2\/media?parent=12793"}],"wp:term":[{"taxonomy":"category","embeddable":true,"href":"https:\/\/sentiers05.fr\/index.php\/wp-json\/wp\/v2\/categories?post=12793"},{"taxonomy":"post_tag","embeddable":true,"href":"https:\/\/sentiers05.fr\/index.php\/wp-json\/wp\/v2\/tags?post=12793"}],"curies":[{"name":"wp","href":"https:\/\/api.w.org\/{rel}","templated":true}]}}