{"id":12595,"date":"2025-10-04T20:49:34","date_gmt":"2025-10-04T18:49:34","guid":{"rendered":"https:\/\/sentiers05.fr\/?p=12595"},"modified":"2025-10-04T16:46:41","modified_gmt":"2025-10-04T14:46:41","slug":"genepi-et-sabot-de-venus","status":"publish","type":"post","link":"https:\/\/sentiers05.fr\/index.php\/2025\/10\/04\/genepi-et-sabot-de-venus\/","title":{"rendered":"G\u00e9n\u00e9pi, sabot de V\u00e9nus, Edelweiss, etc&#8230;"},"content":{"rendered":"<div class=\"wp-block-image\">\n<figure class=\"aligncenter size-large is-resized\"><img loading=\"lazy\" decoding=\"async\" width=\"329\" height=\"584\" src=\"https:\/\/sentiers05.fr\/wp-content\/uploads\/2025\/07\/IMG-20250714-WA0000-329x584.jpg\" alt=\"\" class=\"wp-image-12596\" style=\"width:536px;height:auto\" srcset=\"https:\/\/sentiers05.fr\/wp-content\/uploads\/2025\/07\/IMG-20250714-WA0000-329x584.jpg 329w, https:\/\/sentiers05.fr\/wp-content\/uploads\/2025\/07\/IMG-20250714-WA0000-169x300.jpg 169w, https:\/\/sentiers05.fr\/wp-content\/uploads\/2025\/07\/IMG-20250714-WA0000-864x1536.jpg 864w, https:\/\/sentiers05.fr\/wp-content\/uploads\/2025\/07\/IMG-20250714-WA0000.jpg 900w\" sizes=\"auto, (max-width: 329px) 85vw, 329px\" \/><figcaption class=\"wp-element-caption\">G\u00e9n\u00e9pi &#8211; Christian R.  10 juillet 2025  Ban du Perron.<\/figcaption><\/figure>\n<\/div>\n\n<div class=\"wp-block-image\">\n<figure class=\"aligncenter size-large is-resized\"><img loading=\"lazy\" decoding=\"async\" width=\"329\" height=\"584\" src=\"https:\/\/sentiers05.fr\/wp-content\/uploads\/2025\/07\/IMG-20250714-WA0001-329x584.jpg\" alt=\"\" class=\"wp-image-12597\" style=\"width:536px;height:auto\" srcset=\"https:\/\/sentiers05.fr\/wp-content\/uploads\/2025\/07\/IMG-20250714-WA0001-329x584.jpg 329w, https:\/\/sentiers05.fr\/wp-content\/uploads\/2025\/07\/IMG-20250714-WA0001-169x300.jpg 169w, https:\/\/sentiers05.fr\/wp-content\/uploads\/2025\/07\/IMG-20250714-WA0001-864x1536.jpg 864w, https:\/\/sentiers05.fr\/wp-content\/uploads\/2025\/07\/IMG-20250714-WA0001.jpg 900w\" sizes=\"auto, (max-width: 329px) 85vw, 329px\" \/><\/figure>\n<\/div>\n\n<div class=\"wp-block-image\">\n<figure class=\"aligncenter size-large is-resized\"><img loading=\"lazy\" decoding=\"async\" width=\"387\" height=\"584\" src=\"https:\/\/sentiers05.fr\/wp-content\/uploads\/2025\/07\/IMG-20250611-WA0001-387x584.jpg\" alt=\"\" class=\"wp-image-12598\" style=\"width:537px;height:auto\" srcset=\"https:\/\/sentiers05.fr\/wp-content\/uploads\/2025\/07\/IMG-20250611-WA0001-387x584.jpg 387w, https:\/\/sentiers05.fr\/wp-content\/uploads\/2025\/07\/IMG-20250611-WA0001-199x300.jpg 199w, https:\/\/sentiers05.fr\/wp-content\/uploads\/2025\/07\/IMG-20250611-WA0001-1017x1536.jpg 1017w, https:\/\/sentiers05.fr\/wp-content\/uploads\/2025\/07\/IMG-20250611-WA0001.jpg 1059w\" sizes=\"auto, (max-width: 387px) 85vw, 387px\" \/><figcaption class=\"wp-element-caption\">Sabot de V\u00e9nus  Cypripedium calceolus &#8211; Christian R.    Les Crots mai 2025<\/figcaption><\/figure>\n<\/div>\n\n<div class=\"wp-block-image\">\n<figure class=\"aligncenter size-large is-resized\"><img loading=\"lazy\" decoding=\"async\" width=\"413\" height=\"584\" src=\"https:\/\/sentiers05.fr\/wp-content\/uploads\/2025\/08\/20250807_112410-2-413x584.jpg\" alt=\"\" class=\"wp-image-12752\" style=\"width:572px;height:auto\" srcset=\"https:\/\/sentiers05.fr\/wp-content\/uploads\/2025\/08\/20250807_112410-2-413x584.jpg 413w, https:\/\/sentiers05.fr\/wp-content\/uploads\/2025\/08\/20250807_112410-2-212x300.jpg 212w, https:\/\/sentiers05.fr\/wp-content\/uploads\/2025\/08\/20250807_112410-2-1086x1536.jpg 1086w, https:\/\/sentiers05.fr\/wp-content\/uploads\/2025\/08\/20250807_112410-2-1449x2048.jpg 1449w, https:\/\/sentiers05.fr\/wp-content\/uploads\/2025\/08\/20250807_112410-2-1200x1697.jpg 1200w, https:\/\/sentiers05.fr\/wp-content\/uploads\/2025\/08\/20250807_112410-2-scaled.jpg 1811w\" sizes=\"auto, (max-width: 413px) 85vw, 413px\" \/><figcaption class=\"wp-element-caption\">Edelweiss -Morgon -7 ao\u00fbt 2025<\/figcaption><\/figure>\n<\/div>\n\n\n<div class=\"wp-block-columns is-layout-flex wp-container-core-columns-is-layout-9d6595d7 wp-block-columns-is-layout-flex\">\n<div class=\"wp-block-column is-layout-flow wp-block-column-is-layout-flow\">\n<figure class=\"wp-block-image size-large is-resized\"><img loading=\"lazy\" decoding=\"async\" width=\"270\" height=\"584\" src=\"https:\/\/sentiers05.fr\/wp-content\/uploads\/2025\/07\/20250806_100812-270x584.jpg\" alt=\"\" class=\"wp-image-13858\" style=\"width:299px;height:auto\" srcset=\"https:\/\/sentiers05.fr\/wp-content\/uploads\/2025\/07\/20250806_100812-270x584.jpg 270w, https:\/\/sentiers05.fr\/wp-content\/uploads\/2025\/07\/20250806_100812-139x300.jpg 139w, https:\/\/sentiers05.fr\/wp-content\/uploads\/2025\/07\/20250806_100812-710x1536.jpg 710w, https:\/\/sentiers05.fr\/wp-content\/uploads\/2025\/07\/20250806_100812-946x2048.jpg 946w, https:\/\/sentiers05.fr\/wp-content\/uploads\/2025\/07\/20250806_100812-1200x2597.jpg 1200w, https:\/\/sentiers05.fr\/wp-content\/uploads\/2025\/07\/20250806_100812-scaled.jpg 1183w\" sizes=\"auto, (max-width: 270px) 85vw, 270px\" \/><figcaption class=\"wp-element-caption\">Sureau hi\u00e9ble Avec Ecaille chin\u00e9e et Cuivr\u00e9 fuligineux Sigoyer le 06\/08\/2025<\/figcaption><\/figure>\n<\/div>\n\n\n\n<div class=\"wp-block-column is-layout-flow wp-block-column-is-layout-flow\">\n<figure class=\"wp-block-image size-large is-resized\"><img loading=\"lazy\" decoding=\"async\" width=\"270\" height=\"584\" src=\"https:\/\/sentiers05.fr\/wp-content\/uploads\/2025\/07\/20250806_103615-270x584.jpg\" alt=\"\" class=\"wp-image-13859\" style=\"width:299px;height:auto\" srcset=\"https:\/\/sentiers05.fr\/wp-content\/uploads\/2025\/07\/20250806_103615-270x584.jpg 270w, https:\/\/sentiers05.fr\/wp-content\/uploads\/2025\/07\/20250806_103615-139x300.jpg 139w, https:\/\/sentiers05.fr\/wp-content\/uploads\/2025\/07\/20250806_103615-710x1536.jpg 710w, https:\/\/sentiers05.fr\/wp-content\/uploads\/2025\/07\/20250806_103615-946x2048.jpg 946w, https:\/\/sentiers05.fr\/wp-content\/uploads\/2025\/07\/20250806_103615-1200x2597.jpg 1200w, https:\/\/sentiers05.fr\/wp-content\/uploads\/2025\/07\/20250806_103615-scaled.jpg 1183w\" sizes=\"auto, (max-width: 270px) 85vw, 270px\" \/><figcaption class=\"wp-element-caption\">Ch\u00e9vrefeuille des haies Sigoyer le 06\/08\/2025<\/figcaption><\/figure>\n<\/div>\n<\/div>\n\n\n\n<div class=\"wp-block-columns is-layout-flex wp-container-core-columns-is-layout-9d6595d7 wp-block-columns-is-layout-flex\">\n<div class=\"wp-block-column is-layout-flow wp-block-column-is-layout-flow\">\n<figure class=\"wp-block-image size-large is-resized\"><img loading=\"lazy\" decoding=\"async\" width=\"270\" height=\"584\" src=\"https:\/\/sentiers05.fr\/wp-content\/uploads\/2025\/07\/20250930_124459-2-270x584.jpg\" alt=\"\" class=\"wp-image-13861\" style=\"width:288px;height:auto\" srcset=\"https:\/\/sentiers05.fr\/wp-content\/uploads\/2025\/07\/20250930_124459-2-270x584.jpg 270w, https:\/\/sentiers05.fr\/wp-content\/uploads\/2025\/07\/20250930_124459-2-139x300.jpg 139w, https:\/\/sentiers05.fr\/wp-content\/uploads\/2025\/07\/20250930_124459-2-710x1536.jpg 710w, https:\/\/sentiers05.fr\/wp-content\/uploads\/2025\/07\/20250930_124459-2-946x2048.jpg 946w, https:\/\/sentiers05.fr\/wp-content\/uploads\/2025\/07\/20250930_124459-2-1200x2597.jpg 1200w, https:\/\/sentiers05.fr\/wp-content\/uploads\/2025\/07\/20250930_124459-2-scaled.jpg 1183w\" sizes=\"auto, (max-width: 270px) 85vw, 270px\" \/><figcaption class=\"wp-element-caption\">Linaire des Alpes Col de la Coupa le 30\/09\/2025<\/figcaption><\/figure>\n<\/div>\n\n\n\n<div class=\"wp-block-column is-layout-flow wp-block-column-is-layout-flow\">\n<figure class=\"wp-block-image size-large is-resized\"><img loading=\"lazy\" decoding=\"async\" width=\"281\" height=\"584\" src=\"https:\/\/sentiers05.fr\/wp-content\/uploads\/2025\/07\/IMG-20250901-WA0001-281x584.jpg\" alt=\"\" class=\"wp-image-13863\" style=\"width:299px;height:auto\" srcset=\"https:\/\/sentiers05.fr\/wp-content\/uploads\/2025\/07\/IMG-20250901-WA0001-281x584.jpg 281w, https:\/\/sentiers05.fr\/wp-content\/uploads\/2025\/07\/IMG-20250901-WA0001-144x300.jpg 144w, https:\/\/sentiers05.fr\/wp-content\/uploads\/2025\/07\/IMG-20250901-WA0001.jpg 712w\" sizes=\"auto, (max-width: 281px) 85vw, 281px\" \/><figcaption class=\"wp-element-caption\">Ch\u00e8vrefeuille des Alpes dit \u00ab\u00a0cerisier\u00a0\u00bb des Alpes Bonnet de Calvin le 31\/08\/2025<\/figcaption><\/figure>\n<\/div>\n<\/div>\n\n\n\n<figure class=\"wp-block-image size-full\"><img decoding=\"async\" src=\"https:\/\/sentiers05.fr\/wp-content\/uploads\/2025\/07\/20251002_104454.jpg\" alt=\"\" class=\"wp-image-13864\" \/><figcaption class=\"wp-element-caption\">Epine vinette N\u00e9vache le 02\/10\/2025<\/figcaption><\/figure>\n\n\n\n<p><\/p>\n","protected":false},"excerpt":{"rendered":"","protected":false},"author":23,"featured_media":0,"comment_status":"closed","ping_status":"open","sticky":false,"template":"","format":"standard","meta":{"footnotes":""},"categories":[12],"tags":[],"class_list":["post-12595","post","type-post","status-publish","format-standard","hentry","category-flore"],"_links":{"self":[{"href":"https:\/\/sentiers05.fr\/index.php\/wp-json\/wp\/v2\/posts\/12595","targetHints":{"allow":["GET"]}}],"collection":[{"href":"https:\/\/sentiers05.fr\/index.php\/wp-json\/wp\/v2\/posts"}],"about":[{"href":"https:\/\/sentiers05.fr\/index.php\/wp-json\/wp\/v2\/types\/post"}],"author":[{"embeddable":true,"href":"https:\/\/sentiers05.fr\/index.php\/wp-json\/wp\/v2\/users\/23"}],"replies":[{"embeddable":true,"href":"https:\/\/sentiers05.fr\/index.php\/wp-json\/wp\/v2\/comments?post=12595"}],"version-history":[{"count":4,"href":"https:\/\/sentiers05.fr\/index.php\/wp-json\/wp\/v2\/posts\/12595\/revisions"}],"predecessor-version":[{"id":13865,"href":"https:\/\/sentiers05.fr\/index.php\/wp-json\/wp\/v2\/posts\/12595\/revisions\/13865"}],"wp:attachment":[{"href":"https:\/\/sentiers05.fr\/index.php\/wp-json\/wp\/v2\/media?parent=12595"}],"wp:term":[{"taxonomy":"category","embeddable":true,"href":"https:\/\/sentiers05.fr\/index.php\/wp-json\/wp\/v2\/categories?post=12595"},{"taxonomy":"post_tag","embeddable":true,"href":"https:\/\/sentiers05.fr\/index.php\/wp-json\/wp\/v2\/tags?post=12595"}],"curies":[{"name":"wp","href":"https:\/\/api.w.org\/{rel}","templated":true}]}}