{"id":10497,"date":"2024-10-31T14:32:58","date_gmt":"2024-10-31T14:32:58","guid":{"rendered":"https:\/\/sentiers05.fr\/?p=10497"},"modified":"2024-11-08T14:41:02","modified_gmt":"2024-11-08T14:41:02","slug":"la-quille-du-laus-2","status":"publish","type":"post","link":"https:\/\/sentiers05.fr\/index.php\/2024\/10\/31\/la-quille-du-laus-2\/","title":{"rendered":"La quille du Laus"},"content":{"rendered":"\n<p>Apr\u00e8s une annulation pour terrain glissant, nous sommes 10 \u00e0 r\u00e9pondre pr\u00e9sents pour la mont\u00e9e \u00e0 la quille.<\/p>\n\n\n\n<figure class=\"wp-block-gallery has-nested-images columns-default is-cropped wp-block-gallery-1 is-layout-flex wp-block-gallery-is-layout-flex\">\n<figure class=\"wp-block-image size-large\"><img loading=\"lazy\" decoding=\"async\" width=\"584\" height=\"512\" data-id=\"10501\" src=\"https:\/\/sentiers05.fr\/wp-content\/uploads\/2024\/11\/01-584x512.jpg\" alt=\"\" class=\"wp-image-10501\" srcset=\"https:\/\/sentiers05.fr\/wp-content\/uploads\/2024\/11\/01-584x512.jpg 584w, https:\/\/sentiers05.fr\/wp-content\/uploads\/2024\/11\/01-300x263.jpg 300w, https:\/\/sentiers05.fr\/wp-content\/uploads\/2024\/11\/01.jpg 590w\" sizes=\"auto, (max-width: 584px) 85vw, 584px\" \/><\/figure>\n<\/figure>\n\n\n\n<p>Le d\u00e9part se fait au hameau \u00ab\u00a0les Gourniers\u00a0\u00bb apr\u00e8s le village de R\u00e9allon.<\/p>\n\n\n\n<figure class=\"wp-block-image size-large\"><img loading=\"lazy\" decoding=\"async\" width=\"505\" height=\"584\" src=\"https:\/\/sentiers05.fr\/wp-content\/uploads\/2024\/11\/24-505x584.jpg\" alt=\"\" class=\"wp-image-10523\" srcset=\"https:\/\/sentiers05.fr\/wp-content\/uploads\/2024\/11\/24-505x584.jpg 505w, https:\/\/sentiers05.fr\/wp-content\/uploads\/2024\/11\/24-259x300.jpg 259w, https:\/\/sentiers05.fr\/wp-content\/uploads\/2024\/11\/24.jpg 1124w\" sizes=\"auto, (max-width: 505px) 85vw, 505px\" \/><\/figure>\n\n\n\n<p>Premi\u00e8re pause pour admirer \u00ab\u00a0les marmites du g\u00e9ant\u00a0\u00bb, grandes bassines au pied d&rsquo;une chute du torrent.<\/p>\n\n\n\n<!--more-->\n\n\n\n<figure class=\"wp-block-gallery has-nested-images columns-default is-cropped wp-block-gallery-2 is-layout-flex wp-block-gallery-is-layout-flex\">\n<figure class=\"wp-block-image size-large\"><img loading=\"lazy\" decoding=\"async\" width=\"269\" height=\"584\" data-id=\"10528\" src=\"https:\/\/sentiers05.fr\/wp-content\/uploads\/2024\/11\/IMG_20241031_093321-269x584.jpg\" alt=\"\" class=\"wp-image-10528\" srcset=\"https:\/\/sentiers05.fr\/wp-content\/uploads\/2024\/11\/IMG_20241031_093321-269x584.jpg 269w, https:\/\/sentiers05.fr\/wp-content\/uploads\/2024\/11\/IMG_20241031_093321-138x300.jpg 138w, https:\/\/sentiers05.fr\/wp-content\/uploads\/2024\/11\/IMG_20241031_093321-707x1536.jpg 707w, https:\/\/sentiers05.fr\/wp-content\/uploads\/2024\/11\/IMG_20241031_093321-942x2048.jpg 942w, https:\/\/sentiers05.fr\/wp-content\/uploads\/2024\/11\/IMG_20241031_093321-1200x2609.jpg 1200w, https:\/\/sentiers05.fr\/wp-content\/uploads\/2024\/11\/IMG_20241031_093321-scaled.jpg 1178w\" sizes=\"auto, (max-width: 269px) 85vw, 269px\" \/><\/figure>\n\n\n\n<figure class=\"wp-block-image size-large\"><img loading=\"lazy\" decoding=\"async\" width=\"438\" height=\"584\" data-id=\"10503\" src=\"https:\/\/sentiers05.fr\/wp-content\/uploads\/2024\/11\/03-438x584.jpg\" alt=\"\" class=\"wp-image-10503\" srcset=\"https:\/\/sentiers05.fr\/wp-content\/uploads\/2024\/11\/03-438x584.jpg 438w, https:\/\/sentiers05.fr\/wp-content\/uploads\/2024\/11\/03-225x300.jpg 225w, https:\/\/sentiers05.fr\/wp-content\/uploads\/2024\/11\/03-1152x1536.jpg 1152w, https:\/\/sentiers05.fr\/wp-content\/uploads\/2024\/11\/03-1536x2048.jpg 1536w, https:\/\/sentiers05.fr\/wp-content\/uploads\/2024\/11\/03-1200x1600.jpg 1200w, https:\/\/sentiers05.fr\/wp-content\/uploads\/2024\/11\/03-scaled.jpg 1920w\" sizes=\"auto, (max-width: 438px) 85vw, 438px\" \/><\/figure>\n<\/figure>\n\n\n\n<p>Nous progressons tranquillement dans le sous-bois, puis dans une large prairie (recouverte au printemps de narcisses) et atteignons un carrefour au lieu-dit \u00ab\u00a0Balcon de l&rsquo;Oussella\u00a0\u00bb.<\/p>\n\n\n\n<figure class=\"wp-block-gallery has-nested-images columns-default is-cropped wp-block-gallery-3 is-layout-flex wp-block-gallery-is-layout-flex\">\n<figure class=\"wp-block-image size-large\"><img loading=\"lazy\" decoding=\"async\" width=\"438\" height=\"584\" data-id=\"10506\" src=\"https:\/\/sentiers05.fr\/wp-content\/uploads\/2024\/11\/06-438x584.jpg\" alt=\"\" class=\"wp-image-10506\" srcset=\"https:\/\/sentiers05.fr\/wp-content\/uploads\/2024\/11\/06-438x584.jpg 438w, https:\/\/sentiers05.fr\/wp-content\/uploads\/2024\/11\/06-225x300.jpg 225w, https:\/\/sentiers05.fr\/wp-content\/uploads\/2024\/11\/06-1152x1536.jpg 1152w, https:\/\/sentiers05.fr\/wp-content\/uploads\/2024\/11\/06-1536x2048.jpg 1536w, https:\/\/sentiers05.fr\/wp-content\/uploads\/2024\/11\/06-1200x1600.jpg 1200w, https:\/\/sentiers05.fr\/wp-content\/uploads\/2024\/11\/06-scaled.jpg 1920w\" sizes=\"auto, (max-width: 438px) 85vw, 438px\" \/><\/figure>\n\n\n\n<figure class=\"wp-block-image size-large\"><img loading=\"lazy\" decoding=\"async\" width=\"438\" height=\"584\" data-id=\"10507\" src=\"https:\/\/sentiers05.fr\/wp-content\/uploads\/2024\/11\/07-438x584.jpg\" alt=\"\" class=\"wp-image-10507\" srcset=\"https:\/\/sentiers05.fr\/wp-content\/uploads\/2024\/11\/07-438x584.jpg 438w, https:\/\/sentiers05.fr\/wp-content\/uploads\/2024\/11\/07-225x300.jpg 225w, https:\/\/sentiers05.fr\/wp-content\/uploads\/2024\/11\/07-1152x1536.jpg 1152w, https:\/\/sentiers05.fr\/wp-content\/uploads\/2024\/11\/07-1536x2048.jpg 1536w, https:\/\/sentiers05.fr\/wp-content\/uploads\/2024\/11\/07-1200x1600.jpg 1200w, https:\/\/sentiers05.fr\/wp-content\/uploads\/2024\/11\/07-scaled.jpg 1920w\" sizes=\"auto, (max-width: 438px) 85vw, 438px\" \/><\/figure>\n\n\n\n<figure class=\"wp-block-image size-large\"><img loading=\"lazy\" decoding=\"async\" width=\"584\" height=\"438\" data-id=\"10509\" src=\"https:\/\/sentiers05.fr\/wp-content\/uploads\/2024\/11\/09-584x438.jpg\" alt=\"\" class=\"wp-image-10509\" srcset=\"https:\/\/sentiers05.fr\/wp-content\/uploads\/2024\/11\/09-584x438.jpg 584w, https:\/\/sentiers05.fr\/wp-content\/uploads\/2024\/11\/09-300x225.jpg 300w, https:\/\/sentiers05.fr\/wp-content\/uploads\/2024\/11\/09-1536x1152.jpg 1536w, https:\/\/sentiers05.fr\/wp-content\/uploads\/2024\/11\/09-2048x1536.jpg 2048w, https:\/\/sentiers05.fr\/wp-content\/uploads\/2024\/11\/09-1200x900.jpg 1200w\" sizes=\"auto, (max-width: 584px) 85vw, 584px\" \/><\/figure>\n<\/figure>\n\n\n\n<p>De l\u00e0, nous bifurquons \u00e0 gauche pour entreprendre l&rsquo;ascension vers notre objectif.<\/p>\n\n\n\n<figure class=\"wp-block-gallery has-nested-images columns-default is-cropped wp-block-gallery-4 is-layout-flex wp-block-gallery-is-layout-flex\">\n<figure class=\"wp-block-image size-large\"><img loading=\"lazy\" decoding=\"async\" width=\"584\" height=\"269\" data-id=\"10534\" src=\"https:\/\/sentiers05.fr\/wp-content\/uploads\/2024\/11\/IMG_20241031_102122-584x269.jpg\" alt=\"\" class=\"wp-image-10534\" srcset=\"https:\/\/sentiers05.fr\/wp-content\/uploads\/2024\/11\/IMG_20241031_102122-584x269.jpg 584w, https:\/\/sentiers05.fr\/wp-content\/uploads\/2024\/11\/IMG_20241031_102122-300x138.jpg 300w, https:\/\/sentiers05.fr\/wp-content\/uploads\/2024\/11\/IMG_20241031_102122-1536x707.jpg 1536w, https:\/\/sentiers05.fr\/wp-content\/uploads\/2024\/11\/IMG_20241031_102122-2048x942.jpg 2048w, https:\/\/sentiers05.fr\/wp-content\/uploads\/2024\/11\/IMG_20241031_102122-1200x552.jpg 1200w\" sizes=\"auto, (max-width: 584px) 85vw, 584px\" \/><\/figure>\n\n\n\n<figure class=\"wp-block-image size-large\"><img loading=\"lazy\" decoding=\"async\" width=\"584\" height=\"269\" data-id=\"10539\" src=\"https:\/\/sentiers05.fr\/wp-content\/uploads\/2024\/11\/IMG_20241031_122953-584x269.jpg\" alt=\"\" class=\"wp-image-10539\" srcset=\"https:\/\/sentiers05.fr\/wp-content\/uploads\/2024\/11\/IMG_20241031_122953-584x269.jpg 584w, https:\/\/sentiers05.fr\/wp-content\/uploads\/2024\/11\/IMG_20241031_122953-300x138.jpg 300w, https:\/\/sentiers05.fr\/wp-content\/uploads\/2024\/11\/IMG_20241031_122953-1536x707.jpg 1536w, https:\/\/sentiers05.fr\/wp-content\/uploads\/2024\/11\/IMG_20241031_122953-2048x942.jpg 2048w, https:\/\/sentiers05.fr\/wp-content\/uploads\/2024\/11\/IMG_20241031_122953-1200x552.jpg 1200w\" sizes=\"auto, (max-width: 584px) 85vw, 584px\" \/><\/figure>\n\n\n\n<figure class=\"wp-block-image size-large\"><img loading=\"lazy\" decoding=\"async\" width=\"584\" height=\"438\" data-id=\"10513\" src=\"https:\/\/sentiers05.fr\/wp-content\/uploads\/2024\/11\/14-584x438.jpg\" alt=\"\" class=\"wp-image-10513\" srcset=\"https:\/\/sentiers05.fr\/wp-content\/uploads\/2024\/11\/14-584x438.jpg 584w, https:\/\/sentiers05.fr\/wp-content\/uploads\/2024\/11\/14-300x225.jpg 300w, https:\/\/sentiers05.fr\/wp-content\/uploads\/2024\/11\/14-1536x1152.jpg 1536w, https:\/\/sentiers05.fr\/wp-content\/uploads\/2024\/11\/14-2048x1536.jpg 2048w, https:\/\/sentiers05.fr\/wp-content\/uploads\/2024\/11\/14-1200x900.jpg 1200w\" sizes=\"auto, (max-width: 584px) 85vw, 584px\" \/><\/figure>\n<\/figure>\n\n\n\n<p>Le parcours conjugue mont\u00e9es raides, chemin en balcon (pour r\u00e9cup\u00e9rer) et atteindre le cairn sommital.<\/p>\n\n\n\n<figure class=\"wp-block-gallery has-nested-images columns-default is-cropped wp-block-gallery-5 is-layout-flex wp-block-gallery-is-layout-flex\">\n<figure class=\"wp-block-image size-large\"><img loading=\"lazy\" decoding=\"async\" width=\"584\" height=\"269\" data-id=\"10537\" src=\"https:\/\/sentiers05.fr\/wp-content\/uploads\/2024\/11\/IMG_20241031_114434-584x269.jpg\" alt=\"\" class=\"wp-image-10537\" srcset=\"https:\/\/sentiers05.fr\/wp-content\/uploads\/2024\/11\/IMG_20241031_114434-584x269.jpg 584w, https:\/\/sentiers05.fr\/wp-content\/uploads\/2024\/11\/IMG_20241031_114434-300x138.jpg 300w, https:\/\/sentiers05.fr\/wp-content\/uploads\/2024\/11\/IMG_20241031_114434-1536x707.jpg 1536w, https:\/\/sentiers05.fr\/wp-content\/uploads\/2024\/11\/IMG_20241031_114434-2048x942.jpg 2048w, https:\/\/sentiers05.fr\/wp-content\/uploads\/2024\/11\/IMG_20241031_114434-1200x552.jpg 1200w\" sizes=\"auto, (max-width: 584px) 85vw, 584px\" \/><\/figure>\n\n\n\n<figure class=\"wp-block-image size-large\"><img loading=\"lazy\" decoding=\"async\" width=\"584\" height=\"269\" data-id=\"10538\" src=\"https:\/\/sentiers05.fr\/wp-content\/uploads\/2024\/11\/IMG_20241031_122432-584x269.jpg\" alt=\"\" class=\"wp-image-10538\" srcset=\"https:\/\/sentiers05.fr\/wp-content\/uploads\/2024\/11\/IMG_20241031_122432-584x269.jpg 584w, https:\/\/sentiers05.fr\/wp-content\/uploads\/2024\/11\/IMG_20241031_122432-300x138.jpg 300w, https:\/\/sentiers05.fr\/wp-content\/uploads\/2024\/11\/IMG_20241031_122432-1536x709.jpg 1536w, https:\/\/sentiers05.fr\/wp-content\/uploads\/2024\/11\/IMG_20241031_122432-2048x945.jpg 2048w, https:\/\/sentiers05.fr\/wp-content\/uploads\/2024\/11\/IMG_20241031_122432-1200x554.jpg 1200w\" sizes=\"auto, (max-width: 584px) 85vw, 584px\" \/><\/figure>\n\n\n\n<figure class=\"wp-block-image size-large\"><img loading=\"lazy\" decoding=\"async\" width=\"269\" height=\"584\" data-id=\"10543\" src=\"https:\/\/sentiers05.fr\/wp-content\/uploads\/2024\/11\/IMG_20241031_123659-269x584.jpg\" alt=\"\" class=\"wp-image-10543\" srcset=\"https:\/\/sentiers05.fr\/wp-content\/uploads\/2024\/11\/IMG_20241031_123659-269x584.jpg 269w, https:\/\/sentiers05.fr\/wp-content\/uploads\/2024\/11\/IMG_20241031_123659-138x300.jpg 138w, https:\/\/sentiers05.fr\/wp-content\/uploads\/2024\/11\/IMG_20241031_123659-707x1536.jpg 707w, https:\/\/sentiers05.fr\/wp-content\/uploads\/2024\/11\/IMG_20241031_123659-942x2048.jpg 942w, https:\/\/sentiers05.fr\/wp-content\/uploads\/2024\/11\/IMG_20241031_123659-1200x2609.jpg 1200w, https:\/\/sentiers05.fr\/wp-content\/uploads\/2024\/11\/IMG_20241031_123659-scaled.jpg 1178w\" sizes=\"auto, (max-width: 269px) 85vw, 269px\" \/><\/figure>\n<\/figure>\n\n\n\n<p>Tout le long, nous admirons les diff\u00e9rents paysages : les m\u00e9l\u00e8zes en feu et les sommets qui nous entourent.<\/p>\n\n\n\n<figure class=\"wp-block-gallery has-nested-images columns-default is-cropped wp-block-gallery-6 is-layout-flex wp-block-gallery-is-layout-flex\">\n<figure class=\"wp-block-image size-large\"><img loading=\"lazy\" decoding=\"async\" width=\"438\" height=\"584\" data-id=\"10515\" src=\"https:\/\/sentiers05.fr\/wp-content\/uploads\/2024\/11\/16-438x584.jpg\" alt=\"\" class=\"wp-image-10515\" srcset=\"https:\/\/sentiers05.fr\/wp-content\/uploads\/2024\/11\/16-438x584.jpg 438w, https:\/\/sentiers05.fr\/wp-content\/uploads\/2024\/11\/16-225x300.jpg 225w, https:\/\/sentiers05.fr\/wp-content\/uploads\/2024\/11\/16-1152x1536.jpg 1152w, https:\/\/sentiers05.fr\/wp-content\/uploads\/2024\/11\/16-1536x2048.jpg 1536w, https:\/\/sentiers05.fr\/wp-content\/uploads\/2024\/11\/16-1200x1600.jpg 1200w, https:\/\/sentiers05.fr\/wp-content\/uploads\/2024\/11\/16-scaled.jpg 1920w\" sizes=\"auto, (max-width: 438px) 85vw, 438px\" \/><\/figure>\n\n\n\n<figure class=\"wp-block-image size-large\"><img loading=\"lazy\" decoding=\"async\" width=\"584\" height=\"438\" data-id=\"10520\" src=\"https:\/\/sentiers05.fr\/wp-content\/uploads\/2024\/11\/21-584x438.jpg\" alt=\"\" class=\"wp-image-10520\" srcset=\"https:\/\/sentiers05.fr\/wp-content\/uploads\/2024\/11\/21-584x438.jpg 584w, https:\/\/sentiers05.fr\/wp-content\/uploads\/2024\/11\/21-300x225.jpg 300w, https:\/\/sentiers05.fr\/wp-content\/uploads\/2024\/11\/21-1536x1152.jpg 1536w, https:\/\/sentiers05.fr\/wp-content\/uploads\/2024\/11\/21-2048x1536.jpg 2048w, https:\/\/sentiers05.fr\/wp-content\/uploads\/2024\/11\/21-1200x900.jpg 1200w\" sizes=\"auto, (max-width: 584px) 85vw, 584px\" \/><\/figure>\n\n\n\n<figure class=\"wp-block-image size-large\"><img loading=\"lazy\" decoding=\"async\" width=\"584\" height=\"269\" data-id=\"10537\" src=\"https:\/\/sentiers05.fr\/wp-content\/uploads\/2024\/11\/IMG_20241031_114434-584x269.jpg\" alt=\"\" class=\"wp-image-10537\" srcset=\"https:\/\/sentiers05.fr\/wp-content\/uploads\/2024\/11\/IMG_20241031_114434-584x269.jpg 584w, https:\/\/sentiers05.fr\/wp-content\/uploads\/2024\/11\/IMG_20241031_114434-300x138.jpg 300w, https:\/\/sentiers05.fr\/wp-content\/uploads\/2024\/11\/IMG_20241031_114434-1536x707.jpg 1536w, https:\/\/sentiers05.fr\/wp-content\/uploads\/2024\/11\/IMG_20241031_114434-2048x942.jpg 2048w, https:\/\/sentiers05.fr\/wp-content\/uploads\/2024\/11\/IMG_20241031_114434-1200x552.jpg 1200w\" sizes=\"auto, (max-width: 584px) 85vw, 584px\" \/><\/figure>\n<\/figure>\n\n\n\n<p>Apr\u00e8s le pique-nique, nous  commen\u00e7ons la descente jusqu&rsquo;\u00e0 l&rsquo;Oussella.<\/p>\n\n\n\n<p>Nous partons maintenant sur la gauche o\u00f9 le chemin bien trac\u00e9 nous ram\u00e8ne au point de d\u00e9part.<\/p>\n\n\n\n<figure class=\"wp-block-gallery has-nested-images columns-default is-cropped wp-block-gallery-7 is-layout-flex wp-block-gallery-is-layout-flex\">\n<figure class=\"wp-block-image size-large\"><img loading=\"lazy\" decoding=\"async\" width=\"584\" height=\"269\" data-id=\"10546\" src=\"https:\/\/sentiers05.fr\/wp-content\/uploads\/2024\/11\/IMG_20241031_155055-584x269.jpg\" alt=\"\" class=\"wp-image-10546\" srcset=\"https:\/\/sentiers05.fr\/wp-content\/uploads\/2024\/11\/IMG_20241031_155055-584x269.jpg 584w, https:\/\/sentiers05.fr\/wp-content\/uploads\/2024\/11\/IMG_20241031_155055-300x138.jpg 300w, https:\/\/sentiers05.fr\/wp-content\/uploads\/2024\/11\/IMG_20241031_155055-1536x707.jpg 1536w, https:\/\/sentiers05.fr\/wp-content\/uploads\/2024\/11\/IMG_20241031_155055-2048x942.jpg 2048w, https:\/\/sentiers05.fr\/wp-content\/uploads\/2024\/11\/IMG_20241031_155055-1200x552.jpg 1200w\" sizes=\"auto, (max-width: 584px) 85vw, 584px\" \/><\/figure>\n\n\n\n<figure class=\"wp-block-image size-large\"><img loading=\"lazy\" decoding=\"async\" width=\"584\" height=\"269\" data-id=\"10547\" src=\"https:\/\/sentiers05.fr\/wp-content\/uploads\/2024\/11\/IMG_20241031_155254-584x269.jpg\" alt=\"\" class=\"wp-image-10547\" srcset=\"https:\/\/sentiers05.fr\/wp-content\/uploads\/2024\/11\/IMG_20241031_155254-584x269.jpg 584w, https:\/\/sentiers05.fr\/wp-content\/uploads\/2024\/11\/IMG_20241031_155254-300x138.jpg 300w, https:\/\/sentiers05.fr\/wp-content\/uploads\/2024\/11\/IMG_20241031_155254-1536x707.jpg 1536w, https:\/\/sentiers05.fr\/wp-content\/uploads\/2024\/11\/IMG_20241031_155254-2048x942.jpg 2048w, https:\/\/sentiers05.fr\/wp-content\/uploads\/2024\/11\/IMG_20241031_155254-1200x552.jpg 1200w\" sizes=\"auto, (max-width: 584px) 85vw, 584px\" \/><\/figure>\n\n\n\n<figure class=\"wp-block-image size-large\"><img loading=\"lazy\" decoding=\"async\" width=\"584\" height=\"269\" data-id=\"10525\" src=\"https:\/\/sentiers05.fr\/wp-content\/uploads\/2024\/11\/IMG_20241031_091645-584x269.jpg\" alt=\"\" class=\"wp-image-10525\" srcset=\"https:\/\/sentiers05.fr\/wp-content\/uploads\/2024\/11\/IMG_20241031_091645-584x269.jpg 584w, https:\/\/sentiers05.fr\/wp-content\/uploads\/2024\/11\/IMG_20241031_091645-300x138.jpg 300w, https:\/\/sentiers05.fr\/wp-content\/uploads\/2024\/11\/IMG_20241031_091645-1536x707.jpg 1536w, https:\/\/sentiers05.fr\/wp-content\/uploads\/2024\/11\/IMG_20241031_091645-2048x942.jpg 2048w, https:\/\/sentiers05.fr\/wp-content\/uploads\/2024\/11\/IMG_20241031_091645-1200x552.jpg 1200w\" sizes=\"auto, (max-width: 584px) 85vw, 584px\" \/><\/figure>\n<\/figure>\n\n\n\n<p>Tr\u00e8s belle rando sous le ciel bleu des Hautes Alpes.<\/p>\n\n\n\n<p>Parcours de 10,5 km pour un d\u00e9nivel\u00e9 de 900 m et 6 heures de marche.<\/p>\n","protected":false},"excerpt":{"rendered":"<p>Apr\u00e8s une annulation pour terrain glissant, nous sommes 10 \u00e0 r\u00e9pondre pr\u00e9sents pour la mont\u00e9e \u00e0 la quille. Le d\u00e9part se fait au hameau \u00ab\u00a0les Gourniers\u00a0\u00bb apr\u00e8s le village de R\u00e9allon. Premi\u00e8re pause pour admirer \u00ab\u00a0les marmites du g\u00e9ant\u00a0\u00bb, grandes bassines au pied d&rsquo;une chute du torrent.<\/p>\n","protected":false},"author":8,"featured_media":10536,"comment_status":"closed","ping_status":"open","sticky":false,"template":"","format":"standard","meta":{"footnotes":""},"categories":[3],"tags":[],"class_list":["post-10497","post","type-post","status-publish","format-standard","has-post-thumbnail","hentry","category-randonnee-pedestre"],"_links":{"self":[{"href":"https:\/\/sentiers05.fr\/index.php\/wp-json\/wp\/v2\/posts\/10497","targetHints":{"allow":["GET"]}}],"collection":[{"href":"https:\/\/sentiers05.fr\/index.php\/wp-json\/wp\/v2\/posts"}],"about":[{"href":"https:\/\/sentiers05.fr\/index.php\/wp-json\/wp\/v2\/types\/post"}],"author":[{"embeddable":true,"href":"https:\/\/sentiers05.fr\/index.php\/wp-json\/wp\/v2\/users\/8"}],"replies":[{"embeddable":true,"href":"https:\/\/sentiers05.fr\/index.php\/wp-json\/wp\/v2\/comments?post=10497"}],"version-history":[{"count":9,"href":"https:\/\/sentiers05.fr\/index.php\/wp-json\/wp\/v2\/posts\/10497\/revisions"}],"predecessor-version":[{"id":10556,"href":"https:\/\/sentiers05.fr\/index.php\/wp-json\/wp\/v2\/posts\/10497\/revisions\/10556"}],"wp:featuredmedia":[{"embeddable":true,"href":"https:\/\/sentiers05.fr\/index.php\/wp-json\/wp\/v2\/media\/10536"}],"wp:attachment":[{"href":"https:\/\/sentiers05.fr\/index.php\/wp-json\/wp\/v2\/media?parent=10497"}],"wp:term":[{"taxonomy":"category","embeddable":true,"href":"https:\/\/sentiers05.fr\/index.php\/wp-json\/wp\/v2\/categories?post=10497"},{"taxonomy":"post_tag","embeddable":true,"href":"https:\/\/sentiers05.fr\/index.php\/wp-json\/wp\/v2\/tags?post=10497"}],"curies":[{"name":"wp","href":"https:\/\/api.w.org\/{rel}","templated":true}]}}