{"id":10287,"date":"2024-09-29T07:24:43","date_gmt":"2024-09-29T07:24:43","guid":{"rendered":"https:\/\/sentiers05.fr\/?p=10287"},"modified":"2024-11-12T05:56:36","modified_gmt":"2024-11-12T05:56:36","slug":"tete-de-clappe","status":"publish","type":"post","link":"https:\/\/sentiers05.fr\/index.php\/2024\/09\/29\/tete-de-clappe\/","title":{"rendered":"T\u00eate de Clappe"},"content":{"rendered":"\n<p>5 km &#8211; 6h &#8211; d\u00e9niv 900 m (1000 m&nbsp; cumul) &#8211; Difficile (quelques passages sur cr\u00eate effil\u00e9e)<\/p>\n\n\n\n<p>Nous voici 3 personnes au d\u00e9part (des d\u00e9sistements de derni\u00e8re minute&#8230;). Une belle journ\u00e9e s&rsquo;annonce avec une belle luminosit\u00e9 et une vue qui nous permet de voir les sommets d\u00e9j\u00e0 saupoudr\u00e9s de sucre glace les plus lointains.<\/p>\n\n\n\n<figure class=\"wp-block-image size-large\"><img loading=\"lazy\" decoding=\"async\" width=\"584\" height=\"262\" src=\"https:\/\/sentiers05.fr\/wp-content\/uploads\/2024\/10\/IMG_20240929_105329-584x262.jpg\" alt=\"\" class=\"wp-image-10290\" srcset=\"https:\/\/sentiers05.fr\/wp-content\/uploads\/2024\/10\/IMG_20240929_105329-584x262.jpg 584w, https:\/\/sentiers05.fr\/wp-content\/uploads\/2024\/10\/IMG_20240929_105329-300x135.jpg 300w, https:\/\/sentiers05.fr\/wp-content\/uploads\/2024\/10\/IMG_20240929_105329-1536x690.jpg 1536w, https:\/\/sentiers05.fr\/wp-content\/uploads\/2024\/10\/IMG_20240929_105329-2048x920.jpg 2048w, https:\/\/sentiers05.fr\/wp-content\/uploads\/2024\/10\/IMG_20240929_105329-1200x539.jpg 1200w\" sizes=\"auto, (max-width: 584px) 85vw, 584px\" \/><\/figure>\n\n\n\n<figure class=\"wp-block-image size-large\"><img loading=\"lazy\" decoding=\"async\" width=\"584\" height=\"319\" src=\"https:\/\/sentiers05.fr\/wp-content\/uploads\/2024\/09\/Profil-Tete-de-Clappe-584x319.jpg\" alt=\"\" class=\"wp-image-10563\" srcset=\"https:\/\/sentiers05.fr\/wp-content\/uploads\/2024\/09\/Profil-Tete-de-Clappe-584x319.jpg 584w, https:\/\/sentiers05.fr\/wp-content\/uploads\/2024\/09\/Profil-Tete-de-Clappe-300x164.jpg 300w, https:\/\/sentiers05.fr\/wp-content\/uploads\/2024\/09\/Profil-Tete-de-Clappe.jpg 718w\" sizes=\"auto, (max-width: 584px) 85vw, 584px\" \/><\/figure>\n\n\n\n<!--more-->\n\n\n\n<p>Nous laissons un v\u00e9hicule au parking du virage et continuons jusqu&rsquo;au parking situ\u00e9 juste apr\u00e8s le lac de Peyssier. Nous commen\u00e7ons la mont\u00e9e sur cette piste caillouteuse que nous quittons ensuite pour un sentier en surplomb bien plus agr\u00e9able. Le panorama commence \u00e0 se d\u00e9ployer pour nous ravir&#8230; La Cr\u00e8te atteinte, nous faisant une pause contemplative: la vue bascule sur Rabou et le pied du Pic de Bure.<\/p>\n\n\n\n<div class=\"wp-block-columns is-layout-flex wp-container-core-columns-is-layout-9d6595d7 wp-block-columns-is-layout-flex\">\n<div class=\"wp-block-column is-layout-flow wp-block-column-is-layout-flow\">\n<figure class=\"wp-block-image size-large\"><img loading=\"lazy\" decoding=\"async\" width=\"262\" height=\"584\" src=\"https:\/\/sentiers05.fr\/wp-content\/uploads\/2024\/10\/IMG_20240929_102313-262x584.jpg\" alt=\"\" class=\"wp-image-10291\" srcset=\"https:\/\/sentiers05.fr\/wp-content\/uploads\/2024\/10\/IMG_20240929_102313-262x584.jpg 262w, https:\/\/sentiers05.fr\/wp-content\/uploads\/2024\/10\/IMG_20240929_102313-135x300.jpg 135w, https:\/\/sentiers05.fr\/wp-content\/uploads\/2024\/10\/IMG_20240929_102313-690x1536.jpg 690w, https:\/\/sentiers05.fr\/wp-content\/uploads\/2024\/10\/IMG_20240929_102313-920x2048.jpg 920w, https:\/\/sentiers05.fr\/wp-content\/uploads\/2024\/10\/IMG_20240929_102313-1200x2671.jpg 1200w, https:\/\/sentiers05.fr\/wp-content\/uploads\/2024\/10\/IMG_20240929_102313-scaled.jpg 1150w\" sizes=\"auto, (max-width: 262px) 85vw, 262px\" \/><\/figure>\n<\/div>\n\n\n\n<div class=\"wp-block-column is-layout-flow wp-block-column-is-layout-flow\">\n<p><\/p>\n\n\n\n<p>Nous commen\u00e7ons tranquillement \u00e0 la suivre, sur un sentier bien trac\u00e9, puis apr\u00e8s un passage plus d\u00e9licat, nous arrivons au Pic des Roux.<\/p>\n<\/div>\n\n\n\n<div class=\"wp-block-column is-layout-flow wp-block-column-is-layout-flow\">\n<figure class=\"wp-block-image size-large\"><img loading=\"lazy\" decoding=\"async\" width=\"262\" height=\"584\" src=\"https:\/\/sentiers05.fr\/wp-content\/uploads\/2024\/10\/IMG_20240929_103233-262x584.jpg\" alt=\"\" class=\"wp-image-10292\" srcset=\"https:\/\/sentiers05.fr\/wp-content\/uploads\/2024\/10\/IMG_20240929_103233-262x584.jpg 262w, https:\/\/sentiers05.fr\/wp-content\/uploads\/2024\/10\/IMG_20240929_103233-135x300.jpg 135w, https:\/\/sentiers05.fr\/wp-content\/uploads\/2024\/10\/IMG_20240929_103233-690x1536.jpg 690w, https:\/\/sentiers05.fr\/wp-content\/uploads\/2024\/10\/IMG_20240929_103233-920x2048.jpg 920w, https:\/\/sentiers05.fr\/wp-content\/uploads\/2024\/10\/IMG_20240929_103233-1200x2671.jpg 1200w, https:\/\/sentiers05.fr\/wp-content\/uploads\/2024\/10\/IMG_20240929_103233-scaled.jpg 1150w\" sizes=\"auto, (max-width: 262px) 85vw, 262px\" \/><\/figure>\n<\/div>\n<\/div>\n\n\n\n<p><\/p>\n\n\n\n<p>La descente nous ram\u00e8ne au col des Roux ou o\u00f9 nous retrouvons les Cabrettes et la Fortube, cabane des b\u00fbcherons-cablistes, reconstruite par un amoureux du patrimoine local.&nbsp;<\/p>\n\n\n\n<figure class=\"wp-block-image size-large\"><img loading=\"lazy\" decoding=\"async\" width=\"584\" height=\"263\" src=\"https:\/\/sentiers05.fr\/wp-content\/uploads\/2024\/10\/IMG_20240929_112733-584x263.jpg\" alt=\"\" class=\"wp-image-10294\" srcset=\"https:\/\/sentiers05.fr\/wp-content\/uploads\/2024\/10\/IMG_20240929_112733-584x263.jpg 584w, https:\/\/sentiers05.fr\/wp-content\/uploads\/2024\/10\/IMG_20240929_112733-300x135.jpg 300w, https:\/\/sentiers05.fr\/wp-content\/uploads\/2024\/10\/IMG_20240929_112733-1536x693.jpg 1536w, https:\/\/sentiers05.fr\/wp-content\/uploads\/2024\/10\/IMG_20240929_112733-2048x924.jpg 2048w, https:\/\/sentiers05.fr\/wp-content\/uploads\/2024\/10\/IMG_20240929_112733-1200x541.jpg 1200w\" sizes=\"auto, (max-width: 584px) 85vw, 584px\" \/><\/figure>\n\n\n\n<p>L&rsquo;imposant Pic de Bure nous parraine tout au long de la cr\u00eate que nous continuons \u00e0 suivre jusqu&rsquo;\u00e0 retrouver les trois majestueux cairns de la cime de la Clappe.<\/p>\n\n\n\n<figure class=\"wp-block-image size-large\"><img loading=\"lazy\" decoding=\"async\" width=\"584\" height=\"262\" src=\"https:\/\/sentiers05.fr\/wp-content\/uploads\/2024\/10\/IMG_20240929_112520-584x262.jpg\" alt=\"\" class=\"wp-image-10295\" srcset=\"https:\/\/sentiers05.fr\/wp-content\/uploads\/2024\/10\/IMG_20240929_112520-584x262.jpg 584w, https:\/\/sentiers05.fr\/wp-content\/uploads\/2024\/10\/IMG_20240929_112520-300x135.jpg 300w, https:\/\/sentiers05.fr\/wp-content\/uploads\/2024\/10\/IMG_20240929_112520-1536x690.jpg 1536w, https:\/\/sentiers05.fr\/wp-content\/uploads\/2024\/10\/IMG_20240929_112520-2048x920.jpg 2048w, https:\/\/sentiers05.fr\/wp-content\/uploads\/2024\/10\/IMG_20240929_112520-1200x539.jpg 1200w\" sizes=\"auto, (max-width: 584px) 85vw, 584px\" \/><\/figure>\n\n\n\n<p>Le le panorama se d\u00e9ploie entre le contrefort du D\u00e9voluy et C\u00e9\u00fcse en face, \u00e0 l&rsquo; ouest le Veynois jusqu&rsquo;au Durbonas, le Mont Ventoux au loin au Sud et le champsaur et les \u00e9crins en fond d&rsquo;\u00e9cran \u00e0 l&rsquo;Est&#8230; Jusqu&rsquo;aux sommets du Queyras&#8230; Une belle terrasse pour notre casse-cro\u00fbte&#8230;<\/p>\n\n\n\n<div class=\"wp-block-columns is-layout-flex wp-container-core-columns-is-layout-9d6595d7 wp-block-columns-is-layout-flex\">\n<div class=\"wp-block-column is-layout-flow wp-block-column-is-layout-flow\">\n<figure class=\"wp-block-image size-large\"><img loading=\"lazy\" decoding=\"async\" width=\"584\" height=\"262\" src=\"https:\/\/sentiers05.fr\/wp-content\/uploads\/2024\/10\/IMG_20240929_120342-584x262.jpg\" alt=\"\" class=\"wp-image-10296\" srcset=\"https:\/\/sentiers05.fr\/wp-content\/uploads\/2024\/10\/IMG_20240929_120342-584x262.jpg 584w, https:\/\/sentiers05.fr\/wp-content\/uploads\/2024\/10\/IMG_20240929_120342-300x135.jpg 300w, https:\/\/sentiers05.fr\/wp-content\/uploads\/2024\/10\/IMG_20240929_120342-1536x690.jpg 1536w, https:\/\/sentiers05.fr\/wp-content\/uploads\/2024\/10\/IMG_20240929_120342-2048x920.jpg 2048w, https:\/\/sentiers05.fr\/wp-content\/uploads\/2024\/10\/IMG_20240929_120342-1200x539.jpg 1200w\" sizes=\"auto, (max-width: 584px) 85vw, 584px\" \/><\/figure>\n<\/div>\n\n\n\n<div class=\"wp-block-column is-layout-flow wp-block-column-is-layout-flow\">\n<figure class=\"wp-block-image size-large\"><img loading=\"lazy\" decoding=\"async\" width=\"584\" height=\"263\" src=\"https:\/\/sentiers05.fr\/wp-content\/uploads\/2024\/10\/IMG_20240929_120445-584x263.jpg\" alt=\"\" class=\"wp-image-10297\" srcset=\"https:\/\/sentiers05.fr\/wp-content\/uploads\/2024\/10\/IMG_20240929_120445-584x263.jpg 584w, https:\/\/sentiers05.fr\/wp-content\/uploads\/2024\/10\/IMG_20240929_120445-300x135.jpg 300w, https:\/\/sentiers05.fr\/wp-content\/uploads\/2024\/10\/IMG_20240929_120445-1536x693.jpg 1536w, https:\/\/sentiers05.fr\/wp-content\/uploads\/2024\/10\/IMG_20240929_120445-2048x924.jpg 2048w, https:\/\/sentiers05.fr\/wp-content\/uploads\/2024\/10\/IMG_20240929_120445-1200x541.jpg 1200w\" sizes=\"auto, (max-width: 584px) 85vw, 584px\" \/><\/figure>\n<\/div>\n<\/div>\n\n\n\n<p>Nous reprenons le cours de la rando et celui de la cr\u00eate qui redescend jusqu&rsquo;au col de Garcinel. Nous rejoignons la piste qui nous ram\u00e8ne au col de Vente-Cul. Il nous faut remonter un peu jusqu&rsquo;\u00e0 la t\u00eate du m\u00eame nom pour ensuite redescendre jusqu&rsquo;\u00e0 la piste qui nous ram\u00e8ne \u00e0 la premi\u00e8re voiture.&nbsp;<\/p>\n\n\n\n<p>C&rsquo;est une tr\u00e8s belle rando par sa cr\u00eate et son panorama continu, expos\u00e9 au soleil tout le long du parcours qu&rsquo;on aime refaire.&nbsp;<\/p>\n\n\n\n<p>Merci aux participants et \u00e0 bient\u00f4t !&#8230;<\/p>\n\n\n\n<figure class=\"wp-block-image size-large\"><img loading=\"lazy\" decoding=\"async\" width=\"584\" height=\"329\" src=\"https:\/\/sentiers05.fr\/wp-content\/uploads\/2024\/10\/Clappe-1-584x329.jpg\" alt=\"\" class=\"wp-image-10288\" srcset=\"https:\/\/sentiers05.fr\/wp-content\/uploads\/2024\/10\/Clappe-1-584x329.jpg 584w, https:\/\/sentiers05.fr\/wp-content\/uploads\/2024\/10\/Clappe-1-300x169.jpg 300w, https:\/\/sentiers05.fr\/wp-content\/uploads\/2024\/10\/Clappe-1-1536x864.jpg 1536w, https:\/\/sentiers05.fr\/wp-content\/uploads\/2024\/10\/Clappe-1-2048x1152.jpg 2048w, https:\/\/sentiers05.fr\/wp-content\/uploads\/2024\/10\/Clappe-1-1200x675.jpg 1200w\" sizes=\"auto, (max-width: 584px) 85vw, 584px\" \/><\/figure>\n\n\n\n<p> Texte et photos : Annie<\/p>\n\n\n\n<figure class=\"wp-block-image size-large\"><img loading=\"lazy\" decoding=\"async\" width=\"584\" height=\"443\" src=\"https:\/\/sentiers05.fr\/wp-content\/uploads\/2024\/09\/09-29-Clappe-Sentier-584x443.jpg\" alt=\"\" class=\"wp-image-10299\" srcset=\"https:\/\/sentiers05.fr\/wp-content\/uploads\/2024\/09\/09-29-Clappe-Sentier-584x443.jpg 584w, https:\/\/sentiers05.fr\/wp-content\/uploads\/2024\/09\/09-29-Clappe-Sentier-300x228.jpg 300w, https:\/\/sentiers05.fr\/wp-content\/uploads\/2024\/09\/09-29-Clappe-Sentier-1536x1165.jpg 1536w, https:\/\/sentiers05.fr\/wp-content\/uploads\/2024\/09\/09-29-Clappe-Sentier-2048x1554.jpg 2048w, https:\/\/sentiers05.fr\/wp-content\/uploads\/2024\/09\/09-29-Clappe-Sentier-1200x910.jpg 1200w\" sizes=\"auto, (max-width: 584px) 85vw, 584px\" \/><\/figure>\n","protected":false},"excerpt":{"rendered":"<p>5 km &#8211; 6h &#8211; d\u00e9niv 900 m (1000 m&nbsp; cumul) &#8211; Difficile (quelques passages sur cr\u00eate effil\u00e9e) Nous voici 3 personnes au d\u00e9part (des d\u00e9sistements de derni\u00e8re minute&#8230;). Une belle journ\u00e9e s&rsquo;annonce avec une belle luminosit\u00e9 et une vue qui nous permet de voir les sommets d\u00e9j\u00e0 saupoudr\u00e9s de sucre glace les plus lointains.<\/p>\n","protected":false},"author":20,"featured_media":0,"comment_status":"closed","ping_status":"open","sticky":false,"template":"","format":"standard","meta":{"footnotes":""},"categories":[3],"tags":[],"class_list":["post-10287","post","type-post","status-publish","format-standard","hentry","category-randonnee-pedestre"],"_links":{"self":[{"href":"https:\/\/sentiers05.fr\/index.php\/wp-json\/wp\/v2\/posts\/10287","targetHints":{"allow":["GET"]}}],"collection":[{"href":"https:\/\/sentiers05.fr\/index.php\/wp-json\/wp\/v2\/posts"}],"about":[{"href":"https:\/\/sentiers05.fr\/index.php\/wp-json\/wp\/v2\/types\/post"}],"author":[{"embeddable":true,"href":"https:\/\/sentiers05.fr\/index.php\/wp-json\/wp\/v2\/users\/20"}],"replies":[{"embeddable":true,"href":"https:\/\/sentiers05.fr\/index.php\/wp-json\/wp\/v2\/comments?post=10287"}],"version-history":[{"count":5,"href":"https:\/\/sentiers05.fr\/index.php\/wp-json\/wp\/v2\/posts\/10287\/revisions"}],"predecessor-version":[{"id":10564,"href":"https:\/\/sentiers05.fr\/index.php\/wp-json\/wp\/v2\/posts\/10287\/revisions\/10564"}],"wp:attachment":[{"href":"https:\/\/sentiers05.fr\/index.php\/wp-json\/wp\/v2\/media?parent=10287"}],"wp:term":[{"taxonomy":"category","embeddable":true,"href":"https:\/\/sentiers05.fr\/index.php\/wp-json\/wp\/v2\/categories?post=10287"},{"taxonomy":"post_tag","embeddable":true,"href":"https:\/\/sentiers05.fr\/index.php\/wp-json\/wp\/v2\/tags?post=10287"}],"curies":[{"name":"wp","href":"https:\/\/api.w.org\/{rel}","templated":true}]}}